{"id":10221,"date":"2022-08-07T00:05:00","date_gmt":"2022-08-07T00:05:00","guid":{"rendered":"https:\/\/www.cronicasliterarias.es\/?p=10221"},"modified":"2022-08-07T06:08:36","modified_gmt":"2022-08-07T06:08:36","slug":"resena-lena-integral-de-christin-pierre-y-andre-juillard","status":"publish","type":"post","link":"https:\/\/www.cronicasliterarias.es\/?p=10221","title":{"rendered":"Rese\u00f1a: LENA (Integral), de Christin Pierre y Andr\u00e9 Juillard"},"content":{"rendered":"<p align=\"JUSTIFY\"><img loading=\"lazy\" decoding=\"async\" class=\"alignright  wp-image-10231\" src=\"https:\/\/www.cronicasliterarias.es\/wp-content\/uploads\/2022\/08\/lena-782x1024.jpg\" alt=\"\" width=\"252\" height=\"330\" srcset=\"https:\/\/www.cronicasliterarias.es\/wp-content\/uploads\/2022\/08\/lena-782x1024.jpg 782w, https:\/\/www.cronicasliterarias.es\/wp-content\/uploads\/2022\/08\/lena-229x300.jpg 229w, https:\/\/www.cronicasliterarias.es\/wp-content\/uploads\/2022\/08\/lena-768x1006.jpg 768w, https:\/\/www.cronicasliterarias.es\/wp-content\/uploads\/2022\/08\/lena-1173x1536.jpg 1173w, https:\/\/www.cronicasliterarias.es\/wp-content\/uploads\/2022\/08\/lena.jpg 1197w\" sizes=\"auto, (max-width: 252px) 100vw, 252px\" \/>Hab\u00eda seguido la prepublicaci\u00f3n de <em>El largo viaje de Lena<\/em> en la revista <em>Bodo\u00ef<\/em> y reconozco que me aburr\u00ed leyendo esa historia. Ni siquiera me molest\u00e9 en terminar ese \u00e1lbum. Pero no s\u00e9\u2026 algo se encendi\u00f3 en m\u00ed de nuevo cuando vi que Norma Editorial publicaba en formato integral toda la obra y decid\u00ed que quiz\u00e1s algo no pude entender en su momento porque me constaba que las opiniones eran buenas sobre la obra de Christin Pierre y Andr\u00e9 Juillard.<\/p>\n<p align=\"JUSTIFY\">Y vino genial poner de nuevo la mejilla. Publicada muy apropiadamente en la colecci\u00f3n Long Courrier, de la famosa editorial Dargaud, me sedujo este largo y lento viaje de Lena cuando vi, sobre todo, todo lo que hab\u00eda m\u00e1s all\u00e1 de d\u00f3nde la hab\u00eda abandonado anteriormente. Una inmersi\u00f3n en un mundo de esp\u00edas, pero tambi\u00e9n una huida hacia adelante para alcanzar un pasado misterioso que, una vez revelado, provoca que entiendas la historia de otra forma. Y es que, como m\u00e1s o menos indico, el guionista se toma su tiempo para armar una trama a menudo compleja pero que va cuadrando a menudo que la obra se cierra con el paso de los \u00e1lbumes. De ah\u00ed lo esencial de hacerse con esta obra en formato integral tal y como ahora se publica este mes.<\/p>\n<p align=\"JUSTIFY\"><img loading=\"lazy\" decoding=\"async\" class=\"alignleft  wp-image-10232\" src=\"https:\/\/www.cronicasliterarias.es\/wp-content\/uploads\/2022\/08\/lena03-246x300.jpeg\" alt=\"\" width=\"144\" height=\"176\" srcset=\"https:\/\/www.cronicasliterarias.es\/wp-content\/uploads\/2022\/08\/lena03-246x300.jpeg 246w, https:\/\/www.cronicasliterarias.es\/wp-content\/uploads\/2022\/08\/lena03.jpeg 302w\" sizes=\"auto, (max-width: 144px) 100vw, 144px\" \/>Pierre Christin, como es habitual, nos presenta una aventura de Lena que gira en torno a Oriente Medio. Por otro lado, lo hace en forma de un formidable \u201chuis-clos\u201d (a puerta cerrada) donde cada protagonista desconf\u00eda del otro, bajo la mirada de una perfecta Lena como maestra de ceremonias. Eso si, si prefieres los c\u00f3mics con mucha acci\u00f3n te equivocaste de camino. <em>El largo viaje de Lena<\/em>, <em>Lena y las tres mujeres<\/em> y <em>Lena en el brasero<\/em>, se sit\u00faan bajo el signo de la diplomacia, el thriller y no de la acci\u00f3n. Con personajes muy cre\u00edbles y con un dibujo perfectamente dominado por Andr\u00e9 Juillard, a\u00fan m\u00e1s bonito en esta edici\u00f3n que me dio la sensaci\u00f3n de estar retocada respecto al \u00e1lbum en franc\u00e9s que le\u00ed; tres \u00e1lbumes que conforman una historia muy de pel\u00edcula europea que no me extra\u00f1ar\u00eda nada que se tuviera en mente. Una historia casi susurrada donde la violencia se internaliza por completo solo para resurgir al final. Una obra sobre el duelo y el renacimiento de una persona venida a menos.<\/p>\n<p align=\"JUSTIFY\">Lena es una mujer desconocida, dulce, cuyo pasado se desvelar\u00e1 en peque\u00f1os toques, un poco como un cuadro impresionista de Seurat donde la comprensi\u00f3n solo aparece cuando das un paso atr\u00e1s y se han pintado suficientes trazos para no parecer pocos. Seguimos el <img loading=\"lazy\" decoding=\"async\" class=\"alignright  wp-image-10235\" src=\"https:\/\/www.cronicasliterarias.es\/wp-content\/uploads\/2022\/08\/lena01.jpeg\" alt=\"\" width=\"409\" height=\"167\" srcset=\"https:\/\/www.cronicasliterarias.es\/wp-content\/uploads\/2022\/08\/lena01.jpeg 793w, https:\/\/www.cronicasliterarias.es\/wp-content\/uploads\/2022\/08\/lena01-300x123.jpeg 300w, https:\/\/www.cronicasliterarias.es\/wp-content\/uploads\/2022\/08\/lena01-768x314.jpeg 768w\" sizes=\"auto, (max-width: 409px) 100vw, 409px\" \/>viaje de Lena en una sucesi\u00f3n de postales que el dibujo acolchado de Juillard nos acerca y nos aleja. Lena es extranjera en todos sitios como aquella canci\u00f3n de The Doors. Tambi\u00e9n un poco como el h\u00e9roe ep\u00f3nimo de Camus, no parece pertenecer a nuestro mundo. La vida es una nube de humo, detr\u00e1s de la cual se esconde la verdad, como los innumerables cigarrillos que fuma\u2026<\/p>\n<p align=\"JUSTIFY\">Insisto en que el jugo de la trama est\u00e1 atado a las \u00faltimas p\u00e1ginas. Pero el viaje ya creo que merece la pena. En mi opini\u00f3n, esta t\u00e9cnica narrativa es un poco arriesgada por parte de Christin; no todo el mundo aguanta tanto benepl\u00e1cito a no ser que alguien le haya aconsejado un buen\u00edsimo final. El tiempo es corto y los libros son muchos, que dec\u00eda mi abuelo. Y ese y no otro, es el motivo de esta rese\u00f1a. Aclarar que si se le da tiempo, la historia lo merece. De hecho, el rostro omnipresente de Lena no oculta los acontecimientos sino que los ilumina a trav\u00e9s del filtro de la vida de su persona. A trav\u00e9s de los peque\u00f1os <img loading=\"lazy\" decoding=\"async\" class=\"alignleft  wp-image-10234\" src=\"https:\/\/www.cronicasliterarias.es\/wp-content\/uploads\/2022\/08\/lena04.jpeg\" alt=\"\" width=\"126\" height=\"276\" srcset=\"https:\/\/www.cronicasliterarias.es\/wp-content\/uploads\/2022\/08\/lena04.jpeg 171w, https:\/\/www.cronicasliterarias.es\/wp-content\/uploads\/2022\/08\/lena04-137x300.jpeg 137w\" sizes=\"auto, (max-width: 126px) 100vw, 126px\" \/>detalles de sus asuntos&#8230; Sola. Sola con mi pena.<\/p>\n<p align=\"JUSTIFY\">La trama de <em>Lena<\/em> es poderosa y no solo por tratar el terrorismo internacional, sino tambi\u00e9n por tratar el dolor personal y el sacrificio de las personas en ciertos trabajos. Sobre el dolor que sofoca y quita toda sal a la vida. Tambi\u00e9n es una reflexi\u00f3n sobre el libre albedr\u00edo. Pero, \u00bfLena es libre, en realidad? \u00bfPrisionera de su pasado? \u00bfPrisionera de su venganza? Dijo Spinoza una vez que el libre albedr\u00edo es una ilusi\u00f3n porque si el ser humano es consciente de sus acciones, no es consciente de las causas tras sus motivaciones. Al final, \u00bfno es Lena fruto de la geopol\u00edtica? \u00bfNo lo somos todos?<\/p>\n","protected":false},"excerpt":{"rendered":"<p>Hab\u00eda seguido la prepublicaci\u00f3n de El largo viaje de Lena en la revista Bodo\u00ef y reconozco que me aburr\u00ed leyendo esa historia. Ni siquiera me molest\u00e9 en terminar ese \u00e1lbum. Pero no s\u00e9\u2026 algo se encendi\u00f3 en m\u00ed de nuevo cuando vi que Norma Editorial publicaba en formato integral toda la obra y decid\u00ed que [&hellip;]<\/p>\n","protected":false},"author":4,"featured_media":0,"comment_status":"closed","ping_status":"closed","sticky":false,"template":"","format":"standard","meta":{"footnotes":""},"categories":[53,44,74,30,6],"tags":[297,11,22,10],"class_list":["post-10221","post","type-post","status-publish","format-standard","hentry","category-bd","category-comic-europeo","category-integral","category-norma-editorial","category-resenas","tag-comic-europeo-2022","tag-j-j-castillo","tag-norma-editorial","tag-resenas"],"_links":{"self":[{"href":"https:\/\/www.cronicasliterarias.es\/index.php?rest_route=\/wp\/v2\/posts\/10221","targetHints":{"allow":["GET"]}}],"collection":[{"href":"https:\/\/www.cronicasliterarias.es\/index.php?rest_route=\/wp\/v2\/posts"}],"about":[{"href":"https:\/\/www.cronicasliterarias.es\/index.php?rest_route=\/wp\/v2\/types\/post"}],"author":[{"embeddable":true,"href":"https:\/\/www.cronicasliterarias.es\/index.php?rest_route=\/wp\/v2\/users\/4"}],"replies":[{"embeddable":true,"href":"https:\/\/www.cronicasliterarias.es\/index.php?rest_route=%2Fwp%2Fv2%2Fcomments&post=10221"}],"version-history":[{"count":5,"href":"https:\/\/www.cronicasliterarias.es\/index.php?rest_route=\/wp\/v2\/posts\/10221\/revisions"}],"predecessor-version":[{"id":10239,"href":"https:\/\/www.cronicasliterarias.es\/index.php?rest_route=\/wp\/v2\/posts\/10221\/revisions\/10239"}],"wp:attachment":[{"href":"https:\/\/www.cronicasliterarias.es\/index.php?rest_route=%2Fwp%2Fv2%2Fmedia&parent=10221"}],"wp:term":[{"taxonomy":"category","embeddable":true,"href":"https:\/\/www.cronicasliterarias.es\/index.php?rest_route=%2Fwp%2Fv2%2Fcategories&post=10221"},{"taxonomy":"post_tag","embeddable":true,"href":"https:\/\/www.cronicasliterarias.es\/index.php?rest_route=%2Fwp%2Fv2%2Ftags&post=10221"}],"curies":[{"name":"wp","href":"https:\/\/api.w.org\/{rel}","templated":true}]}}