{"id":10434,"date":"2022-08-23T00:05:00","date_gmt":"2022-08-23T00:05:00","guid":{"rendered":"https:\/\/www.cronicasliterarias.es\/?p=10434"},"modified":"2022-08-23T21:00:55","modified_gmt":"2022-08-23T21:00:55","slug":"resena-vacaciones-de-ensueno-integral-de-vittorio-giardino","status":"publish","type":"post","link":"https:\/\/www.cronicasliterarias.es\/?p=10434","title":{"rendered":"Rese\u00f1a: Vacaciones de Ensue\u00f1o (Integral), de Vittorio Giardino"},"content":{"rendered":"<p align=\"JUSTIFY\"><img loading=\"lazy\" decoding=\"async\" class=\"alignright  wp-image-10436\" src=\"https:\/\/www.cronicasliterarias.es\/wp-content\/uploads\/2022\/08\/vacacionesdeensueno-755x1024.jpeg\" alt=\"\" width=\"236\" height=\"320\" srcset=\"https:\/\/www.cronicasliterarias.es\/wp-content\/uploads\/2022\/08\/vacacionesdeensueno-755x1024.jpeg 755w, https:\/\/www.cronicasliterarias.es\/wp-content\/uploads\/2022\/08\/vacacionesdeensueno-221x300.jpeg 221w, https:\/\/www.cronicasliterarias.es\/wp-content\/uploads\/2022\/08\/vacacionesdeensueno-768x1042.jpeg 768w, https:\/\/www.cronicasliterarias.es\/wp-content\/uploads\/2022\/08\/vacacionesdeensueno.jpeg 927w\" sizes=\"auto, (max-width: 236px) 100vw, 236px\" \/>En esta maravillosa \u00e9poca de los integrales que estamos viviendo, a poco que te mole el c\u00f3mic europeo, Norma Editorial debe ser uno de tus referentes en cuanto a compras, o como m\u00ednimo, un lugar d\u00f3nde poner el ojo cada mes si no quieres pasar por alto t\u00edtulos muy chulos que se est\u00e1n publicando. Van a la moda, van con la temporada, tienen en cuenta cantidad de cositas con cada publicaci\u00f3n mensual y a las pruebas me remito con <em>Vacaciones de Ensue\u00f1o<\/em>, de Vittorio Giardino. Un ejemplo de tomo chulo para leer y disfrutar este mes de calores que ya casi se va. Un \u00fanico volumen integral con las doce historias serializadas anteriormente bajo el t\u00edtulo de <em>Vacaciones Fatales<\/em>, todo un cl\u00e1sico del incomparable maestro italiano Giardino en una edici\u00f3n cargada de extras que incluye una historia totalmente in\u00e9dita. Eso sin contar el genial tomo en tapa dura llevadero y piscinero que es.<\/p>\n<p align=\"JUSTIFY\">Le\u00ed algunas de estas historias en la edici\u00f3n de Casterman de 1991 de la colecci\u00f3n Studio, ya que estas historias se publicaron por primera vez en la revista <em>A To Be Followed<\/em> entre 1988 y 1991. Obviamente, apenas recuerdo nada de las historias le\u00eddas en aquellos a\u00f1os en los que empezaba a \u00absufrir\u00bb a mi tito americano instruy\u00e9ndome en el maravilloso mundo del c\u00f3mic europeo y directamente en <img loading=\"lazy\" decoding=\"async\" class=\"alignleft  wp-image-10437\" src=\"https:\/\/www.cronicasliterarias.es\/wp-content\/uploads\/2022\/08\/vacacionesdeensueno01-293x300.jpeg\" alt=\"\" width=\"148\" height=\"152\" srcset=\"https:\/\/www.cronicasliterarias.es\/wp-content\/uploads\/2022\/08\/vacacionesdeensueno01-293x300.jpeg 293w, https:\/\/www.cronicasliterarias.es\/wp-content\/uploads\/2022\/08\/vacacionesdeensueno01.jpeg 346w\" sizes=\"auto, (max-width: 148px) 100vw, 148px\" \/>franc\u00e9s que, por cierto, provocaba sobresalientes en mis notas de aquella asignatura en el cole. Pero bien, dej\u00e9monos de historias de abuelo-cebolleta para decir que al igual que <em>Voyages de r\u00eave<\/em>, estos cuentos cortos de extensi\u00f3n desigual conquistan a poco que leas un par de ellos. Simplemente, por tratar el g\u00e9nero polic\u00edaco en la mayor\u00eda de ellos. Son tramitas detectivescas que evolucionan de la misma manera en tierras ex\u00f3ticas, lujosos resorts reservados para gente adinerada, y se basan en historias sorprendentes que uno puede tener la duda de si no estamos ante sucesos que de verdad ocurrieron. Ese el verdadero poder de <em>Vacaciones de Ensue\u00f1o<\/em>. Porque estas \u201cvacaciones de ensue\u00f1o\u201d para algunos personajes se van a convertir en pesadilla. \u00bfLas vacaciones de los ricos para tener algo de interesante deber\u00edan volverse tr\u00e1gicas de alg\u00fan modo? No me arriesgar\u00eda a hacer ese tipo de afirmaci\u00f3n. Pero cuando ya los tienes todo-todo&#8230;<\/p>\n<p align=\"JUSTIFY\">El dise\u00f1o de Giardino es cl\u00e1sico y fino. \u00bfHuele a a\u00f1ejo&#8230; a BD a\u00f1eja? Creo que muchos de los que est\u00e1is leyendo esta rese\u00f1a ahora mismo es porque am\u00e1is con todos vuestros sentidos ese olor a\u00f1ejo al que me refiero. Ese dibujo que tiene ese no s\u00e9 qu\u00e9 que atrae, que os engancha a querer saber qu\u00e9 hay detr\u00e1s de esos rostros, de esos paisajes que parecen f\u00e1ciles de dibujar pero que desde la nada s\u00f3lo los maestros saben traer a la vi\u00f1eta. Un dibujo cl\u00e1sico que nos pone. Giardino es un maestro en eso.<\/p>\n<p align=\"JUSTIFY\"><img loading=\"lazy\" decoding=\"async\" class=\"aligncenter  wp-image-10440\" src=\"https:\/\/www.cronicasliterarias.es\/wp-content\/uploads\/2022\/08\/vacacionesdeensueno03.jpeg\" alt=\"\" width=\"506\" height=\"240\" srcset=\"https:\/\/www.cronicasliterarias.es\/wp-content\/uploads\/2022\/08\/vacacionesdeensueno03.jpeg 995w, https:\/\/www.cronicasliterarias.es\/wp-content\/uploads\/2022\/08\/vacacionesdeensueno03-300x143.jpeg 300w, https:\/\/www.cronicasliterarias.es\/wp-content\/uploads\/2022\/08\/vacacionesdeensueno03-768x365.jpeg 768w\" sizes=\"auto, (max-width: 506px) 100vw, 506px\" \/><\/p>\n<p align=\"JUSTIFY\"><em>Vacaciones de Ensue\u00f1o<\/em> aporta un ambiente de sensualidad, deseos carnales, gracias al calor del verano que a todos nos enciende, destacando a la mujer con bastante frecuencia y su deseo de libertad. Como os dec\u00eda, el t\u00edtulo se justifica por el hecho de que Giardino ambienta todas estas historias en lugares de vacaciones (safari en Kenia, encuentros y desencuentros en los rincones m\u00e1s soleados de la bella Italia, en particular, Venecia&#8230;; tramas que son mini-thrillers, que terminan mal para algunos protagonistas casi siempre\u2026 Aventuras que la mayor\u00eda son agradables de leer donde destaco por encima de todas <em>Fuera de temporada<\/em>. Me pareci\u00f3 un pelotazo de historia que bien merece o podr\u00eda ser una buena base para un gui\u00f3n de peli a lo Hitchcock. Y otro punto fuerte es como nos lleva de todas-todas a vivir (\u00bfa re\u00edrnos?) de c\u00f3mo eran los personajes de la famosa jet-set de los a\u00f1os 80.<\/p>\n<p align=\"JUSTIFY\">Mujeres exudando sensualidad, miradas cargadas de tensi\u00f3n sexual no resuelta, objetos de deseo o instrumentos para el crimen tanto de hombres como mujeres&#8230;Un integral viejoven de lo que es la buena BD. Y <img loading=\"lazy\" decoding=\"async\" class=\"alignleft size-medium wp-image-10439\" src=\"https:\/\/www.cronicasliterarias.es\/wp-content\/uploads\/2022\/08\/vacacionesdeensueno04-300x156.jpeg\" alt=\"\" width=\"300\" height=\"156\" srcset=\"https:\/\/www.cronicasliterarias.es\/wp-content\/uploads\/2022\/08\/vacacionesdeensueno04-300x156.jpeg 300w, https:\/\/www.cronicasliterarias.es\/wp-content\/uploads\/2022\/08\/vacacionesdeensueno04-768x400.jpeg 768w, https:\/\/www.cronicasliterarias.es\/wp-content\/uploads\/2022\/08\/vacacionesdeensueno04.jpeg 996w\" sizes=\"auto, (max-width: 300px) 100vw, 300px\" \/>elaborado por uno de los maestros italianos del c\u00f3mic europeo. \u00bfEl principal defecto de estas historias es que son demasiado breves? Pero lo bueno, si es breve&#8230;, bueno, ya sab\u00e9is.<\/p>\n<p align=\"JUSTIFY\">\n","protected":false},"excerpt":{"rendered":"<p>En esta maravillosa \u00e9poca de los integrales que estamos viviendo, a poco que te mole el c\u00f3mic europeo, Norma Editorial debe ser uno de tus referentes en cuanto a compras, o como m\u00ednimo, un lugar d\u00f3nde poner el ojo cada mes si no quieres pasar por alto t\u00edtulos muy chulos que se est\u00e1n publicando. Van [&hellip;]<\/p>\n","protected":false},"author":4,"featured_media":0,"comment_status":"closed","ping_status":"closed","sticky":false,"template":"","format":"standard","meta":{"footnotes":""},"categories":[53,44,74,6,46],"tags":[297,11,22,10],"class_list":["post-10434","post","type-post","status-publish","format-standard","hentry","category-bd","category-comic-europeo","category-integral","category-resenas","category-thriller","tag-comic-europeo-2022","tag-j-j-castillo","tag-norma-editorial","tag-resenas"],"_links":{"self":[{"href":"https:\/\/www.cronicasliterarias.es\/index.php?rest_route=\/wp\/v2\/posts\/10434","targetHints":{"allow":["GET"]}}],"collection":[{"href":"https:\/\/www.cronicasliterarias.es\/index.php?rest_route=\/wp\/v2\/posts"}],"about":[{"href":"https:\/\/www.cronicasliterarias.es\/index.php?rest_route=\/wp\/v2\/types\/post"}],"author":[{"embeddable":true,"href":"https:\/\/www.cronicasliterarias.es\/index.php?rest_route=\/wp\/v2\/users\/4"}],"replies":[{"embeddable":true,"href":"https:\/\/www.cronicasliterarias.es\/index.php?rest_route=%2Fwp%2Fv2%2Fcomments&post=10434"}],"version-history":[{"count":5,"href":"https:\/\/www.cronicasliterarias.es\/index.php?rest_route=\/wp\/v2\/posts\/10434\/revisions"}],"predecessor-version":[{"id":10445,"href":"https:\/\/www.cronicasliterarias.es\/index.php?rest_route=\/wp\/v2\/posts\/10434\/revisions\/10445"}],"wp:attachment":[{"href":"https:\/\/www.cronicasliterarias.es\/index.php?rest_route=%2Fwp%2Fv2%2Fmedia&parent=10434"}],"wp:term":[{"taxonomy":"category","embeddable":true,"href":"https:\/\/www.cronicasliterarias.es\/index.php?rest_route=%2Fwp%2Fv2%2Fcategories&post=10434"},{"taxonomy":"post_tag","embeddable":true,"href":"https:\/\/www.cronicasliterarias.es\/index.php?rest_route=%2Fwp%2Fv2%2Ftags&post=10434"}],"curies":[{"name":"wp","href":"https:\/\/api.w.org\/{rel}","templated":true}]}}