{"id":11383,"date":"2022-11-25T00:05:00","date_gmt":"2022-11-25T00:05:00","guid":{"rendered":"https:\/\/www.cronicasliterarias.es\/?p=11383"},"modified":"2022-11-25T00:17:46","modified_gmt":"2022-11-25T00:17:46","slug":"resena-doctora-aphra-de-sarah-kuhn-revisar","status":"publish","type":"post","link":"https:\/\/www.cronicasliterarias.es\/?p=11383","title":{"rendered":"Rese\u00f1a: Star Wars. Doctora Aphra, de Sarah Kuhn"},"content":{"rendered":"<p align=\"JUSTIFY\"><img loading=\"lazy\" decoding=\"async\" class=\"alignleft  wp-image-11384\" src=\"https:\/\/www.cronicasliterarias.es\/wp-content\/uploads\/2022\/11\/star-wars-doctora-aphra.jpg\" alt=\"\" width=\"194\" height=\"311\" srcset=\"https:\/\/www.cronicasliterarias.es\/wp-content\/uploads\/2022\/11\/star-wars-doctora-aphra.jpg 600w, https:\/\/www.cronicasliterarias.es\/wp-content\/uploads\/2022\/11\/star-wars-doctora-aphra-187x300.jpg 187w\" sizes=\"auto, (max-width: 194px) 100vw, 194px\" \/>En mi constante aprendizaje del ingl\u00e9s, este verano pasado escuch\u00e9 el audio original de la <em>Doctor Aphra<\/em>, de Sarah Kuhn. No pude creer la noticia brevemente posterior cuando le\u00ed que entre las novedades de noviembre de Planeta C\u00f3mic, esta obra se publicar\u00eda en papel en nuestro idioma.<\/p>\n<p align=\"JUSTIFY\">Doctora Aphra es un personaje de <em>Star Wars<\/em> del que s\u00e9 poqu\u00edsimo pero que duda cabe que es un personaje que me atrae y que ha ido creciendo cada vez m\u00e1s en el Universo Expandido. Y con cada cosa que leo o escucho sobre ella, m\u00e1s me gusta. Creo que me enamor\u00e9 del personaje casi de inmediato cuando fue presentada en las tramas del <em>Darth Vader<\/em>, de Kieron Gillen. Una arque\u00f3loga rebelde que lamentablemente hab\u00eda tenido discordancias con Vader, casi dejando la vida en el trayecto. Pero Aphra tiene recursos, y la historia de Sarah Kuhn, ahora contada a trav\u00e9s del gui\u00f3n en este nuevo volumen, se expande y se enfoca en si misma de una manera que la convierte en un personaje defectuoso (tengo que decirlo) pero adorable.<\/p>\n<p align=\"JUSTIFY\"><em>Doctora Aphra<\/em> est\u00e1 contada completamente desde su perspectiva en primera persona. Podemos vislumbrar as\u00ed la mente de esta intensa se\u00f1orita mientras intenta enga\u00f1ar a Vader, a la vez que lucha con los problemas de su infancia y el c\u00f3mo hace frente a sus sentimientos por Sana Starros. Incluso hay una aparici\u00f3n temprana de Maz Kanata en el gui\u00f3n, que muestra a ese personaje bajo una luz diferente del que todos conocemos. Este detalle de la autora me encant\u00f3 e hizo que me preguntara otra vez, hasta que punto tienen libertad los autores del Universo Expandido a la hora de retocar ciertas cositas de personajes famosos.<\/p>\n<p align=\"JUSTIFY\">Lo divertido de leer el gui\u00f3n en lugar de solo escuchar el audio es que puedes detenerte y reflexionar sobre algunos de los detalles; como se siente Aphra cuando se da cuenta de lo fr\u00edo y despiadado que es Vader y c\u00f3mo tiene que actuar para protegerse, por ejemplo. Encontr\u00e9 que la representaci\u00f3n de Vader en <em>Doctora Aphra<\/em> es m\u00e1s despiadada que la mayor\u00eda de las otras historias debido al contraste entre \u00e9l y Aphra. Aphra le hace cosas horribles a la gente, claro, pero es en gran medida un producto de todo el sistema que hemos visto con otros personajes afines al Imperio o que est\u00e1 en esa delgada l\u00ednea entre los malos y los buenos. Algo muy parecido a lo que hemos visto en la gloriosa serie de TV de <em>Andor.<\/em><\/p>\n<p align=\"JUSTIFY\">Y esto la hace identificable. El manejo de Sarah Kuhn de la historia <em>Doctora Aphra<\/em> lleva lo establecido por Kierron Gillen a otro nivel. No es de extra\u00f1ar que Aphra se haya convertido en uno de los personajes favoritos de los fans, de esos personajes que a\u00fan no ha aparecido en pelis ni series de TV&#8230; oficiales, pero de los que m\u00e1s se espera. Y es que hay una l\u00ednea en la carrera original de Kieron Gillen y Salvador Larroca sobre <em>Darth Vader<\/em> que se ha quedado conmigo desde que la le\u00ed en ese omnibus joyita que se marc\u00f3 Planeta C\u00f3mic especializado en el famoso personaje <em>(<a href=\"https:\/\/www.planetadelibros.com\/libro-star-wars-darth-vader-integral\/298361\">https:\/\/www.planetadelibros.com\/libro-star-wars-darth-vader-integral\/298361<\/a>).<\/em> Es, en esencia, Aphra mirando a Vader a la cara dici\u00e9ndole que ella es quien acepta trabajar con \u00e9l y no al rev\u00e9s.<\/p>\n<p align=\"JUSTIFY\">Aphra es un personaje que enamora. He o\u00eddo a gente decir que representa a una parte de los fans como ning\u00fan otro. A una chica en Twitter le le\u00ed: \u201cElla fue una de las primeras veces que puedo recordar sentirme verdaderamente representada dentro del universo de <em>Star Wars<\/em>\u201d. Y esto no es moco de pavo. En mi opini\u00f3n, este libro de Kuhn no solo cumpli\u00f3 con esas expectativas, sino que las supera con un drama que es divertido y atractivo, siempre que no se te hagan dif\u00edciles la lectura de guiones.<\/p>\n<p align=\"JUSTIFY\">La arque\u00f3loga m\u00e1s canalla, la favorita de todos. Ahora mismo, el \u00fanico medio en espa\u00f1ol de disfrutar esta historia. El guion perfecto para presentar al personaje.<\/p>\n","protected":false},"excerpt":{"rendered":"<p>En mi constante aprendizaje del ingl\u00e9s, este verano pasado escuch\u00e9 el audio original de la Doctor Aphra, de Sarah Kuhn. No pude creer la noticia brevemente posterior cuando le\u00ed que entre las novedades de noviembre de Planeta C\u00f3mic, esta obra se publicar\u00eda en papel en nuestro idioma. Doctora Aphra es un personaje de Star Wars [&hellip;]<\/p>\n","protected":false},"author":4,"featured_media":0,"comment_status":"closed","ping_status":"closed","sticky":false,"template":"","format":"standard","meta":{"footnotes":""},"categories":[33,26,6],"tags":[11,38,10,102,311],"class_list":["post-11383","post","type-post","status-publish","format-standard","hentry","category-ciencia-ficcion","category-planeta-comic","category-resenas","tag-j-j-castillo","tag-planeta-comic","tag-resenas","tag-star-wars","tag-universo-expandido"],"_links":{"self":[{"href":"https:\/\/www.cronicasliterarias.es\/index.php?rest_route=\/wp\/v2\/posts\/11383","targetHints":{"allow":["GET"]}}],"collection":[{"href":"https:\/\/www.cronicasliterarias.es\/index.php?rest_route=\/wp\/v2\/posts"}],"about":[{"href":"https:\/\/www.cronicasliterarias.es\/index.php?rest_route=\/wp\/v2\/types\/post"}],"author":[{"embeddable":true,"href":"https:\/\/www.cronicasliterarias.es\/index.php?rest_route=\/wp\/v2\/users\/4"}],"replies":[{"embeddable":true,"href":"https:\/\/www.cronicasliterarias.es\/index.php?rest_route=%2Fwp%2Fv2%2Fcomments&post=11383"}],"version-history":[{"count":6,"href":"https:\/\/www.cronicasliterarias.es\/index.php?rest_route=\/wp\/v2\/posts\/11383\/revisions"}],"predecessor-version":[{"id":11400,"href":"https:\/\/www.cronicasliterarias.es\/index.php?rest_route=\/wp\/v2\/posts\/11383\/revisions\/11400"}],"wp:attachment":[{"href":"https:\/\/www.cronicasliterarias.es\/index.php?rest_route=%2Fwp%2Fv2%2Fmedia&parent=11383"}],"wp:term":[{"taxonomy":"category","embeddable":true,"href":"https:\/\/www.cronicasliterarias.es\/index.php?rest_route=%2Fwp%2Fv2%2Fcategories&post=11383"},{"taxonomy":"post_tag","embeddable":true,"href":"https:\/\/www.cronicasliterarias.es\/index.php?rest_route=%2Fwp%2Fv2%2Ftags&post=11383"}],"curies":[{"name":"wp","href":"https:\/\/api.w.org\/{rel}","templated":true}]}}