{"id":11458,"date":"2022-12-04T00:05:00","date_gmt":"2022-12-04T00:05:00","guid":{"rendered":"https:\/\/www.cronicasliterarias.es\/?p=11458"},"modified":"2022-12-04T20:10:45","modified_gmt":"2022-12-04T20:10:45","slug":"resena-los-estratos-de-penelope-bagieu-a-revisar","status":"publish","type":"post","link":"https:\/\/www.cronicasliterarias.es\/?p=11458","title":{"rendered":"Rese\u00f1a: Los Estratos, de Pen\u00e9lope Bagieu"},"content":{"rendered":"<p align=\"JUSTIFY\"><img loading=\"lazy\" decoding=\"async\" class=\"alignright  wp-image-11459\" src=\"https:\/\/www.cronicasliterarias.es\/wp-content\/uploads\/2022\/12\/losestratos.jpg\" alt=\"\" width=\"218\" height=\"307\" srcset=\"https:\/\/www.cronicasliterarias.es\/wp-content\/uploads\/2022\/12\/losestratos.jpg 609w, https:\/\/www.cronicasliterarias.es\/wp-content\/uploads\/2022\/12\/losestratos-213x300.jpg 213w\" sizes=\"auto, (max-width: 218px) 100vw, 218px\" \/>El enamoramiento comiquero o literato viene dado por haber le\u00eddo una obra de un autor o autora que no conoc\u00edas y quedar prendado con el c\u00f3mo lo hace y a partir de ah\u00ed querer leer todo lo posible de esa persona con don. Me pas\u00f3 con Pen\u00e9lope Bagieu cuando le\u00ed su <em>Cad\u00e1ver Exquisito<\/em>, cuando le\u00ed su adaptaci\u00f3n ilustrada de<em> Las Brujas<\/em>, de Roald Dahl <em>(<a href=\"https:\/\/www.cronicasliterarias.es\/?p=1589\">https:\/\/www.cronicasliterarias.es\/?p=1589<\/a>)<\/em> y ahora que he disfrutado con <em>Los Estratos<\/em>. Su dibujo, sobre todo, me retrotrae a unas im\u00e1genes vista en la infancia en unos t\u00edtulos que ahora no consigo poner en pie pero que en cualquier caso me encantaban. Norma Editorial es la responsable de traer nuevamente este t\u00edtulo de una guionista\/ilustradora francesa s\u00faper recomendable de seguir.<\/p>\n<p align=\"JUSTIFY\">Una edici\u00f3n de <em>Los Estratos<\/em> genial. Me dijo un amigo hace unas semanas: \u201cDe todos los c\u00f3mics de Bagieu que he le\u00eddo, <em>Los Estratos<\/em> es, sin duda, mi mayor amor.\u201d Pietro, que es italiano, que vive actualmente en Marseille pero que se cri\u00f3 en Rota (C\u00e1diz), puede que haya <img loading=\"lazy\" decoding=\"async\" class=\"alignleft  wp-image-11460\" src=\"https:\/\/www.cronicasliterarias.es\/wp-content\/uploads\/2022\/12\/losestratos04.jpg\" alt=\"\" width=\"166\" height=\"149\" \/>heredado ese toque exagerado andaluz que tenemos muchos y que esplendemos hacia los dem\u00e1s cuando algo nos encant\u00f3. En definitiva, el ser muy exagerado, el poner por las nubes algo que acabamos de disfrutar, un comentario con el que embrujar al que sea. Bien. Pero es que a m\u00ed eso de <em>\u201c&#8230;Los Estratos es, sin duda, mi mayor amor.\u201d<\/em>, me cautiv\u00f3. Por eso indagu\u00e9 algo m\u00e1s cuando me enter\u00e9 que Norma Editorial lo publicaba. Y cu\u00e1l fue mi impresi\u00f3n, la primera en la frente cuando vi que el objeto en s\u00ed, ya era un buen hallazgo, una joyita, una asemejada a una agenda moleskine, el formato perfecto para este tipo de diario esbozado a l\u00e1piz.<\/p>\n<p align=\"JUSTIFY\">\u00bfY su contenido? A lo largo de las p\u00e1ginas, Pen\u00e9lope Bagieu cuenta an\u00e9cdotas de su infancia y adolescencia, m\u00e1s o menos largas, a veces profundas y ligeras. Todas estas historias forman un todo, coherente, y son en todo momento situaciones de su vida que la han marcado de una forma u otra. Estratos de una vida que la han llevado a convertirse en la mujer que es hoy. Y sonre\u00ed. A veces, hasta re\u00ed durante la lectura. Y no carcaje\u00e9 por estar en un lugar p\u00fablico mientras le\u00eda <em>Los Estratos<\/em>. Despu\u00e9s, cavilando, llegu\u00e9 hasta la emoci\u00f3n de ver c\u00f3mo un autor <img loading=\"lazy\" decoding=\"async\" class=\"alignright  wp-image-11461\" src=\"https:\/\/www.cronicasliterarias.es\/wp-content\/uploads\/2022\/12\/losestratos03.jpg\" alt=\"\" width=\"234\" height=\"138\" srcset=\"https:\/\/www.cronicasliterarias.es\/wp-content\/uploads\/2022\/12\/losestratos03.jpg 508w, https:\/\/www.cronicasliterarias.es\/wp-content\/uploads\/2022\/12\/losestratos03-300x177.jpg 300w\" sizes=\"auto, (max-width: 234px) 100vw, 234px\" \/>tiene que pasar interiormente en algunos momentos de su vida por momentos delicados y entonces se me nublaron los ojos. Una persona creativa goza de un enorme poder dentro, y el contenerlo, el no poder soltarlo en ciertos momentos de plenitud, hasta puede resultar peligroso. Repercute en depresiones, discusiones, incluso suicidios (m\u00e1s de un canta-autor se nos fue por esto) por tener una mente tan poderosa capaz de llegar a planos que no son de este mundo. Pensar\u00e9is que deliro, pero s\u00e9 de lo que hablo. Y Bagieu si alg\u00fan d\u00eda lee esto me entender\u00e1. Y tantos otros creativos y creativas que han \u00abrozado\u00bb ese poder tambi\u00e9n.<\/p>\n<p align=\"JUSTIFY\">A lo largo de sus \u00e1lbumes, Pen\u00e9lope Bagieu ha perfeccionado su sentido de la narraci\u00f3n. Cada historia tiene un buen ritmo y sabe encontrar el tono adecuado sea cual sea la emoci\u00f3n que quiere transmitir. Creo que su enorme poder reside en un dise\u00f1o preciso y expresivo de las situaciones y personajes que muestra. Los temas tratados son variados, trata la ni\u00f1ez y la adolescencia con gran precisi\u00f3n; dir\u00eda, que la mayor\u00eda de los lectores se encontrar\u00e1n, se identificar\u00e1n de alg\u00fan forma, en una u otra de sus vi\u00f1etas. <img loading=\"lazy\" decoding=\"async\" class=\"alignleft size-medium wp-image-11462\" src=\"https:\/\/www.cronicasliterarias.es\/wp-content\/uploads\/2022\/12\/losestratos05-300x156.jpg\" alt=\"\" width=\"300\" height=\"156\" srcset=\"https:\/\/www.cronicasliterarias.es\/wp-content\/uploads\/2022\/12\/losestratos05-300x156.jpg 300w, https:\/\/www.cronicasliterarias.es\/wp-content\/uploads\/2022\/12\/losestratos05.jpg 686w\" sizes=\"auto, (max-width: 300px) 100vw, 300px\" \/><em>Los Estratos<\/em> es un libro, un c\u00f3mic, un cuadernillo muy bonito tanto en contenido como en forma. No quit\u00e9is ojo a cualquier publicaci\u00f3n de esta se\u00f1ora que llegue a nuestro pa\u00eds, por favor. Bien por Norma Editorial, una vez m\u00e1s.<\/p>\n","protected":false},"excerpt":{"rendered":"<p>El enamoramiento comiquero o literato viene dado por haber le\u00eddo una obra de un autor o autora que no conoc\u00edas y quedar prendado con el c\u00f3mo lo hace y a partir de ah\u00ed querer leer todo lo posible de esa persona con don. Me pas\u00f3 con Pen\u00e9lope Bagieu cuando le\u00ed su Cad\u00e1ver Exquisito, cuando le\u00ed [&hellip;]<\/p>\n","protected":false},"author":4,"featured_media":0,"comment_status":"closed","ping_status":"closed","sticky":false,"template":"","format":"standard","meta":{"footnotes":""},"categories":[53,44,30,6],"tags":[297,11,22,10],"class_list":["post-11458","post","type-post","status-publish","format-standard","hentry","category-bd","category-comic-europeo","category-norma-editorial","category-resenas","tag-comic-europeo-2022","tag-j-j-castillo","tag-norma-editorial","tag-resenas"],"_links":{"self":[{"href":"https:\/\/www.cronicasliterarias.es\/index.php?rest_route=\/wp\/v2\/posts\/11458","targetHints":{"allow":["GET"]}}],"collection":[{"href":"https:\/\/www.cronicasliterarias.es\/index.php?rest_route=\/wp\/v2\/posts"}],"about":[{"href":"https:\/\/www.cronicasliterarias.es\/index.php?rest_route=\/wp\/v2\/types\/post"}],"author":[{"embeddable":true,"href":"https:\/\/www.cronicasliterarias.es\/index.php?rest_route=\/wp\/v2\/users\/4"}],"replies":[{"embeddable":true,"href":"https:\/\/www.cronicasliterarias.es\/index.php?rest_route=%2Fwp%2Fv2%2Fcomments&post=11458"}],"version-history":[{"count":4,"href":"https:\/\/www.cronicasliterarias.es\/index.php?rest_route=\/wp\/v2\/posts\/11458\/revisions"}],"predecessor-version":[{"id":12027,"href":"https:\/\/www.cronicasliterarias.es\/index.php?rest_route=\/wp\/v2\/posts\/11458\/revisions\/12027"}],"wp:attachment":[{"href":"https:\/\/www.cronicasliterarias.es\/index.php?rest_route=%2Fwp%2Fv2%2Fmedia&parent=11458"}],"wp:term":[{"taxonomy":"category","embeddable":true,"href":"https:\/\/www.cronicasliterarias.es\/index.php?rest_route=%2Fwp%2Fv2%2Fcategories&post=11458"},{"taxonomy":"post_tag","embeddable":true,"href":"https:\/\/www.cronicasliterarias.es\/index.php?rest_route=%2Fwp%2Fv2%2Ftags&post=11458"}],"curies":[{"name":"wp","href":"https:\/\/api.w.org\/{rel}","templated":true}]}}