{"id":11552,"date":"2022-12-13T00:05:00","date_gmt":"2022-12-13T00:05:00","guid":{"rendered":"https:\/\/www.cronicasliterarias.es\/?p=11552"},"modified":"2022-12-13T20:43:22","modified_gmt":"2022-12-13T20:43:22","slug":"resena-los-maestros-inquisidores-obeyron-sasmael-de-vvaa","status":"publish","type":"post","link":"https:\/\/www.cronicasliterarias.es\/?p=11552","title":{"rendered":"Rese\u00f1a: Los Maestros Inquisidores. Obeyron\/ Sasma\u00ebl, de VVAA"},"content":{"rendered":"<p align=\"JUSTIFY\"><img loading=\"lazy\" decoding=\"async\" class=\"alignright  wp-image-11554\" src=\"https:\/\/www.cronicasliterarias.es\/wp-content\/uploads\/2022\/12\/Los-Maestros-Inquisidores-733x1024.jpg\" alt=\"\" width=\"227\" height=\"317\" srcset=\"https:\/\/www.cronicasliterarias.es\/wp-content\/uploads\/2022\/12\/Los-Maestros-Inquisidores-733x1024.jpg 733w, https:\/\/www.cronicasliterarias.es\/wp-content\/uploads\/2022\/12\/Los-Maestros-Inquisidores-215x300.jpg 215w, https:\/\/www.cronicasliterarias.es\/wp-content\/uploads\/2022\/12\/Los-Maestros-Inquisidores-768x1073.jpg 768w, https:\/\/www.cronicasliterarias.es\/wp-content\/uploads\/2022\/12\/Los-Maestros-Inquisidores.jpg 916w\" sizes=\"auto, (max-width: 227px) 100vw, 227px\" \/>Jean-Luc Istin vuelve a la carga para ofrecernos un universo completo que se desarrollar\u00e1 en seis vol\u00famenes, primero y segundo de los cuales acaba de poner un pie en nuestro pa\u00eds gracias a Yermo Ediciones. Y cada \u00e1lbum independiente a cargo de un guionista y un dise\u00f1ador diferente, una nueva serie de fantas\u00eda realizada por los equipos creativos de <em>Elfos, Enanos<\/em> y <em>Conquistas<\/em>; lo que depara, ya os lo digo yo, en calidad garantizada en cuanto a gui\u00f3n e ilustraci\u00f3n.<\/p>\n<p align=\"JUSTIFY\"><em>Los Maestros Inquisidores<\/em> nos lleva a conocer una serie de magos-guerreros (mi clase favorita en los juegos de rol), garantes del orden y la justicia en estas convulsas y apenas pacificas tierras de Oscita. Me coment\u00f3 un amigo que vive en tierras galas, que ya devor\u00f3 la serie al completo, que el sexto y \u00faltimo volumen crea un hilo com\u00fan general entre los personajes que deja con la boca abierta. Lo que me cre\u00f3 un hype tremendo de querer tener y leer desde ya toda-todita la obra. Cinco <img loading=\"lazy\" decoding=\"async\" class=\"alignleft  wp-image-11556\" src=\"https:\/\/www.cronicasliterarias.es\/wp-content\/uploads\/2022\/12\/Los-Maestros-Inquisidores01-300x239.png\" alt=\"\" width=\"188\" height=\"150\" srcset=\"https:\/\/www.cronicasliterarias.es\/wp-content\/uploads\/2022\/12\/Los-Maestros-Inquisidores01-300x239.png 300w, https:\/\/www.cronicasliterarias.es\/wp-content\/uploads\/2022\/12\/Los-Maestros-Inquisidores01-768x611.png 768w, https:\/\/www.cronicasliterarias.es\/wp-content\/uploads\/2022\/12\/Los-Maestros-Inquisidores01.png 998w\" sizes=\"auto, (max-width: 188px) 100vw, 188px\" \/>protagonistas que por lo visto lo petan en dicho volumen final.<\/p>\n<p align=\"JUSTIFY\">La primera historia corre a cargo de Olivier Peru al gui\u00f3n y Pierre-Denis Goux al dibujo. Los encargados de arrancar la trama. Que cuenta la historia de Obeyron, un austero Maestro Inquisidor, qui\u00e9n, a trav\u00e9s de su rectitud y su intransigencia, a lo largo de los a\u00f1os ha sido capaz de sembrar las semillas de un creciente odio hacia su persona. Y resulta que muchos piensan que perdi\u00f3 la vida en una emboscada. Pero de eso nada.\u00a0 Es la investigaci\u00f3n de su propia \u00abmuerte\u00bb lo que se nos cuenta aqu\u00ed.<\/p>\n<p align=\"JUSTIFY\">El segundo \u00e1lbum pretende presentarnos a Sasma\u00ebl a trav\u00e9s de la nueva investigaci\u00f3n que se le acaba de encomendar.<\/p>\n<p align=\"JUSTIFY\"><img loading=\"lazy\" decoding=\"async\" class=\"aligncenter  wp-image-11557\" src=\"https:\/\/www.cronicasliterarias.es\/wp-content\/uploads\/2022\/12\/Los-Maestros-Inquisidores02-1024x420.png\" alt=\"\" width=\"417\" height=\"171\" srcset=\"https:\/\/www.cronicasliterarias.es\/wp-content\/uploads\/2022\/12\/Los-Maestros-Inquisidores02-1024x420.png 1024w, https:\/\/www.cronicasliterarias.es\/wp-content\/uploads\/2022\/12\/Los-Maestros-Inquisidores02-300x123.png 300w, https:\/\/www.cronicasliterarias.es\/wp-content\/uploads\/2022\/12\/Los-Maestros-Inquisidores02-768x315.png 768w, https:\/\/www.cronicasliterarias.es\/wp-content\/uploads\/2022\/12\/Los-Maestros-Inquisidores02.png 1122w\" sizes=\"auto, (max-width: 417px) 100vw, 417px\" \/><\/p>\n<p align=\"JUSTIFY\">El dibujo de Pierre-Denis Goux me sedujo por completo. Ya sean sus arquitecturas o sus secuencias en medio del bosque, \u00a1sus vi\u00f1eras tienen una interpretaci\u00f3n impresionante! R\u00e1pidamente nos sumergimos en este universo completo y complejo. Al mismo tiempo, tampoco estamos en total terra incognita. Las razas de elfos, enanos, humanos, orcos y consortes&#8230; que la componen, no nos son desconocidas. Y todo ello se teje de manera inteligente en una trama que m\u00e1s all\u00e1 de esta \u00fanica obra, formar\u00e1 para nosotros un fresco de que sentimos los comienzos de algo grande. Provoca que r\u00e1pidamente el lector se sumerja con facilidad en este universo fant\u00e1stico. Pero tambi\u00e9n dir\u00e9 que, al principio, para todo aquel que llega de nuevas a la Fantas\u00eda, puede resultar un escenario dif\u00edcil porque aporta bastante tema de fantas\u00eda heroica incluida su cartograf\u00eda.<\/p>\n<p align=\"JUSTIFY\"><img loading=\"lazy\" decoding=\"async\" class=\"aligncenter  wp-image-11558\" src=\"https:\/\/www.cronicasliterarias.es\/wp-content\/uploads\/2022\/12\/Los-Maestros-Inquisidores03-1024x256.png\" alt=\"\" width=\"469\" height=\"117\" srcset=\"https:\/\/www.cronicasliterarias.es\/wp-content\/uploads\/2022\/12\/Los-Maestros-Inquisidores03-1024x256.png 1024w, https:\/\/www.cronicasliterarias.es\/wp-content\/uploads\/2022\/12\/Los-Maestros-Inquisidores03-300x75.png 300w, https:\/\/www.cronicasliterarias.es\/wp-content\/uploads\/2022\/12\/Los-Maestros-Inquisidores03-768x192.png 768w, https:\/\/www.cronicasliterarias.es\/wp-content\/uploads\/2022\/12\/Los-Maestros-Inquisidores03.png 1492w\" sizes=\"auto, (max-width: 469px) 100vw, 469px\" \/><\/p>\n<p align=\"JUSTIFY\">Afortunadamente, las cosas vuelven a \u201cla normalidad\u201d pocas p\u00e1ginas despu\u00e9s en la que con numerosos flashbacks nos ponen en situaci\u00f3n \u00abf\u00e1cil\u00bb con gr\u00e1ficos impecables. Dibujo que es un placer a la vista no tanto por los personajes sino por los elementos de la decoraci\u00f3n o los dragones negros; uno de los cuales ya he reservado en mi cuaderno de bocetos para un futuro tatuaje. Por lo dem\u00e1s, sigue siendo esa cl\u00e1sica serie fantasy, con intrigas, venganzas, duelos de espada y una pizca de magia que nunca debe faltar. Lo b\u00e1sico est\u00e1. S\u00f3lo falta ver que, como dice mi colega semi-gabacho, la serie d\u00e9 un respingo de los buenos hacia serie de c\u00f3mic europeo indispensable. Esperando como loco ver, c\u00f3mo se establecer\u00e1 el v\u00ednculo entre todos estos maestros inquisidores.<\/p>\n<p align=\"JUSTIFY\"><img loading=\"lazy\" decoding=\"async\" class=\"alignright  wp-image-11560\" src=\"https:\/\/www.cronicasliterarias.es\/wp-content\/uploads\/2022\/12\/G_14829_03-300x100.jpeg\" alt=\"\" width=\"276\" height=\"92\" srcset=\"https:\/\/www.cronicasliterarias.es\/wp-content\/uploads\/2022\/12\/G_14829_03-300x100.jpeg 300w, https:\/\/www.cronicasliterarias.es\/wp-content\/uploads\/2022\/12\/G_14829_03.jpeg 756w\" sizes=\"auto, (max-width: 276px) 100vw, 276px\" \/>Promete. Ideal para muchos de nosotros que hemos quedado hu\u00e9rfanos de buena Fantas\u00eda tras ver la decepci\u00f3n que ha sido <em>Los Anillos de Poder<\/em>&#8230; Por poner un ejemplo.<\/p>\n","protected":false},"excerpt":{"rendered":"<p>Jean-Luc Istin vuelve a la carga para ofrecernos un universo completo que se desarrollar\u00e1 en seis vol\u00famenes, primero y segundo de los cuales acaba de poner un pie en nuestro pa\u00eds gracias a Yermo Ediciones. Y cada \u00e1lbum independiente a cargo de un guionista y un dise\u00f1ador diferente, una nueva serie de fantas\u00eda realizada por [&hellip;]<\/p>\n","protected":false},"author":4,"featured_media":0,"comment_status":"closed","ping_status":"closed","sticky":false,"template":"","format":"standard","meta":{"footnotes":""},"categories":[53,44,34,6,104],"tags":[297,11,10,105],"class_list":["post-11552","post","type-post","status-publish","format-standard","hentry","category-bd","category-comic-europeo","category-fantasia","category-resenas","category-yermo-ediciones","tag-comic-europeo-2022","tag-j-j-castillo","tag-resenas","tag-yermo-ediciones"],"_links":{"self":[{"href":"https:\/\/www.cronicasliterarias.es\/index.php?rest_route=\/wp\/v2\/posts\/11552","targetHints":{"allow":["GET"]}}],"collection":[{"href":"https:\/\/www.cronicasliterarias.es\/index.php?rest_route=\/wp\/v2\/posts"}],"about":[{"href":"https:\/\/www.cronicasliterarias.es\/index.php?rest_route=\/wp\/v2\/types\/post"}],"author":[{"embeddable":true,"href":"https:\/\/www.cronicasliterarias.es\/index.php?rest_route=\/wp\/v2\/users\/4"}],"replies":[{"embeddable":true,"href":"https:\/\/www.cronicasliterarias.es\/index.php?rest_route=%2Fwp%2Fv2%2Fcomments&post=11552"}],"version-history":[{"count":4,"href":"https:\/\/www.cronicasliterarias.es\/index.php?rest_route=\/wp\/v2\/posts\/11552\/revisions"}],"predecessor-version":[{"id":11563,"href":"https:\/\/www.cronicasliterarias.es\/index.php?rest_route=\/wp\/v2\/posts\/11552\/revisions\/11563"}],"wp:attachment":[{"href":"https:\/\/www.cronicasliterarias.es\/index.php?rest_route=%2Fwp%2Fv2%2Fmedia&parent=11552"}],"wp:term":[{"taxonomy":"category","embeddable":true,"href":"https:\/\/www.cronicasliterarias.es\/index.php?rest_route=%2Fwp%2Fv2%2Fcategories&post=11552"},{"taxonomy":"post_tag","embeddable":true,"href":"https:\/\/www.cronicasliterarias.es\/index.php?rest_route=%2Fwp%2Fv2%2Ftags&post=11552"}],"curies":[{"name":"wp","href":"https:\/\/api.w.org\/{rel}","templated":true}]}}