{"id":11565,"date":"2022-12-16T00:05:00","date_gmt":"2022-12-16T00:05:00","guid":{"rendered":"https:\/\/www.cronicasliterarias.es\/?p=11565"},"modified":"2022-12-17T21:09:20","modified_gmt":"2022-12-17T21:09:20","slug":"resena-demon-el-infierno-es-la-tierra-de-andrew-constant-y-brad-walker-a-revisar","status":"publish","type":"post","link":"https:\/\/www.cronicasliterarias.es\/?p=11565","title":{"rendered":"Rese\u00f1a: Demon. El Infierno es la Tierra, de Andrew Constant y Brad Walker"},"content":{"rendered":"<p align=\"JUSTIFY\"><img loading=\"lazy\" decoding=\"async\" class=\"alignleft  wp-image-11566\" src=\"https:\/\/www.cronicasliterarias.es\/wp-content\/uploads\/2022\/12\/Demon_El_infierno_es_la_tierra-671x1024.jpg\" alt=\"\" width=\"225\" height=\"344\" srcset=\"https:\/\/www.cronicasliterarias.es\/wp-content\/uploads\/2022\/12\/Demon_El_infierno_es_la_tierra-671x1024.jpg 671w, https:\/\/www.cronicasliterarias.es\/wp-content\/uploads\/2022\/12\/Demon_El_infierno_es_la_tierra-196x300.jpg 196w, https:\/\/www.cronicasliterarias.es\/wp-content\/uploads\/2022\/12\/Demon_El_infierno_es_la_tierra.jpg 717w\" sizes=\"auto, (max-width: 225px) 100vw, 225px\" \/>Para los que somos de seguir a personajes villanos, anti-h\u00e9roes o malutos que consiguen tener su propia cabecera, la miniserie <em>Demon: El Infierno es la Tierra<\/em> no era otra cosa que un caramelito para degustar cuando se preciara. Y se preci\u00f3 no hace mucho en nuestro pa\u00eds gracias a ECC Ediciones que la publica en nuestro pa\u00eds en un genial tomito que recopila la miniserie propiamente dicha <em>(Hell is Earth).<\/em><\/p>\n<p align=\"JUSTIFY\">Obviamente, esta historia de DC Comics se enfoca en el personaje del demonio Etrigan que si bien es y siempre fue, un personaje de segundo nivel relativamente popular, para algunos de nosotros que siempre le hemos seguido, cada vez que lo vemos lo alentamos a intentar postularse para presidente&#8230; jajaj. No os ray\u00e9is con mi locura, este tipo de humor negro ya fue tratado en el guion de un c\u00f3mic de 1992 donde incluso Etrigan presentaba una campa\u00f1a, escrita por Dwayne McDuffie, con asombrosas similitudes con las payasadas del presidente Donald Trump durante las elecciones presidenciales USA de 2016. Fue una de esas historias que me hicieron amar a\u00fan m\u00e1s al personaje y todo lo que le rodea, y no precisamente por ser af\u00edn al tontolabas de Trump. <img loading=\"lazy\" decoding=\"async\" class=\"alignright  wp-image-11567\" src=\"https:\/\/www.cronicasliterarias.es\/wp-content\/uploads\/2022\/12\/Demon_El_infierno_es_la_tierra02-300x282.jpg\" alt=\"\" width=\"213\" height=\"200\" srcset=\"https:\/\/www.cronicasliterarias.es\/wp-content\/uploads\/2022\/12\/Demon_El_infierno_es_la_tierra02-300x282.jpg 300w, https:\/\/www.cronicasliterarias.es\/wp-content\/uploads\/2022\/12\/Demon_El_infierno_es_la_tierra02.jpg 624w\" sizes=\"auto, (max-width: 213px) 100vw, 213px\" \/>No obstante, debo hablar sobre <em>The Demon<\/em> tambi\u00e9n, para el que no lo conozca y se haya sentido atra\u00eddo a la hora de leer esta rese\u00f1a.<\/p>\n<p align=\"JUSTIFY\"><em>Demon<\/em> trata sobre una criatura del infierno llamada Etrigan, que ocupa el cuerpo de un humano llamado Jason Blood en lo que ser\u00eda una posible variante de la idea del Dr. Jekyll y Mr. Hyde. El personaje fue creado por el maestro-dios-del noveno arte estadounidense Jack Kirby en 1972, siguiendo una directiva editorial para crear un t\u00edtulo que fuera \u00abalgo un poco demon\u00edaco\u00bb. Etrigan es amarillo, respira fuego y normalmente habla en verso. Me parto el culo. Y con un car\u00e1cter no siempre altruista, como se\u00f1alaron cierto cr\u00edticos. Me parto a\u00fan m\u00e1s. <em>El Infierno es la Tierra<\/em> es un arco que sumerge a los lectores en medio de un sue\u00f1o, o mejor dicho, una pesadilla experimentada por Jason Blood, quien ahora vive solo en la regi\u00f3n del Valle de la Muerte (Nevada, USA). La pesadilla planteada est\u00e1 en perspectiva y en primera persona. Blood se encuentra con una ni\u00f1a que pide ayuda, antes de que la quemen viva&#8230; Al despertar, Etrigan ri\u00f1e a Jason, quien dice estar decepcionado debido a que el sue\u00f1o termin\u00f3 antes de que pudiera comerse a la ni\u00f1a&#8230;<\/p>\n<p align=\"JUSTIFY\"><img loading=\"lazy\" decoding=\"async\" class=\"alignleft  wp-image-11569\" src=\"https:\/\/www.cronicasliterarias.es\/wp-content\/uploads\/2022\/12\/Demon_El_infierno_es_la_tierra03-198x300.jpg\" alt=\"\" width=\"140\" height=\"212\" srcset=\"https:\/\/www.cronicasliterarias.es\/wp-content\/uploads\/2022\/12\/Demon_El_infierno_es_la_tierra03-198x300.jpg 198w, https:\/\/www.cronicasliterarias.es\/wp-content\/uploads\/2022\/12\/Demon_El_infierno_es_la_tierra03-675x1024.jpg 675w, https:\/\/www.cronicasliterarias.es\/wp-content\/uploads\/2022\/12\/Demon_El_infierno_es_la_tierra03.jpg 720w\" sizes=\"auto, (max-width: 140px) 100vw, 140px\" \/>\u2026 y a trav\u00e9s de la conversaci\u00f3n interna de Etrigan y Jason, se revela que Jason se ha convertido en un recluso que ha evitado el contacto humano y a la poblaci\u00f3n, en general, mientras usa el mecanismo del alcohol para evitar que el Demonio Etrigan se manifieste. Luego, el c\u00f3mic cambia moment\u00e1neamente a otro personaje: la hechicera Madame Xanadu. Otro personaje que fue creado por los grandes m\u00edsticos guionistas DC, una se\u00f1orita-se\u00f1ora que se la identifica como Nimue, una hechicera de la mitolog\u00eda art\u00farica popularizada por Sir Thomas Malory en su novela <em>La muerte de Arturo (Le Morte d&#8217;Arthur)<\/em>. Pero otro personaje de la d\u00e9cada de los 70 en los c\u00f3mics de superh\u00e9roes, residente de la Gran Manzana y que se le puede encontrar en una tiendecita del Greenwich Village. Pero aqu\u00ed la vemos montando en moto y con ropa de motera mientras todav\u00eda usa su tiara de marca registrada. Aparentemente est\u00e1 buscando algo que la historia revelar\u00e1 m\u00e1s adelante y que nos os pienso contar porque ya sab\u00e9is&#8230;, de lo chulo, spoilers cero.<\/p>\n<p align=\"JUSTIFY\">Desde la introducci\u00f3n de Xanadu en la historia, la trama cambia. Y empieza a molar un huevo. Un trampol\u00edn para la trama. Los lectores no deben esperar demasiada innovaci\u00f3n cuando <img loading=\"lazy\" decoding=\"async\" class=\"alignright  wp-image-11568\" src=\"https:\/\/www.cronicasliterarias.es\/wp-content\/uploads\/2022\/12\/Demon_El_infierno_es_la_tierra01-238x300.jpg\" alt=\"\" width=\"167\" height=\"210\" srcset=\"https:\/\/www.cronicasliterarias.es\/wp-content\/uploads\/2022\/12\/Demon_El_infierno_es_la_tierra01-238x300.jpg 238w, https:\/\/www.cronicasliterarias.es\/wp-content\/uploads\/2022\/12\/Demon_El_infierno_es_la_tierra01.jpg 636w\" sizes=\"auto, (max-width: 167px) 100vw, 167px\" \/>se trata de estas historias que no son otra cosa que puro divertimento. Villanos ri\u00e9ndose de los cuerpos que usurpan, que adem\u00e1s se r\u00eden del lector cuando pueden. Este es el modus operandi t\u00edpico del personaje de Etrigan y que el guionista Andrew Constant ha sabido mantener fiel con el cl\u00e1sico personaje, que todos sabemos como se las gasta.<\/p>\n<p align=\"JUSTIFY\">Tomito muy mol\u00f3n.<\/p>\n","protected":false},"excerpt":{"rendered":"<p>Para los que somos de seguir a personajes villanos, anti-h\u00e9roes o malutos que consiguen tener su propia cabecera, la miniserie Demon: El Infierno es la Tierra no era otra cosa que un caramelito para degustar cuando se preciara. Y se preci\u00f3 no hace mucho en nuestro pa\u00eds gracias a ECC Ediciones que la publica en [&hellip;]<\/p>\n","protected":false},"author":4,"featured_media":0,"comment_status":"closed","ping_status":"closed","sticky":false,"template":"","format":"standard","meta":{"footnotes":""},"categories":[49,29,74,6],"tags":[73,11,10],"class_list":["post-11565","post","type-post","status-publish","format-standard","hentry","category-comics","category-ecc-ediciones","category-integral","category-resenas","tag-ecc-ediciones-dc-comics","tag-j-j-castillo","tag-resenas"],"_links":{"self":[{"href":"https:\/\/www.cronicasliterarias.es\/index.php?rest_route=\/wp\/v2\/posts\/11565","targetHints":{"allow":["GET"]}}],"collection":[{"href":"https:\/\/www.cronicasliterarias.es\/index.php?rest_route=\/wp\/v2\/posts"}],"about":[{"href":"https:\/\/www.cronicasliterarias.es\/index.php?rest_route=\/wp\/v2\/types\/post"}],"author":[{"embeddable":true,"href":"https:\/\/www.cronicasliterarias.es\/index.php?rest_route=\/wp\/v2\/users\/4"}],"replies":[{"embeddable":true,"href":"https:\/\/www.cronicasliterarias.es\/index.php?rest_route=%2Fwp%2Fv2%2Fcomments&post=11565"}],"version-history":[{"count":4,"href":"https:\/\/www.cronicasliterarias.es\/index.php?rest_route=\/wp\/v2\/posts\/11565\/revisions"}],"predecessor-version":[{"id":11581,"href":"https:\/\/www.cronicasliterarias.es\/index.php?rest_route=\/wp\/v2\/posts\/11565\/revisions\/11581"}],"wp:attachment":[{"href":"https:\/\/www.cronicasliterarias.es\/index.php?rest_route=%2Fwp%2Fv2%2Fmedia&parent=11565"}],"wp:term":[{"taxonomy":"category","embeddable":true,"href":"https:\/\/www.cronicasliterarias.es\/index.php?rest_route=%2Fwp%2Fv2%2Fcategories&post=11565"},{"taxonomy":"post_tag","embeddable":true,"href":"https:\/\/www.cronicasliterarias.es\/index.php?rest_route=%2Fwp%2Fv2%2Ftags&post=11565"}],"curies":[{"name":"wp","href":"https:\/\/api.w.org\/{rel}","templated":true}]}}