{"id":11622,"date":"2022-12-22T00:05:00","date_gmt":"2022-12-22T00:05:00","guid":{"rendered":"https:\/\/www.cronicasliterarias.es\/?p=11622"},"modified":"2022-12-22T01:20:41","modified_gmt":"2022-12-22T01:20:41","slug":"resena-superman-la-caida-de-camelot-de-kurt-busiek-y-carlos-pacheco-a-revisar","status":"publish","type":"post","link":"https:\/\/www.cronicasliterarias.es\/?p=11622","title":{"rendered":"Rese\u00f1a: Superman. La Ca\u00edda de Camelot, de Kurt Busiek y Carlos Pacheco"},"content":{"rendered":"<p align=\"JUSTIFY\"><img loading=\"lazy\" decoding=\"async\" class=\"alignright  wp-image-11623\" src=\"https:\/\/www.cronicasliterarias.es\/wp-content\/uploads\/2022\/12\/superman_lacaidadecamelot-666x1024.jpg\" alt=\"\" width=\"197\" height=\"303\" srcset=\"https:\/\/www.cronicasliterarias.es\/wp-content\/uploads\/2022\/12\/superman_lacaidadecamelot-666x1024.jpg 666w, https:\/\/www.cronicasliterarias.es\/wp-content\/uploads\/2022\/12\/superman_lacaidadecamelot-195x300.jpg 195w, https:\/\/www.cronicasliterarias.es\/wp-content\/uploads\/2022\/12\/superman_lacaidadecamelot.jpg 756w\" sizes=\"auto, (max-width: 197px) 100vw, 197px\" \/>Aunque imagino que vendr\u00e1n algunas m\u00e1s, est\u00e1 muy bien que se haya rescatado esta obra que se marcaron mi amado guionista Kurt Busiek y el recientemente fallecido maestro de la ilustraci\u00f3n patrio Carlos Pacheco. <em>La Ca\u00edda de Camelot<\/em> fue, es y ser\u00e1 siempre una obra que muchos recordar\u00e1n por lo que supuso. Kurt Busiek ha escrito un par de grandes arcos de <em>Superman<\/em> y aunque para muchos fans no es una aventura de las mejor consideradas, para m\u00ed s\u00ed que es destacable lo que en este arco argumental se hizo. Busiek escribe una de las mejores Lois Lane jam\u00e1s escritas, y su Clark y dem\u00e1s personajes dan en el clavo desde el cap\u00edtulo inicial. Son simp\u00e1ticos, encantadores y reales. Y el arte de Carlos Pacheco, aunque no era distintivo, empieza, en mi opini\u00f3n a volverse elegante aqu\u00ed. Al menos, para lo que yo entiendo que una historia de <em>Superman<\/em> debe aportar.<\/p>\n<p align=\"JUSTIFY\">Kurt Busiek contin\u00faa haciendo un trabajo de terrateniente en este <em>Superman<\/em>. Su h\u00e9roe se parece muy poco a la encarnaci\u00f3n de Jeph Loeb de principios de los 2000. L<img loading=\"lazy\" decoding=\"async\" class=\"alignleft size-medium wp-image-11624\" src=\"https:\/\/www.cronicasliterarias.es\/wp-content\/uploads\/2022\/12\/superman_lacaidadecamelot04-64x300.jpg\" alt=\"\" width=\"64\" height=\"300\" srcset=\"https:\/\/www.cronicasliterarias.es\/wp-content\/uploads\/2022\/12\/superman_lacaidadecamelot04-64x300.jpg 64w, https:\/\/www.cronicasliterarias.es\/wp-content\/uploads\/2022\/12\/superman_lacaidadecamelot04-219x1024.jpg 219w, https:\/\/www.cronicasliterarias.es\/wp-content\/uploads\/2022\/12\/superman_lacaidadecamelot04.jpg 241w\" sizes=\"auto, (max-width: 64px) 100vw, 64px\" \/>o que le da a Clark una personalidad m\u00e1s com\u00fan, y por tanto, diferente. Soy fan de la era anterior de <em>Superman<\/em>, esa de la que muchos no fueron y creo que es vital eso para encontrar interesante este tomo que se marca ECC Ediciones este mes que recopila los <em>Superman #654-#658, #662-#664, #667, Superman Annual #13 USA<\/em>; en definitiva, todo lo que comprender\u00eda esta aventura a la que se llam\u00f3 <em>La Ca\u00edda de Camelot<\/em>, que adem\u00e1s recopila una potente secci\u00f3n de material adicional. Busiek ofrece algunos fragmentos geniales en esta historia de <em>Superman.<\/em> Me encant\u00f3 el regreso de Bruno Mannheim y la \u00abs\u00faper-lectura\u00bb de Clark en el avi\u00f3n fue muy ingeniosa. Busiek representa tremendamente bien la s\u00faper-inteligencia de Superman cuando es El Hombre de Acero. E insisto nuevamente en que Busiek sube de categor\u00eda por escribir una Lois Lane que es a la vez solidaria e independiente sin parecer una arp\u00eda (incluso si es el \u00fanico personaje que Pacheco dibuj\u00f3 de una forma muy diferente a como la ten\u00edamos algunos en mente).<\/p>\n<p align=\"JUSTIFY\">\u00bfDe qu\u00e9 va? Un d\u00eda cualquiera, Superman, protege Metropolis de diversos villanos, incluida la organizaci\u00f3n conocida como Intergang, pero est\u00e1 a punto de surgir un peligro inconcebible en la remota Kazajist\u00e1n. Se trata de un nuevo adversario al que el Hombre de Acero solo har\u00e1 frente si lo permite Ari\u00f3n, un hechicero venido del pasado remoto de Atlantis, que le avisa de que el mundo est\u00e1 a punto de transformarse en una distop\u00eda <img loading=\"lazy\" decoding=\"async\" class=\"alignright  wp-image-11626\" src=\"https:\/\/www.cronicasliterarias.es\/wp-content\/uploads\/2022\/12\/superman_lacaidadecamelot02-300x279.jpg\" alt=\"\" width=\"234\" height=\"218\" srcset=\"https:\/\/www.cronicasliterarias.es\/wp-content\/uploads\/2022\/12\/superman_lacaidadecamelot02-300x279.jpg 300w, https:\/\/www.cronicasliterarias.es\/wp-content\/uploads\/2022\/12\/superman_lacaidadecamelot02-768x715.jpg 768w, https:\/\/www.cronicasliterarias.es\/wp-content\/uploads\/2022\/12\/superman_lacaidadecamelot02.jpg 965w\" sizes=\"auto, (max-width: 234px) 100vw, 234px\" \/>horrible. Y ser\u00e1 por su culpa&#8230; Esto dice la sinopsis pero yo a\u00f1ado que hablamos de un mago venido desde el siglo XVII que viaja en el tiempo al presente para advertir a Superman que el futuro es sombr\u00edo y que un h\u00e9roe como \u00e9l deber\u00eda hacer algo. En una subtrama totalmente aparte, se nos cuenta que Kal-El tiene que enfrentarse contra lo que parece ser un ser muy similar a Doomsday antes de tener que luchar contra un malote, m\u00e1s malo a\u00fan y unidimensional, llamado Khyber. Una colecci\u00f3n de historias que forman un todo y empujan a <em>La Ca\u00edda de Camelot<\/em> como lectura a recomendar. Por lo diferente. Y eso que nunca fui muy fan de los arcos que mezclan superh\u00e9roes con fantas\u00eda cl\u00e1sica. El salto de Superman luchando contra el bizarro Subjekt-13 a la interrupci\u00f3n de Arion, me pareci\u00f3 un momentazo. Hay bastante acci\u00f3n aqu\u00ed. Aunque la conclusi\u00f3n&#8230;, no s\u00e9 yo&#8230; Pero el camino, todo lo que se vive, es lo que me impulsa a recomendar este tomo.<\/p>\n<p align=\"JUSTIFY\">El problema de <em>La Ca\u00edda de Camelot<\/em> es que la gente que la disfrut\u00f3 como una historia mensual, ve\u00eda que la trama se repet\u00eda con la misma premisa una y otra vez. Siempre dir\u00e9 que hay historias que se tienen que publicar de forma \u00edntegra aunque la editorial pierda <img loading=\"lazy\" decoding=\"async\" class=\"alignleft  wp-image-11625\" src=\"https:\/\/www.cronicasliterarias.es\/wp-content\/uploads\/2022\/12\/superman_lacaidadecamelot01-275x300.jpg\" alt=\"\" width=\"185\" height=\"202\" srcset=\"https:\/\/www.cronicasliterarias.es\/wp-content\/uploads\/2022\/12\/superman_lacaidadecamelot01-275x300.jpg 275w, https:\/\/www.cronicasliterarias.es\/wp-content\/uploads\/2022\/12\/superman_lacaidadecamelot01.jpg 468w\" sizes=\"auto, (max-width: 185px) 100vw, 185px\" \/>dinero. Lo importante es la historia. Este tema puede hacer que los fans critiquen una historia sin raz\u00f3n. Y eso precisamente es de lo que puede ser ejemplo <em>La Ca\u00edda de Camelot<\/em>. Busiek y Pacheco hacen un buen trabajo mostrando el horror de Superman, ya que debe vencer a un Subjekt-17, un tipo que aporta un mal tan tremendo que casi no tiene sentido. Y cuando lo lees de forma seguida, lo flipas.<\/p>\n","protected":false},"excerpt":{"rendered":"<p>Aunque imagino que vendr\u00e1n algunas m\u00e1s, est\u00e1 muy bien que se haya rescatado esta obra que se marcaron mi amado guionista Kurt Busiek y el recientemente fallecido maestro de la ilustraci\u00f3n patrio Carlos Pacheco. La Ca\u00edda de Camelot fue, es y ser\u00e1 siempre una obra que muchos recordar\u00e1n por lo que supuso. Kurt Busiek ha [&hellip;]<\/p>\n","protected":false},"author":4,"featured_media":0,"comment_status":"closed","ping_status":"closed","sticky":false,"template":"","format":"standard","meta":{"footnotes":""},"categories":[49,29,74,6],"tags":[73,11,10],"class_list":["post-11622","post","type-post","status-publish","format-standard","hentry","category-comics","category-ecc-ediciones","category-integral","category-resenas","tag-ecc-ediciones-dc-comics","tag-j-j-castillo","tag-resenas"],"_links":{"self":[{"href":"https:\/\/www.cronicasliterarias.es\/index.php?rest_route=\/wp\/v2\/posts\/11622","targetHints":{"allow":["GET"]}}],"collection":[{"href":"https:\/\/www.cronicasliterarias.es\/index.php?rest_route=\/wp\/v2\/posts"}],"about":[{"href":"https:\/\/www.cronicasliterarias.es\/index.php?rest_route=\/wp\/v2\/types\/post"}],"author":[{"embeddable":true,"href":"https:\/\/www.cronicasliterarias.es\/index.php?rest_route=\/wp\/v2\/users\/4"}],"replies":[{"embeddable":true,"href":"https:\/\/www.cronicasliterarias.es\/index.php?rest_route=%2Fwp%2Fv2%2Fcomments&post=11622"}],"version-history":[{"count":4,"href":"https:\/\/www.cronicasliterarias.es\/index.php?rest_route=\/wp\/v2\/posts\/11622\/revisions"}],"predecessor-version":[{"id":11631,"href":"https:\/\/www.cronicasliterarias.es\/index.php?rest_route=\/wp\/v2\/posts\/11622\/revisions\/11631"}],"wp:attachment":[{"href":"https:\/\/www.cronicasliterarias.es\/index.php?rest_route=%2Fwp%2Fv2%2Fmedia&parent=11622"}],"wp:term":[{"taxonomy":"category","embeddable":true,"href":"https:\/\/www.cronicasliterarias.es\/index.php?rest_route=%2Fwp%2Fv2%2Fcategories&post=11622"},{"taxonomy":"post_tag","embeddable":true,"href":"https:\/\/www.cronicasliterarias.es\/index.php?rest_route=%2Fwp%2Fv2%2Ftags&post=11622"}],"curies":[{"name":"wp","href":"https:\/\/api.w.org\/{rel}","templated":true}]}}