{"id":1169,"date":"2025-01-12T00:05:00","date_gmt":"2025-01-12T00:05:00","guid":{"rendered":"https:\/\/www.cronicasliterarias.es\/?p=1169"},"modified":"2025-01-13T08:19:11","modified_gmt":"2025-01-13T08:19:11","slug":"resena-hildegard-von-bingen-las-estrellas-extinguidas-de-sere-skuld","status":"publish","type":"post","link":"https:\/\/www.cronicasliterarias.es\/?p=1169","title":{"rendered":"Rese\u00f1a: Hildegard Von Bingen. Las Estrellas Extinguidas, de S\u00e9re Skuld"},"content":{"rendered":"<p align=\"JUSTIFY\"><img loading=\"lazy\" decoding=\"async\" class=\"alignright  wp-image-1171\" src=\"https:\/\/www.cronicasliterarias.es\/wp-content\/uploads\/2020\/03\/hildergard_estrelllasextinguidasCL.jpg\" alt=\"\" width=\"177\" height=\"266\" srcset=\"https:\/\/www.cronicasliterarias.es\/wp-content\/uploads\/2020\/03\/hildergard_estrelllasextinguidasCL.jpg 240w, https:\/\/www.cronicasliterarias.es\/wp-content\/uploads\/2020\/03\/hildergard_estrelllasextinguidasCL-200x300.jpg 200w\" sizes=\"auto, (max-width: 177px) 100vw, 177px\" \/>Hoy nuestra rese\u00f1a diaria va para uno de esos libros que no dejan indiferente. Mejor dicho, que habla de una persona especial. De esas personas que vinieron al mundo para ser diferentes. El don para desmascarse un poquito de la muchedumbre&#8230; Hablo del libro basado en la referente se\u00f1ora alemana Hildegard Von Bingen. Y ahora dir\u00e9is: \u00bfUn poquito diferente? Santa Hildegarda de Bingen (1098-1179) fue compositora, escritora, fil\u00f3fofa, cient\u00edfica, naturalista, m\u00e9dica, pol\u00edmata, abadesa, m\u00edstica, l\u00edder monacal y profetisa alemana. Ah, y Santa. La llamaban la sibila del Rin. Bien, pues Hildergarda fue considerada una de las personalidades m\u00e1s influyentes, polifac\u00e9ticas y fascinantes de la Baja Edad Media. No estoy hablando de ayer mismo&#8230; Y aparte de estar bien considerada entre las mujeres m\u00e1s ilustres del mundo, tambi\u00e9n lo fue entre el monacato femenino, y eso es mucho decir. Fue un ejemplo de inteligencia y cultura, fuera de lo com\u00fan. Una de las escritoras m\u00e1s prol\u00edficas de su tiempo. Adem\u00e1s de ser considerada por muchos expertos como la madre de la historia natural.<\/p>\n<p align=\"JUSTIFY\">Ahora otro personaje singular. La escritora S\u00e9re Skuld, autora de este libro llamado <em>Las Estrellas Extinguidas<\/em>, que publica la editorial Aurora Dorada. Una novela que homenajea en la ficci\u00f3n a la maravillosa Hildergard Von Bingen. Tal y como aporta la sinopsis editorial: la se\u00f1orita S\u00e9re Skuld es bruja del caos, cantante, m\u00fasica, artesana y performer. Se expresa a trav\u00e9s de m\u00fasica ritualista y performance-art inspirada en tradiciones remotas y realidades alternativas. Complementa todo eso con la escritura, el modelado y la reproducci\u00f3n de piezas rituales y cham\u00e1nicas. Es miembro de la Academia de las Artes Esc\u00e9nicas, coautora del libro <em>Salvator Rosa<\/em> y colaboradora habitual del programa <em>La Esc\u00f3bula de la Br\u00fajula<\/em>, del maestro Jes\u00fas Callejo, del que soy fiel seguidor de su trabajo. En resumidas cuentas, S\u00e9re Skuld va camino de convertirse en una Hildergarda contempor\u00e1nea.<\/p>\n<p align=\"JUSTIFY\">En <em>Las Estrellas Extinguida<\/em>s se realiza un escrito ligero (que no llega siquiera a las doscientas p\u00e1ginas), una narraci\u00f3n bastante curiosa y entretenida que gira en torno a la multifac\u00e9tica monja y sus \u201cencuentros\u201d. Pero no es una biograf\u00eda al uso, dir\u00eda que es m\u00e1s bien una serie de situaciones a modo de ficci\u00f3n, para con su vida, su m\u00edstica, sus secretos, sus profec\u00edas&#8230; Skuld, s\u00ed es cierto que consigue -como alega el maestro Jes\u00fas Callejo en su Pr\u00f3logo-, realizar un acto de magia que convierte una narraci\u00f3n muy personal y valiente en puro sentimiento \u00edntimo de empat\u00eda. Una lectura que se vuelve casi m\u00edstica al leerla y te lleva a pensar en lo maravilloso de una mente diferente y en su modo de ver las cosas; en aquellos a\u00f1os oscuros de hambre, guerras y miedos constantes a lo desconocido como fue la Baja Edad Media.<\/p>\n<p align=\"JUSTIFY\">Una experiencia. Un argumento que en ocasiones llega a impactar, incluso se toca el Terror en diferentes momentos, pero siempre busca la luz, la esperanza, como al parecer sol\u00eda hacer la polifac\u00e9tica se\u00f1ora Hildegarda, al final de los miles de t\u00faneles que tiene el Mal. <em>Las Estrellas Extinguidas (Hildegard Von Bingen)<\/em> es este escrito, manuscrito, novelita que se lee de una sentada y aporta ideas muy chulas sobre una figura m\u00edstica, como pocas.<\/p>\n<p align=\"JUSTIFY\">Como curiosidad, sabed que a Hildegarda la hacen santa en 2012. \u00a1En 2012, la Iglesia le hace honor a tan polivalente alma! Como dice ese personajillo del reciente film <em>El Hoyo<\/em>: \u00abObvio\u00bb. Era mujer. En tiempos en los que era dif\u00edcil serlo. Su persona, sus ideas, su mente abierta, caminaba entre la linea fina de lo sagrado y la tan denostada alquimia. \u00abObvio\u00bb. Ahora se han dado cuenta de lo potente que es y la atraen hacia su bando&#8230;<\/p>\n<p align=\"JUSTIFY\">Si eres una mente inquieta, obvio que tienes que leer <em>Las Estrellas Extinguidas<\/em>.<\/p>\n","protected":false},"excerpt":{"rendered":"<p>Hoy nuestra rese\u00f1a diaria va para uno de esos libros que no dejan indiferente. Mejor dicho, que habla de una persona especial. De esas personas que vinieron al mundo para ser diferentes. El don para desmascarse un poquito de la muchedumbre&#8230; Hablo del libro basado en la referente se\u00f1ora alemana Hildegard Von Bingen. Y ahora [&hellip;]<\/p>\n","protected":false},"author":4,"featured_media":0,"comment_status":"closed","ping_status":"closed","sticky":false,"template":"","format":"standard","meta":{"footnotes":""},"categories":[34,14,6],"tags":[126,11,10],"class_list":["post-1169","post","type-post","status-publish","format-standard","hentry","category-fantasia","category-narrativa","category-resenas","tag-editorial-aurora-dorada","tag-j-j-castillo","tag-resenas"],"_links":{"self":[{"href":"https:\/\/www.cronicasliterarias.es\/index.php?rest_route=\/wp\/v2\/posts\/1169","targetHints":{"allow":["GET"]}}],"collection":[{"href":"https:\/\/www.cronicasliterarias.es\/index.php?rest_route=\/wp\/v2\/posts"}],"about":[{"href":"https:\/\/www.cronicasliterarias.es\/index.php?rest_route=\/wp\/v2\/types\/post"}],"author":[{"embeddable":true,"href":"https:\/\/www.cronicasliterarias.es\/index.php?rest_route=\/wp\/v2\/users\/4"}],"replies":[{"embeddable":true,"href":"https:\/\/www.cronicasliterarias.es\/index.php?rest_route=%2Fwp%2Fv2%2Fcomments&post=1169"}],"version-history":[{"count":5,"href":"https:\/\/www.cronicasliterarias.es\/index.php?rest_route=\/wp\/v2\/posts\/1169\/revisions"}],"predecessor-version":[{"id":17922,"href":"https:\/\/www.cronicasliterarias.es\/index.php?rest_route=\/wp\/v2\/posts\/1169\/revisions\/17922"}],"wp:attachment":[{"href":"https:\/\/www.cronicasliterarias.es\/index.php?rest_route=%2Fwp%2Fv2%2Fmedia&parent=1169"}],"wp:term":[{"taxonomy":"category","embeddable":true,"href":"https:\/\/www.cronicasliterarias.es\/index.php?rest_route=%2Fwp%2Fv2%2Fcategories&post=1169"},{"taxonomy":"post_tag","embeddable":true,"href":"https:\/\/www.cronicasliterarias.es\/index.php?rest_route=%2Fwp%2Fv2%2Ftags&post=1169"}],"curies":[{"name":"wp","href":"https:\/\/api.w.org\/{rel}","templated":true}]}}