{"id":11733,"date":"2023-01-02T00:05:00","date_gmt":"2023-01-02T00:05:00","guid":{"rendered":"https:\/\/www.cronicasliterarias.es\/?p=11733"},"modified":"2023-12-23T15:19:12","modified_gmt":"2023-12-23T15:19:12","slug":"resena-mle-kull-el-destructor-de-roy-thomas-gerry-conway-steve-englehart-doug-moench-y-vvaa","status":"publish","type":"post","link":"https:\/\/www.cronicasliterarias.es\/?p=11733","title":{"rendered":"Rese\u00f1a: Kull El Destructor, de Roy Thomas, Gerry Conway, Englehart, Moench y VVAA"},"content":{"rendered":"<p align=\"JUSTIFY\"><img loading=\"lazy\" decoding=\"async\" class=\"alignleft  wp-image-11747\" src=\"https:\/\/www.cronicasliterarias.es\/wp-content\/uploads\/2023\/01\/kulleldestructor-689x1024.jpg\" alt=\"\" width=\"230\" height=\"342\" srcset=\"https:\/\/www.cronicasliterarias.es\/wp-content\/uploads\/2023\/01\/kulleldestructor-689x1024.jpg 689w, https:\/\/www.cronicasliterarias.es\/wp-content\/uploads\/2023\/01\/kulleldestructor-202x300.jpg 202w, https:\/\/www.cronicasliterarias.es\/wp-content\/uploads\/2023\/01\/kulleldestructor-768x1142.jpg 768w, https:\/\/www.cronicasliterarias.es\/wp-content\/uploads\/2023\/01\/kulleldestructor.jpg 942w\" sizes=\"auto, (max-width: 230px) 100vw, 230px\" \/><em>Kull<\/em> fue concebido por el escritor pulp que nos ha dado tanto y que se fue demasiado joven, el maestro Robert E. Howard, qui\u00e9n tambi\u00e9n cre\u00f3 <em>Conan<\/em> y toda una serie de personajes ic\u00f3nicos de la fantas\u00eda medieval aunque los dos m\u00e1s famosos son estos dos comentados. De hecho, para muchos, <em>Kull the Conqueror<\/em> no es otra cosa que otro hilo de acci\u00f3n rutinario de espada, taparrabos, sandalias y brujer\u00eda con un tipo que no alcanz\u00f3 la fama de <em>Conan <\/em>ni de lejos. \u00bfY por qu\u00e9? Pues por la misma raz\u00f3n que yo he jugado al f\u00fatbol en mis inicios con colegas que le daban mil vueltas a Cristiano Ronaldo o Messi y nunca llegaron a ser profesionales; bien porque no quisieron, porque no estaban en el sitio exacto a la hora adecuada, resumiendo, porque la vida no s\u00f3lo va de tener virtudes sino tambi\u00e9n de tener (mucha) suerte cuando toca. <em>Conan El Cimmerio<\/em> la tuvo y <em>Kull El Conquistador<\/em> casi que no. No se le hizo una peli en condiciones para darlo a conocer ante el mundo, esa gente que no lee, y mucho menos c\u00f3mics. Aunque s\u00ed que hubo traslaci\u00f3n literaria a buenos c\u00f3mics Marvel y eso friends es lo que Panini C\u00f3mics y SD trae con estos maravillosos Marvel Limited Edition que no son oro, sino puro mithril del noveno arte.<\/p>\n<p align=\"JUSTIFY\"><img loading=\"lazy\" decoding=\"async\" class=\"alignright  wp-image-11748\" src=\"https:\/\/www.cronicasliterarias.es\/wp-content\/uploads\/2023\/01\/Kull-El-Destructor-02-200x300.jpg\" alt=\"\" width=\"132\" height=\"198\" srcset=\"https:\/\/www.cronicasliterarias.es\/wp-content\/uploads\/2023\/01\/Kull-El-Destructor-02-200x300.jpg 200w, https:\/\/www.cronicasliterarias.es\/wp-content\/uploads\/2023\/01\/Kull-El-Destructor-02.jpg 381w\" sizes=\"auto, (max-width: 132px) 100vw, 132px\" \/>Tras dos tomazos geniales de <em>Kull El Salvaje (<a href=\"https:\/\/www.cronicasliterarias.es\/?p=7841\">https:\/\/www.cronicasliterarias.es\/?p=7841<\/a>),<\/em> s\u00faper agotados ya en todos sitios, llega este maravilloso tercer tomo denominado <em>Kull El Destructor,<\/em> que comprende toda una serie c\u00f3mics joyitas en si mismo <em>(Kull the Conqueror #1-#10, Kull the Destroyer #11-#29, Creatures on the Loose #10, Monsters on the Prowl #16 <\/em>y material de<em> Kull and the Barbarians #1-#3, The Savage Sword of Conan #9, Conan the Barbarian #10, Conan the Barbarian Annual #3<\/em> y <em>FOOM #14 Conan<\/em>), incluyendo la primera aparici\u00f3n del personaje, dibujada por mi amado Bernie Wrightson. Es decir, todo y cada uno de los c\u00f3mics de la \u00e9poca donde aparec\u00eda este curioso personaje del que os adelanto ya, que al que no conozca, le va a flipar. Y al contrario de lo que piensan muchos, muy diferente en personalidad en comparaci\u00f3n con el famoso cimmerio.<\/p>\n<p align=\"JUSTIFY\">Por tanto, un buen lote de c\u00f3mics Marvel extra\u00eddos de la b\u00f3veda. Y como ejemplo el <em>Kull The Destroyer #11<\/em>, portada con fecha de noviembre de 1973, un c\u00f3mic de <em>Kull<\/em> que exist\u00eda desde 1971 cuando sali\u00f3 el primer n\u00famero pero que tras un par de n\u00fameros de prueba dej\u00f3 de publicarse. Pero luego, en la portada de abril de 1972, Kull apareci\u00f3 en el <em>Monsters On <img loading=\"lazy\" decoding=\"async\" class=\"alignleft  wp-image-11749\" src=\"https:\/\/www.cronicasliterarias.es\/wp-content\/uploads\/2023\/01\/Kull-El-Destructor-05-206x300.jpg\" alt=\"\" width=\"147\" height=\"214\" srcset=\"https:\/\/www.cronicasliterarias.es\/wp-content\/uploads\/2023\/01\/Kull-El-Destructor-05-206x300.jpg 206w, https:\/\/www.cronicasliterarias.es\/wp-content\/uploads\/2023\/01\/Kull-El-Destructor-05.jpg 617w\" sizes=\"auto, (max-width: 147px) 100vw, 147px\" \/>The Prowl #16<\/em> y la cabecera<em> Kull The Conqueror<\/em> volvi\u00f3 con el n\u00famero <em>#3<\/em>, con la portada fechada en julio de 1972 y por haz del destino a la gente le empez\u00f3 a gustar. \u00bfLa portada quiz\u00e1s? Un n\u00famero con una gran portada del artista Mike Ploog, quien proporciona tanto los l\u00e1pices como las tintas. Lo cierto es que quiz\u00e1s fuera por eso porque tuvo la serie cambio de nombre y de dibujante y se empez\u00f3 a vender bien. Los artistas, el equipo hermano-hermana de John y Marie Severin, hicieron un gran trabajo. Y la curiosa an\u00e9cdota de que en la portada se coloc\u00f3 el t\u00edtulo <em>\u00a1Por este hacha gobierno!<\/em> y cuando empiezas la historia te encuentras con el potente t\u00edtulo <em>\u00a1El rey Kull debe morir!<\/em> \u00bfY esto por qu\u00e9? No tengo la respuesta. Marvel Comics dice que la historia est\u00e1 libremente adaptada del cuento de Robert E. Howard (<em>Por esta hacha yo gobierno<\/em>) pero s\u00f3lo Roy Thomas debe saber el porqu\u00e9 de este cambio interno. Curiosidades aparte, una historia que comienza con Kull hablando con su amigo, Brule, diciendo que ahora que es Rey, el hecho de que haya nacido en el extranjero est\u00e1 causando que el Reino cuestione su liderazgo. La escena cambia r\u00e1pidamente a una reuni\u00f3n secreta donde la gente trama la muerte y el derrocamiento de Kull, con la intenci\u00f3n de colocar a otro en el trono&#8230;<\/p>\n<p align=\"JUSTIFY\"><img loading=\"lazy\" decoding=\"async\" class=\"alignright  wp-image-11750\" src=\"https:\/\/www.cronicasliterarias.es\/wp-content\/uploads\/2023\/01\/Kull-El-Destructor-06-195x300.jpg\" alt=\"\" width=\"142\" height=\"218\" srcset=\"https:\/\/www.cronicasliterarias.es\/wp-content\/uploads\/2023\/01\/Kull-El-Destructor-06-195x300.jpg 195w, https:\/\/www.cronicasliterarias.es\/wp-content\/uploads\/2023\/01\/Kull-El-Destructor-06.jpg 450w\" sizes=\"auto, (max-width: 142px) 100vw, 142px\" \/>La escena vuelve a cambiar a Kull, en su sal\u00f3n del trono, donde piensa en sus a\u00f1os de juventud y Roy Thomas nos da una mirada retrospectiva de tres a\u00f1os y medio atr\u00e1s en los comienzos del personaje como luchador intr\u00e9pido. M\u00e1s tarde, en sus aposentos privados, mientras Kull reflexiona, los conspiradores, con la ayuda de varios soldados, irrumpen en los aposentos de Kull y atacan. Se enfrenta con valent\u00eda a las horribles adversidades con una espada y su fiel hacha e incluso despu\u00e9s de recibir una herida grave, contin\u00faa luchando e incluso parece estar ganando. Un hombre contra veinte, pero Kull sigue luchando y se mantiene firme hasta que uno de los conspiradores se revela como el archienemigo de Kull, el Hechicero, \u00a1Thulsa Doom! y usando su hechicer\u00eda, Doom hace que el hacha de Kull sea demasiado pesada para levantarla, y ahora sin armas, Kull es vencido. \u00bfMuerto? Por suerte no. Es arrastrado a las mazmorras del castillo. Y ah\u00ed termina la historia.<\/p>\n<p align=\"JUSTIFY\">Y ya est\u00e1s s\u00faper enganchado. A un personaje que apenas conoc\u00edas y del que quieres saber qu\u00e9 pasar\u00e1 con su futuro y&#8230;, cualquiera que leyera este n\u00famero en 1973 (o 1986 cuando aproximadamente pude leerlo yo por primera vez) provoc\u00f3 que todos busc\u00e1ramos el siguiente n\u00famero con un ansia inusitada. Me contaron que fueron tres meses muuuy laaaargos en USA hasta que sali\u00f3 el siguiente, y bien por estrategia editorial, bien porque no sab\u00edan como seguir, el empuj\u00f3n a la serie y al personaje fue ENORME con dicha espera. Finalmente apareci\u00f3 y se pudo ver qu\u00e9 sucedi\u00f3 despu\u00e9s. <img loading=\"lazy\" decoding=\"async\" class=\"alignleft  wp-image-11751\" src=\"https:\/\/www.cronicasliterarias.es\/wp-content\/uploads\/2023\/01\/Kull-El-Destructor-04-198x300.jpg\" alt=\"\" width=\"141\" height=\"214\" srcset=\"https:\/\/www.cronicasliterarias.es\/wp-content\/uploads\/2023\/01\/Kull-El-Destructor-04-198x300.jpg 198w, https:\/\/www.cronicasliterarias.es\/wp-content\/uploads\/2023\/01\/Kull-El-Destructor-04.jpg 442w\" sizes=\"auto, (max-width: 141px) 100vw, 141px\" \/>Y lo dicho. Ya est\u00e1s o estabas enganchado. As\u00ed que la recomendaci\u00f3n est\u00e1 clara. Necesitas regalarte o que te regalen este volumen que, por supuesto, es independiente de los dos dif\u00edciles de encontrar anteriores, aunque eso no quita que tras leerlo te ans\u00edes por conseguirlos los dem\u00e1s.<\/p>\n<p align=\"JUSTIFY\">Lo siento, por vosotros.<\/p>\n","protected":false},"excerpt":{"rendered":"<p>Kull fue concebido por el escritor pulp que nos ha dado tanto y que se fue demasiado joven, el maestro Robert E. Howard, qui\u00e9n tambi\u00e9n cre\u00f3 Conan y toda una serie de personajes ic\u00f3nicos de la fantas\u00eda medieval aunque los dos m\u00e1s famosos son estos dos comentados. De hecho, para muchos, Kull the Conqueror no [&hellip;]<\/p>\n","protected":false},"author":4,"featured_media":0,"comment_status":"closed","ping_status":"closed","sticky":false,"template":"","format":"standard","meta":{"footnotes":""},"categories":[49,382,28,6,87],"tags":[418,11,86,218,10,85],"class_list":["post-11733","post","type-post","status-publish","format-standard","hentry","category-comics","category-marvel","category-panini-comics","category-resenas","category-sd","tag-biblioteca-kull","tag-j-j-castillo","tag-marvel-limited-edition","tag-panini-comics-marvel","tag-resenas","tag-sd"],"_links":{"self":[{"href":"https:\/\/www.cronicasliterarias.es\/index.php?rest_route=\/wp\/v2\/posts\/11733","targetHints":{"allow":["GET"]}}],"collection":[{"href":"https:\/\/www.cronicasliterarias.es\/index.php?rest_route=\/wp\/v2\/posts"}],"about":[{"href":"https:\/\/www.cronicasliterarias.es\/index.php?rest_route=\/wp\/v2\/types\/post"}],"author":[{"embeddable":true,"href":"https:\/\/www.cronicasliterarias.es\/index.php?rest_route=\/wp\/v2\/users\/4"}],"replies":[{"embeddable":true,"href":"https:\/\/www.cronicasliterarias.es\/index.php?rest_route=%2Fwp%2Fv2%2Fcomments&post=11733"}],"version-history":[{"count":5,"href":"https:\/\/www.cronicasliterarias.es\/index.php?rest_route=\/wp\/v2\/posts\/11733\/revisions"}],"predecessor-version":[{"id":11758,"href":"https:\/\/www.cronicasliterarias.es\/index.php?rest_route=\/wp\/v2\/posts\/11733\/revisions\/11758"}],"wp:attachment":[{"href":"https:\/\/www.cronicasliterarias.es\/index.php?rest_route=%2Fwp%2Fv2%2Fmedia&parent=11733"}],"wp:term":[{"taxonomy":"category","embeddable":true,"href":"https:\/\/www.cronicasliterarias.es\/index.php?rest_route=%2Fwp%2Fv2%2Fcategories&post=11733"},{"taxonomy":"post_tag","embeddable":true,"href":"https:\/\/www.cronicasliterarias.es\/index.php?rest_route=%2Fwp%2Fv2%2Ftags&post=11733"}],"curies":[{"name":"wp","href":"https:\/\/api.w.org\/{rel}","templated":true}]}}