{"id":1180,"date":"2024-10-18T00:05:00","date_gmt":"2024-10-18T00:05:00","guid":{"rendered":"https:\/\/www.cronicasliterarias.es\/?p=1180"},"modified":"2024-10-20T07:19:55","modified_gmt":"2024-10-20T07:19:55","slug":"resena-pequeno-vampir-integral-de-joann-sfar","status":"publish","type":"post","link":"https:\/\/www.cronicasliterarias.es\/?p=1180","title":{"rendered":"Rese\u00f1a: Peque\u00f1o Vampir (Integral), de Joann Sfar"},"content":{"rendered":"<p align=\"JUSTIFY\"><img loading=\"lazy\" decoding=\"async\" class=\"alignright  wp-image-1182\" src=\"https:\/\/www.cronicasliterarias.es\/wp-content\/uploads\/2020\/04\/peque\u00f1ovampir.jpg\" alt=\"\" width=\"288\" height=\"314\" \/>Joann Sfar (1971), es un prol\u00edfico dibujante y guionista de c\u00f3mic, conocido especialmente por ser co-escritor de los numerosos \u00e1lbumes conocidos como <em>La Mazmorra<\/em>. Es tambi\u00e9n uno de los principales representantes de lo que en Francia se ha dado en llamar la \u00abNouvelle Bande Desinne\u00bb. Es creador tambi\u00e9n de grandes personajes como son El Gato del Rabino, Vampir y dem\u00e1s suced\u00e1neos; personaje que m\u00e1s \u00e9xito le ha aportado en realidad, y que fue todo un \u00e9xito en su exposici\u00f3n en el Sal\u00f3n de Angoul\u00eame.<\/p>\n<p align=\"JUSTIFY\">Vampir (o Grand Vampire, en el original) es una de las series de Sfar con m\u00e1s \u00e1lbumes en el mercado, y aunque se publicaron entre 2001 y 2005, en Espa\u00f1a, permanec\u00eda in\u00e9dita hasta hace poco que la recomendable editorial Fulgencia Pimentel decidi\u00f3 \u00abponerla\u00bb en suelo espa\u00f1ol. Un tomo maravilloso que nadie deber\u00eda perderse con un dibujo encantador, atractivo y graciosas aventuras. Su segundo tomo fue <em>L\u00b4Amour<\/em>, que correspond\u00eda del #5 al #7 del original y estaba lleno de personajes encantadores, de los que quieres saber m\u00e1s y m\u00e1s, con el paso de las p\u00e1ginas. Monstruos sobrenaturales, j\u00f3venes, chicas sobre todo, muy de hoy en d\u00eda. Tambi\u00e9n lo public\u00f3 Fulgencio Pimentel. Y ahora otra m\u00e1s (\u00bfla qu\u00e9 faltaba?) de la colecci\u00f3n.<\/p>\n<p align=\"JUSTIFY\"><em>Peque\u00f1o Vampir<\/em> es realmente una serie para <span lang=\"es-ES\">los m\u00e1s peque\u00f1os. Pero oh, como saber que lo disfrutar\u00eda tanto de adulto, o como adulto padre que lee con sus hijos, mejor dicho. Joann Sfar compone un universo de ensue\u00f1o poblado por simp\u00e1ticos monstruos divertidos, muertos vivientes graciosos y personajes de leyendas (algunos ilustres cl\u00e1sicos, en particular). El resultado es un peque\u00f1o mundo -y coherente-, al que nos apegamos r\u00e1pidamente y del que deseamos saber m\u00e1s casi con cada p\u00e1gina. Con <img loading=\"lazy\" decoding=\"async\" class=\"alignleft  wp-image-1183\" src=\"https:\/\/www.cronicasliterarias.es\/wp-content\/uploads\/2020\/04\/peque\u00f1ovampir02.jpg\" alt=\"\" width=\"120\" height=\"119\" srcset=\"https:\/\/www.cronicasliterarias.es\/wp-content\/uploads\/2020\/04\/peque\u00f1ovampir02.jpg 209w, https:\/\/www.cronicasliterarias.es\/wp-content\/uploads\/2020\/04\/peque\u00f1ovampir02-150x150.jpg 150w, https:\/\/www.cronicasliterarias.es\/wp-content\/uploads\/2020\/04\/peque\u00f1ovampir02-90x90.jpg 90w\" sizes=\"auto, (max-width: 120px) 100vw, 120px\" \/>personajes de nombre po\u00e9ticos que molan: Peque\u00f1o Vampir, Mam\u00e1 Pandora, el Capit\u00e1n de los Muertos, el escatol\u00f3gico e inocente Margarito, su amigo Miguel (trasunto del autor), el sanguinario cocodrilo Claudio o su inseparable perro Fantomate. Un mundo donde el autor, para dar vida a toda esta compa\u00f1\u00eda de almas con las que encari\u00f1arse, utiliza una narraci\u00f3n simple y natural, con di\u00e1logos en tono infantil que interesa a peque\u00f1os lectores. Y con un dibujo maravilloso, atractivo con pocos trazos, pero adornado de unos fondos muy sugerentes gracias al coloreado de Walter, en esta ocasi\u00f3n.<\/span><\/p>\n<p lang=\"es-ES\" align=\"JUSTIFY\">Una nueva maravilla del c\u00f3mic europeo publicada en nuestro pa\u00eds por fin. Una completa colecci\u00f3n en un s\u00f3lo tomo, en tapa dura, que recopila los siete n\u00fameros que englobaron la serie de <em>Vampir<\/em> en su infancia. Con momentos, an\u00e9cdotas, aventuras donde ver como a Miguel le molestan los imb\u00e9ciles en la escuela y Peque\u00f1o Vampir decide presentarle a su maestro de kung-fu. O aquella vez en la que ambos se ponen a recoger perros huidos de un laboratorio clandestino, donde cient\u00edficos malvados realizaban experimentos con ellos. O cuando irrumpen en una casa que alberga seres extra\u00f1os que guiar\u00e1n a nuestro h\u00e9roe hacia aventuras extraordinarias. O cuando el escatol\u00f3gico e inocente Margarito se pone a tirarse pedos tan nauseabundos que su olor es capaz de despertar a los muertos&#8230; O cuando se acerca la Navidad y Peque\u00f1o Vampir y todos los dem\u00e1s monstruos escriben unas muy graciosas cartas a Santa Claus y el Capit\u00e1n de los Muertos quiere demostrarle la existencia de Santa Claus a Miguel que no cree en \u00e9l para nada. Y el cierre final. Donde un Miguel enfermito, se tiene que quedar en casa y se pone a leer manga (<em>Nausica\u00e4 del Valle del Viento<\/em>, de Miyazaki y <em>Galaxy Express 999,<\/em> de Matsumoto&#8230; \u00a1buena elecci\u00f3n!); y le explica a Peque\u00f1o Vampir d\u00f3nde est\u00e1 Jap\u00f3n y lo maravillosa que es como Tierra de Grandes C\u00f3mics. Y agrega: \u00abCuando sea grande, ser\u00e9 dibujante. <img loading=\"lazy\" decoding=\"async\" class=\"alignright  wp-image-1184\" src=\"https:\/\/www.cronicasliterarias.es\/wp-content\/uploads\/2020\/04\/peque\u00f1ovampir01.jpg\" alt=\"\" width=\"128\" height=\"111\" \/>Ser\u00e9 tan conocido que me invitar\u00e1n a Jap\u00f3n\u00bb. Influenciado por esta conversaci\u00f3n, Peque\u00f1o Vampir empieza a so\u00f1ar con ello&#8230;<\/p>\n<p lang=\"es-ES\" align=\"JUSTIFY\">Se puede decir que <em>Peque\u00f1o Vampir<\/em> es un c\u00f3mic dirigido espec\u00edficamente a lectores j\u00f3venes, que por ello es dif\u00edcil de evaluar. Por mi parte, agregar\u00eda que para nada. Algo tan definitivamente bueno como <em>Peque\u00f1o Vampir <\/em>solo se define con la palabra \u00abmuy-recomendable\u00bb.<\/p>\n","protected":false},"excerpt":{"rendered":"<p>Joann Sfar (1971), es un prol\u00edfico dibujante y guionista de c\u00f3mic, conocido especialmente por ser co-escritor de los numerosos \u00e1lbumes conocidos como La Mazmorra. Es tambi\u00e9n uno de los principales representantes de lo que en Francia se ha dado en llamar la \u00abNouvelle Bande Desinne\u00bb. Es creador tambi\u00e9n de grandes personajes como son El Gato [&hellip;]<\/p>\n","protected":false},"author":4,"featured_media":0,"comment_status":"closed","ping_status":"closed","sticky":false,"template":"","format":"standard","meta":{"footnotes":""},"categories":[49,127,6,8],"tags":[128,423,11,10],"class_list":["post-1180","post","type-post","status-publish","format-standard","hentry","category-comics","category-fulgencio-pimentel","category-resenas","category-terror","tag-fulgencio-pimentel","tag-halloween-2024","tag-j-j-castillo","tag-resenas"],"_links":{"self":[{"href":"https:\/\/www.cronicasliterarias.es\/index.php?rest_route=\/wp\/v2\/posts\/1180","targetHints":{"allow":["GET"]}}],"collection":[{"href":"https:\/\/www.cronicasliterarias.es\/index.php?rest_route=\/wp\/v2\/posts"}],"about":[{"href":"https:\/\/www.cronicasliterarias.es\/index.php?rest_route=\/wp\/v2\/types\/post"}],"author":[{"embeddable":true,"href":"https:\/\/www.cronicasliterarias.es\/index.php?rest_route=\/wp\/v2\/users\/4"}],"replies":[{"embeddable":true,"href":"https:\/\/www.cronicasliterarias.es\/index.php?rest_route=%2Fwp%2Fv2%2Fcomments&post=1180"}],"version-history":[{"count":7,"href":"https:\/\/www.cronicasliterarias.es\/index.php?rest_route=\/wp\/v2\/posts\/1180\/revisions"}],"predecessor-version":[{"id":17385,"href":"https:\/\/www.cronicasliterarias.es\/index.php?rest_route=\/wp\/v2\/posts\/1180\/revisions\/17385"}],"wp:attachment":[{"href":"https:\/\/www.cronicasliterarias.es\/index.php?rest_route=%2Fwp%2Fv2%2Fmedia&parent=1180"}],"wp:term":[{"taxonomy":"category","embeddable":true,"href":"https:\/\/www.cronicasliterarias.es\/index.php?rest_route=%2Fwp%2Fv2%2Fcategories&post=1180"},{"taxonomy":"post_tag","embeddable":true,"href":"https:\/\/www.cronicasliterarias.es\/index.php?rest_route=%2Fwp%2Fv2%2Ftags&post=1180"}],"curies":[{"name":"wp","href":"https:\/\/api.w.org\/{rel}","templated":true}]}}