{"id":12053,"date":"2023-02-09T00:05:00","date_gmt":"2023-02-09T00:05:00","guid":{"rendered":"https:\/\/www.cronicasliterarias.es\/?p=12053"},"modified":"2023-02-09T10:28:04","modified_gmt":"2023-02-09T10:28:04","slug":"resena-el-invencible-iron-man-de-matt-fraction-y-salvador-larroca","status":"publish","type":"post","link":"https:\/\/www.cronicasliterarias.es\/?p=12053","title":{"rendered":"Rese\u00f1a: El Invencible Iron Man, de Matt Fraction y Salvador Larroca"},"content":{"rendered":"<p align=\"JUSTIFY\"><img loading=\"lazy\" decoding=\"async\" class=\"alignright  wp-image-12054\" src=\"https:\/\/www.cronicasliterarias.es\/wp-content\/uploads\/2023\/02\/elinvencibleironman-684x1024.jpg\" alt=\"\" width=\"192\" height=\"287\" srcset=\"https:\/\/www.cronicasliterarias.es\/wp-content\/uploads\/2023\/02\/elinvencibleironman-684x1024.jpg 684w, https:\/\/www.cronicasliterarias.es\/wp-content\/uploads\/2023\/02\/elinvencibleironman-200x300.jpg 200w, https:\/\/www.cronicasliterarias.es\/wp-content\/uploads\/2023\/02\/elinvencibleironman-768x1151.jpg 768w, https:\/\/www.cronicasliterarias.es\/wp-content\/uploads\/2023\/02\/elinvencibleironman.jpg 801w\" sizes=\"auto, (max-width: 192px) 100vw, 192px\" \/>En este Marvel Omnibus tenemos a dos autorazos d\u00e1ndolo tod con El Hombre de Hierro. Matt Fraction y Salvador Larroca en el primer volumen que recopila su aclamada etapa. Diecinueve n\u00fameros (m\u00e1s o menos un tercio) de la aclamada carrera de<em> El Invencible Iron Man<\/em>, que realmente merece los elogios que ha recibido en redes sociales. Y es cierto que aunque he amado la MCU desde su debut en 2008 con el lanzamiento del primer <em>Iron Man<\/em>, el personaje de Tony Stark nunca signific\u00f3 mucho para m\u00ed. Esto probablemente se deba a sus espect\u00e1culos animados a principios de los 90 que fueron secundarios en comparaci\u00f3n con los dibujos animados de <em>Spiderman<\/em> y <em>La Patrulla-X<\/em>. Como he contado otras veces, ten\u00eda un colega de la infancia que s\u00ed que le encantaba y hac\u00eda todas sus colecciones, por lo que de saber que las pod\u00eda leer cuando quisiera, probablemente por eso nunca lo hice. Pero teniendo en cuenta cu\u00e1nto ha crecido la interpretaci\u00f3n de Stark con Robert Downey Jr. a lo largo de los once a\u00f1os en la MCU, y viendo que se acab\u00f3 su papel, uno quiere m\u00e1s y cuando veo que un tomo puede molar, pues me pongo al lio.<\/p>\n<p align=\"JUSTIFY\"><img loading=\"lazy\" decoding=\"async\" class=\"alignleft  wp-image-12055\" src=\"https:\/\/www.cronicasliterarias.es\/wp-content\/uploads\/2023\/02\/elinvencibleironman01-300x197.jpg\" alt=\"\" width=\"194\" height=\"127\" srcset=\"https:\/\/www.cronicasliterarias.es\/wp-content\/uploads\/2023\/02\/elinvencibleironman01-300x197.jpg 300w, https:\/\/www.cronicasliterarias.es\/wp-content\/uploads\/2023\/02\/elinvencibleironman01.jpg 715w\" sizes=\"auto, (max-width: 194px) 100vw, 194px\" \/>Siguiendo lo anteriormente le\u00eddo, donde comenc\u00e9 con la historia de <em>Extremis,<\/em> que actualizaba la historia del origen de <em>Iron Man<\/em> (gran influencia en las pel\u00edculas de <em>Iron Man<\/em>), <em>El Invencible Iron Man<\/em>, de Fraction y Larroca, nos coloca a Stark en una posici\u00f3n interesante mientras equilibra su funci\u00f3n dual como CEO de Stark Industries y como director de S.H.I.E.L.D. No obstante, las cosas se complican a\u00fan m\u00e1s con la llegada de Ezekiel Stane, hijo de Obadiah Stane, quien busca vengar la muerte de su padre destruyendo Industrias Stark mediante el uso de terroristas suicidas con tecnolog\u00eda basada en las armaduras de Iron Man.<\/p>\n<p align=\"JUSTIFY\">Sin tener que volver a contar la historia de origen, esta colecci\u00f3n es un buen lugar para ponerte por primera vez con <em>Iron Man<\/em>, ya que este primer arco (<em>Las Cinco Pesadillas<\/em>) tiene mucho de lo que mola de las pelis. Desde el carisma agudo e ingenioso de Tony Stark hasta su mec\u00e1nica de superh\u00e9roes, que se inclina hacia el terrorismo y el miedo por el mal uso de la tecnolog\u00eda, especialmente cuando su tecnolog\u00eda se utiliza con fines malvados. Adem\u00e1s de ser el hijo de uno de los villanos m\u00e1s conocidos de Iron Man, Ezekiel, con su encanto p\u00edcaro, es un diab\u00f3lico opuesto a la personalidad de Stark y, aunque Stark se ha enfrentado a sus propios demonios (sobre todo en una botella), Ezekiel parece heredar la naturaleza de <img loading=\"lazy\" decoding=\"async\" class=\"alignright  wp-image-12057\" src=\"https:\/\/www.cronicasliterarias.es\/wp-content\/uploads\/2023\/02\/elinvencibleironman03-300x204.jpg\" alt=\"\" width=\"212\" height=\"144\" srcset=\"https:\/\/www.cronicasliterarias.es\/wp-content\/uploads\/2023\/02\/elinvencibleironman03-300x204.jpg 300w, https:\/\/www.cronicasliterarias.es\/wp-content\/uploads\/2023\/02\/elinvencibleironman03.jpg 681w\" sizes=\"auto, (max-width: 212px) 100vw, 212px\" \/>su padre, sin darse cuenta de los efectos que conducen a su ca\u00edda.<\/p>\n<p align=\"JUSTIFY\">Por supuesto, el Universo Marvel a menudo est\u00e1 plagado de eventos cruzados que dan forma a futuras historias en los t\u00edtulos de superh\u00e9roes en solitario y, de hecho, puedes obtener m\u00e1s dramatismo de personajes de esas historias individuales que cualquier evento que amenace el mundo donde todos tengan que reunirse. Siguiendo el ejemplo de los eventos de <em>Civil War<\/em> e Invasi\u00f3n Secreta, Stark carga un virus para destruir todos los registros de la Ley de Registro, evitando as\u00ed que Norman Osborn, director de H.A.M.M.E.R. (anteriormente S.H.I.E.L.D.) conozca los alter egos de todos los dem\u00e1s compa\u00f1eros superh\u00e9roes. Peor con la \u00fanica copia que queda en el cerebro de Stark, Osborn lo persigue, mientras Stark viaja por todo el mundo en b\u00fasqueda de una soluci\u00f3n para poder borrar sus datos mentales&#8230; Con lo que eso conlleva.<\/p>\n<p align=\"JUSTIFY\">Dec\u00eda que despu\u00e9s de dos eventos muy poderosos, hay mucho por resolver en estos diecienueve n\u00fameros que Panini C\u00f3mics recoge en un poderoso Marvel Omnibus. Principalmente conocido por su trabajo en varios t\u00edtulos de <em>X-Men<\/em>, Salvador Larroca demuestra aqu\u00ed que es uno de los mejores artistas para dibujar las muchas armaduras de Iron Man. Influenciado por Adi Granov (quien dibuj\u00f3 <em>Extremis<\/em>), Larroca pone cantidad de <img loading=\"lazy\" decoding=\"async\" class=\"alignleft  wp-image-12056\" src=\"https:\/\/www.cronicasliterarias.es\/wp-content\/uploads\/2023\/02\/elinvencibleironman04-192x300.jpg\" alt=\"\" width=\"104\" height=\"163\" srcset=\"https:\/\/www.cronicasliterarias.es\/wp-content\/uploads\/2023\/02\/elinvencibleironman04-192x300.jpg 192w, https:\/\/www.cronicasliterarias.es\/wp-content\/uploads\/2023\/02\/elinvencibleironman04.jpg 239w\" sizes=\"auto, (max-width: 104px) 100vw, 104px\" \/>cositas chulas como detalles en las armaduras y esto me encant\u00f3. Mas, en cuanto a los personajes en s\u00ed, tienen un aspecto ultrarrealista que se aplica bien a la naturaleza de espionaje de la narraci\u00f3n, manteniendo el extra\u00f1o corte de pelo de Osborn y tambi\u00e9n afeitado ic\u00f3nico vello facial de Stark.<\/p>\n<p align=\"JUSTIFY\">Tomaco muy recomendable.<\/p>\n","protected":false},"excerpt":{"rendered":"<p>En este Marvel Omnibus tenemos a dos autorazos d\u00e1ndolo tod con El Hombre de Hierro. Matt Fraction y Salvador Larroca en el primer volumen que recopila su aclamada etapa. Diecinueve n\u00fameros (m\u00e1s o menos un tercio) de la aclamada carrera de El Invencible Iron Man, que realmente merece los elogios que ha recibido en redes [&hellip;]<\/p>\n","protected":false},"author":4,"featured_media":0,"comment_status":"closed","ping_status":"closed","sticky":false,"template":"","format":"standard","meta":{"footnotes":""},"categories":[49,28,6],"tags":[11,188,21,10],"class_list":["post-12053","post","type-post","status-publish","format-standard","hentry","category-comics","category-panini-comics","category-resenas","tag-j-j-castillo","tag-marvel-omnibus","tag-panini-comics","tag-resenas"],"_links":{"self":[{"href":"https:\/\/www.cronicasliterarias.es\/index.php?rest_route=\/wp\/v2\/posts\/12053","targetHints":{"allow":["GET"]}}],"collection":[{"href":"https:\/\/www.cronicasliterarias.es\/index.php?rest_route=\/wp\/v2\/posts"}],"about":[{"href":"https:\/\/www.cronicasliterarias.es\/index.php?rest_route=\/wp\/v2\/types\/post"}],"author":[{"embeddable":true,"href":"https:\/\/www.cronicasliterarias.es\/index.php?rest_route=\/wp\/v2\/users\/4"}],"replies":[{"embeddable":true,"href":"https:\/\/www.cronicasliterarias.es\/index.php?rest_route=%2Fwp%2Fv2%2Fcomments&post=12053"}],"version-history":[{"count":1,"href":"https:\/\/www.cronicasliterarias.es\/index.php?rest_route=\/wp\/v2\/posts\/12053\/revisions"}],"predecessor-version":[{"id":12058,"href":"https:\/\/www.cronicasliterarias.es\/index.php?rest_route=\/wp\/v2\/posts\/12053\/revisions\/12058"}],"wp:attachment":[{"href":"https:\/\/www.cronicasliterarias.es\/index.php?rest_route=%2Fwp%2Fv2%2Fmedia&parent=12053"}],"wp:term":[{"taxonomy":"category","embeddable":true,"href":"https:\/\/www.cronicasliterarias.es\/index.php?rest_route=%2Fwp%2Fv2%2Fcategories&post=12053"},{"taxonomy":"post_tag","embeddable":true,"href":"https:\/\/www.cronicasliterarias.es\/index.php?rest_route=%2Fwp%2Fv2%2Ftags&post=12053"}],"curies":[{"name":"wp","href":"https:\/\/api.w.org\/{rel}","templated":true}]}}