{"id":12083,"date":"2023-02-13T00:05:00","date_gmt":"2023-02-13T00:05:00","guid":{"rendered":"https:\/\/www.cronicasliterarias.es\/?p=12083"},"modified":"2023-03-30T18:22:36","modified_gmt":"2023-03-30T18:22:36","slug":"resena-chaplin-en-america-de-laurent-seksik-y-david-francois-revisar","status":"publish","type":"post","link":"https:\/\/www.cronicasliterarias.es\/?p=12083","title":{"rendered":"Rese\u00f1a: Chaplin en Am\u00e9rica, de Laurent Seksik y David Fran\u00e7ois"},"content":{"rendered":"<p align=\"JUSTIFY\"><img loading=\"lazy\" decoding=\"async\" class=\"alignleft  wp-image-12084\" src=\"https:\/\/www.cronicasliterarias.es\/wp-content\/uploads\/2023\/02\/chaplinenamerica.jpg\" alt=\"\" width=\"206\" height=\"286\" srcset=\"https:\/\/www.cronicasliterarias.es\/wp-content\/uploads\/2023\/02\/chaplinenamerica.jpg 624w, https:\/\/www.cronicasliterarias.es\/wp-content\/uploads\/2023\/02\/chaplinenamerica-216x300.jpg 216w\" sizes=\"auto, (max-width: 206px) 100vw, 206px\" \/>Si todo el mundo conoce al icono del cine mudo que es Charlot, pocos conocen realmente al personaje que lo encarn\u00f3, el se\u00f1or Charlie Chaplin. Un hombre nacido de padres pobres con un destino que pintaba a maltrecho por lo que surcaba alrededor. Aunque precarios, padres honrados y divertidos, ambos artistas del music hall, tuvieron como hijo a un peque\u00f1o y futuro actor que ya hab\u00eda comenzado a actuar en escenario desde temprana edad. Si bien su carrera tard\u00f3 en despegar en la vieja Inglaterra victoriana, cuando decidi\u00f3 tomar rumbo a USA, la tierra de las oportunidades, fue con una obsesi\u00f3n temprana de hacerse rico y famoso. Y en Hollywood encontr\u00f3 su hueco de oportunidad. En v\u00edas de convertirse en el centro esencial de la industria cinematogr\u00e1fica, los cuales, detectaron r\u00e1pidamente su excepcional sentido del burlesque, su carrera a partir de ah\u00ed se impuls\u00f3 a las alturas y hasta cotas entonces inigualables. \u00bfLa otra cara de la moneda? La pol\u00e9mica de que Chaplin escap\u00f3 de su pa\u00eds y una prensa brit\u00e1nica que le reprochaba haber cruzado el Atl\u00e1ntico para escapar de la movilizaci\u00f3n de <img loading=\"lazy\" decoding=\"async\" class=\"alignright  wp-image-12085\" src=\"https:\/\/www.cronicasliterarias.es\/wp-content\/uploads\/2023\/02\/chaplinenamerica03-300x180.jpg\" alt=\"\" width=\"207\" height=\"124\" srcset=\"https:\/\/www.cronicasliterarias.es\/wp-content\/uploads\/2023\/02\/chaplinenamerica03-300x180.jpg 300w, https:\/\/www.cronicasliterarias.es\/wp-content\/uploads\/2023\/02\/chaplinenamerica03.jpg 607w\" sizes=\"auto, (max-width: 207px) 100vw, 207px\" \/>j\u00f3venes a la Primera Guerra Mundial (1914-1918).<\/p>\n<p align=\"JUSTIFY\">Fue a David Fran\u00e7ois a quien se le encomend\u00f3 la misi\u00f3n de devolver a la vida a Sir Charles Spencer Chaplin en el dibujo de <em>Chaplin en Am\u00e9rica<\/em>. Y ya desde la portada se puede ver que tiene un don para dar una luz especial al personaje para lo que se supone un \u00e1lbum-bibliograf\u00eda. Un ilustrador portador de un buen toque Belle \u00c9poque. Su trazo, todo en ondulaciones caprichosas y din\u00e1micas, tiene una cualidad ligeramente anticuada que se adapta perfectamente a la historia que se nos cuenta y se ve realzada por un cuidadoso colorido. En un dise\u00f1o bastante creativo, David Fran\u00e7ois muestra escenas oscuras y silenciosas, a menudo burlescas, con un bonito gui\u00f1o al \u00abDictador\u00bb, donde vemos a Charlot, creyendo en un futuro lleno de promesas. Y sin dejar de respetar la cronolog\u00eda, el guion de Laurent Seksik, coautor con Guillaume Sorel de una excelente <img loading=\"lazy\" decoding=\"async\" class=\"alignleft  wp-image-12089\" src=\"https:\/\/www.cronicasliterarias.es\/wp-content\/uploads\/2023\/02\/chaplinenamerica02-300x276.jpg\" alt=\"\" width=\"205\" height=\"189\" srcset=\"https:\/\/www.cronicasliterarias.es\/wp-content\/uploads\/2023\/02\/chaplinenamerica02-300x276.jpg 300w, https:\/\/www.cronicasliterarias.es\/wp-content\/uploads\/2023\/02\/chaplinenamerica02-1024x944.jpg 1024w, https:\/\/www.cronicasliterarias.es\/wp-content\/uploads\/2023\/02\/chaplinenamerica02-768x708.jpg 768w, https:\/\/www.cronicasliterarias.es\/wp-content\/uploads\/2023\/02\/chaplinenamerica02.jpg 1197w\" sizes=\"auto, (max-width: 205px) 100vw, 205px\" \/>biograf\u00eda sobre Stefan Zweig <em>(Los \u00faltimos d\u00edas de Stefan Zweig)<\/em>, da un lugar privilegiado a las an\u00e9cdotas en este <em>Chaplin en Am\u00e9rica<\/em>.<\/p>\n<p align=\"JUSTIFY\">Un guion entremezclado con las silenciosas divagaciones ilustradas de Fran\u00e7ois, la narraci\u00f3n lucha sin embargo por ofrecernos momentos realmente fuertes y llamativos de la vida del ingl\u00e9s y su bomb\u00edn. Donde la representaci\u00f3n a toda p\u00e1gina de las vistas urbanas es espl\u00e9ndida, especialmente la fantasiosa llegada de Chaplin a Nueva York, que permite medir todo el talento del autor. Sin embargo, lo que funciona menos es la forma en que se presenta la estrella. El lector puede sorprenderse o incluso desconcertarse al verlo bajo la apariencia de un joven esbelto de cara afilada, con peque\u00f1os ojos de zorro, no particularmente agradable como seductor e incluso arrogante. Una discrepancia que quiz\u00e1s no sea tanto si piensas que el payaso s\u00f3lo tiene que ser payaso cuando act\u00faa.<\/p>\n<p align=\"JUSTIFY\"><img loading=\"lazy\" decoding=\"async\" class=\"alignright  wp-image-12087\" src=\"https:\/\/www.cronicasliterarias.es\/wp-content\/uploads\/2023\/02\/chaplinenamerica04-300x279.jpg\" alt=\"\" width=\"175\" height=\"163\" srcset=\"https:\/\/www.cronicasliterarias.es\/wp-content\/uploads\/2023\/02\/chaplinenamerica04-300x279.jpg 300w, https:\/\/www.cronicasliterarias.es\/wp-content\/uploads\/2023\/02\/chaplinenamerica04-1024x953.jpg 1024w, https:\/\/www.cronicasliterarias.es\/wp-content\/uploads\/2023\/02\/chaplinenamerica04-768x715.jpg 768w, https:\/\/www.cronicasliterarias.es\/wp-content\/uploads\/2023\/02\/chaplinenamerica04.jpg 1176w\" sizes=\"auto, (max-width: 175px) 100vw, 175px\" \/>Aunque eso sea totalmente lo contrario a lo que tenemos en mente si pensamos en el simp\u00e1tico hombre de mirada c\u00f3mica que bloquea cualquier intento de mal rollo, como era Charlot.<\/p>\n<p align=\"JUSTIFY\">Un primer volumen de un tr\u00edptico que estoy deseando conocer al completo.<\/p>\n","protected":false},"excerpt":{"rendered":"<p>Si todo el mundo conoce al icono del cine mudo que es Charlot, pocos conocen realmente al personaje que lo encarn\u00f3, el se\u00f1or Charlie Chaplin. Un hombre nacido de padres pobres con un destino que pintaba a maltrecho por lo que surcaba alrededor. Aunque precarios, padres honrados y divertidos, ambos artistas del music hall, tuvieron [&hellip;]<\/p>\n","protected":false},"author":4,"featured_media":0,"comment_status":"closed","ping_status":"closed","sticky":false,"template":"","format":"standard","meta":{"footnotes":""},"categories":[53,44,363,6],"tags":[358,362,11,10],"class_list":["post-12083","post","type-post","status-publish","format-standard","hentry","category-bd","category-comic-europeo","category-desfiladero-ediciones","category-resenas","tag-comic-europeo-2023","tag-desfiladero-ediciones","tag-j-j-castillo","tag-resenas"],"_links":{"self":[{"href":"https:\/\/www.cronicasliterarias.es\/index.php?rest_route=\/wp\/v2\/posts\/12083","targetHints":{"allow":["GET"]}}],"collection":[{"href":"https:\/\/www.cronicasliterarias.es\/index.php?rest_route=\/wp\/v2\/posts"}],"about":[{"href":"https:\/\/www.cronicasliterarias.es\/index.php?rest_route=\/wp\/v2\/types\/post"}],"author":[{"embeddable":true,"href":"https:\/\/www.cronicasliterarias.es\/index.php?rest_route=\/wp\/v2\/users\/4"}],"replies":[{"embeddable":true,"href":"https:\/\/www.cronicasliterarias.es\/index.php?rest_route=%2Fwp%2Fv2%2Fcomments&post=12083"}],"version-history":[{"count":4,"href":"https:\/\/www.cronicasliterarias.es\/index.php?rest_route=\/wp\/v2\/posts\/12083\/revisions"}],"predecessor-version":[{"id":12096,"href":"https:\/\/www.cronicasliterarias.es\/index.php?rest_route=\/wp\/v2\/posts\/12083\/revisions\/12096"}],"wp:attachment":[{"href":"https:\/\/www.cronicasliterarias.es\/index.php?rest_route=%2Fwp%2Fv2%2Fmedia&parent=12083"}],"wp:term":[{"taxonomy":"category","embeddable":true,"href":"https:\/\/www.cronicasliterarias.es\/index.php?rest_route=%2Fwp%2Fv2%2Fcategories&post=12083"},{"taxonomy":"post_tag","embeddable":true,"href":"https:\/\/www.cronicasliterarias.es\/index.php?rest_route=%2Fwp%2Fv2%2Ftags&post=12083"}],"curies":[{"name":"wp","href":"https:\/\/api.w.org\/{rel}","templated":true}]}}