{"id":12091,"date":"2026-03-11T00:05:00","date_gmt":"2026-03-11T00:05:00","guid":{"rendered":"https:\/\/www.cronicasliterarias.es\/?p=12091"},"modified":"2026-03-12T09:00:58","modified_gmt":"2026-03-12T09:00:58","slug":"resena-strange-adventures-de-tom-king-y-mitch-gerads","status":"publish","type":"post","link":"https:\/\/www.cronicasliterarias.es\/?p=12091","title":{"rendered":"Rese\u00f1a: Strange Adventures"},"content":{"rendered":"<p align=\"JUSTIFY\"><img loading=\"lazy\" decoding=\"async\" class=\"alignleft  wp-image-20730\" src=\"https:\/\/www.cronicasliterarias.es\/wp-content\/uploads\/2026\/03\/strangeadventures-196x300.jpg\" alt=\"\" width=\"184\" height=\"282\" srcset=\"https:\/\/www.cronicasliterarias.es\/wp-content\/uploads\/2026\/03\/strangeadventures-196x300.jpg 196w, https:\/\/www.cronicasliterarias.es\/wp-content\/uploads\/2026\/03\/strangeadventures-669x1024.jpg 669w, https:\/\/www.cronicasliterarias.es\/wp-content\/uploads\/2026\/03\/strangeadventures-768x1175.jpg 768w, https:\/\/www.cronicasliterarias.es\/wp-content\/uploads\/2026\/03\/strangeadventures-1004x1536.jpg 1004w, https:\/\/www.cronicasliterarias.es\/wp-content\/uploads\/2026\/03\/strangeadventures.jpg 1092w\" sizes=\"auto, (max-width: 184px) 100vw, 184px\" \/>Tom King y Mitch Gerads, el genial t\u00e1ndem que nos trajera la sublime serie de <em>Mister Miracle<\/em> est\u00e1n de vuelta con un personaje m\u00e1s en su agenda. <em>Strange Adventures<\/em> es la \u00faltima epopeya de c\u00f3mics de DC, un volumen que publica ahora en una edici\u00f3n genial Panini C\u00f3mics en nuestro pa\u00eds y que en este caso se publica en un maravilloso volumen que comprende los doce numeritos de esta emocionante e impactante trama que nos lleva a ver hasta donde es capaz de llegar el denominado Adam Strange. \u00bfY qui\u00e9n se encarga de imaginar estas \u201cextra\u00f1as aventuras\u201d? King y Gerads son un equipo bien engrasado; King tiene un largo pedigr\u00ed de estudios de personajes de superh\u00e9roes de gran \u00e9xito, y en las dos grandes casas del c\u00f3mic de pijameo. Y ambos dos, se han asociado en numerosas ocasiones antes, con Gerads prestando sus colores inventivos, visuales y realistas a los n\u00fameros que King hizo con <em>Batman<\/em>, por ejemplo. O en la gloriosa <em>Sheriff of Babylon<\/em>. Pero para <em>Strange Adventures<\/em>, el d\u00fao se convierte en tr\u00edo con la ayuda de Evan \u201cDoc\u201d Shaner. Shaner es conocido por implementar su estilo retro en proyectos de estilo retro, valga la redundancia, series como<em> Convergence: Shazam, The Terrifics y Future Quest&#8230;<\/em> y ahora en <em>Strange Adventures<\/em> dibuja la parte del c\u00f3mic que tiene lugar en el pasado, mientras que Gerads dibuja las vi\u00f1etas que nos trasladan al presente. Una idea de proyecto maravillosa. Porque la historia de Adam Strange como supon\u00e9is ya se <img loading=\"lazy\" decoding=\"async\" class=\"alignright  wp-image-20731\" src=\"https:\/\/www.cronicasliterarias.es\/wp-content\/uploads\/2026\/03\/strangeadventures01-199x300.jpg\" alt=\"\" width=\"88\" height=\"133\" srcset=\"https:\/\/www.cronicasliterarias.es\/wp-content\/uploads\/2026\/03\/strangeadventures01-199x300.jpg 199w, https:\/\/www.cronicasliterarias.es\/wp-content\/uploads\/2026\/03\/strangeadventures01-678x1024.jpg 678w, https:\/\/www.cronicasliterarias.es\/wp-content\/uploads\/2026\/03\/strangeadventures01-768x1160.jpg 768w, https:\/\/www.cronicasliterarias.es\/wp-content\/uploads\/2026\/03\/strangeadventures01-1017x1536.jpg 1017w, https:\/\/www.cronicasliterarias.es\/wp-content\/uploads\/2026\/03\/strangeadventures01.jpg 1079w\" sizes=\"auto, (max-width: 88px) 100vw, 88px\" \/>divide en dos espacios temporales distintos.<\/p>\n<p align=\"JUSTIFY\">\u00bfQu\u00e9 qui\u00e9n es Adam Strange? Fue un personaje creado en 1958 por Julius Schwartz y Murphy Anderson, que luc\u00eda un jet pack, una pistola de rayos y un casco con aletas dorsales que todav\u00eda usa a d\u00eda de hoy. Adam Strange es uno de los personajes retro m\u00e1s claros por apariencia y empleo que hace referencia-homenaje a los iconos cl\u00e1sicos de la ciencia ficci\u00f3n al estilo de John Carter o Flash Gordon. De hecho, se tiene la sensaci\u00f3n cuando se lee que es una perfecta mezcla de estos dos. Y ya cuando poco despu\u00e9s te encuentras con que Adam Strange y Alanna consultan con el Gran Consejo de Rann sobre qu\u00e9 hacer con algunos hombres-p\u00e1jaro que han aprendido el poder del control mental&#8230; Pues que m\u00e1s decir. Pero aqu\u00ed Adam divide su vida entre la Tierra y el planeta Rann, viajando entre los dos mediante el uso de la teletransportaci\u00f3n. Zeta-Beam es una forma de viaje bastante peculiar que aparece peri\u00f3dicamente en un punto aleatorio de la Tierra y en un instante concreto. Y claro, Adam ha aprendido la ciencia de predecir donde caer\u00e1 el Zeta-Beams. Pero Adam siempre se apresura a regresar a Rann tan pronto como puede: es el superh\u00e9roe amado de ese planeta y tambi\u00e9n ha encontrado un profundo romance all\u00ed. Una bella se\u00f1orita ranniana que le tiene loco&#8230; Alanna se llama.<\/p>\n<p style=\"text-align: center;\" align=\"JUSTIFY\"><img loading=\"lazy\" decoding=\"async\" class=\"aligncenter  wp-image-20733\" src=\"https:\/\/www.cronicasliterarias.es\/wp-content\/uploads\/2026\/03\/strangeadventures02-1024x530.jpg\" alt=\"\" width=\"313\" height=\"162\" srcset=\"https:\/\/www.cronicasliterarias.es\/wp-content\/uploads\/2026\/03\/strangeadventures02-1024x530.jpg 1024w, https:\/\/www.cronicasliterarias.es\/wp-content\/uploads\/2026\/03\/strangeadventures02-300x155.jpg 300w, https:\/\/www.cronicasliterarias.es\/wp-content\/uploads\/2026\/03\/strangeadventures02-768x397.jpg 768w, https:\/\/www.cronicasliterarias.es\/wp-content\/uploads\/2026\/03\/strangeadventures02-1536x795.jpg 1536w, https:\/\/www.cronicasliterarias.es\/wp-content\/uploads\/2026\/03\/strangeadventures02.jpg 1985w\" sizes=\"auto, (max-width: 313px) 100vw, 313px\" \/><\/p>\n<p align=\"JUSTIFY\">\u00bf<em>Extra\u00f1as Aventuras<\/em>? Un t\u00edtulo que al igual que el personaje es un claro homenaje a las revistas de la \u00e9poca donde se pod\u00eda encontrar este tipo de h\u00e9roes. DC Comics con ello, se remonta a los d\u00edas en que los estantes de c\u00f3mics pod\u00edan albergar una gran cantidad de t\u00edtulos de ciencia ficci\u00f3n y de revistas que no eran otra cosa que antolog\u00edas de relatos.<\/p>\n<p align=\"JUSTIFY\">Aqu\u00ed, Adam y su esposa Alanna se han retirado a la Tierra para disfrutar de su fama y paz. no obstante, vamos a ver como el personaje tendr\u00e1 que ayudar a Rann en una guerra interplanetaria y como el pasado de Adam regresa para atormentarlo. En especial, con otro oscuro superh\u00e9roe de DC que viene a limpiar su nombre. Mister Terrific, el tercer hombre m\u00e1s inteligente del mundo. Y curioso es verlo <img loading=\"lazy\" decoding=\"async\" class=\"alignleft  wp-image-20732\" src=\"https:\/\/www.cronicasliterarias.es\/wp-content\/uploads\/2026\/03\/strangeadventures03-300x273.jpg\" alt=\"\" width=\"125\" height=\"114\" srcset=\"https:\/\/www.cronicasliterarias.es\/wp-content\/uploads\/2026\/03\/strangeadventures03-300x273.jpg 300w, https:\/\/www.cronicasliterarias.es\/wp-content\/uploads\/2026\/03\/strangeadventures03-1024x933.jpg 1024w, https:\/\/www.cronicasliterarias.es\/wp-content\/uploads\/2026\/03\/strangeadventures03-768x700.jpg 768w, https:\/\/www.cronicasliterarias.es\/wp-content\/uploads\/2026\/03\/strangeadventures03-1536x1400.jpg 1536w, https:\/\/www.cronicasliterarias.es\/wp-content\/uploads\/2026\/03\/strangeadventures03.jpg 1650w\" sizes=\"auto, (max-width: 125px) 100vw, 125px\" \/>en la tesitura de salvar a Adam Strange o salvar el mundo. \u00bfLo bueno? No necesitas saber nada, ni haber le\u00eddo antes otro tipo de historias para disfrutar de esta serie. La fama, el trauma, la familia y las grandes aventuras en un entorno ir\u00f3nicamente mundano donde Tom King demuestra su don para con h\u00e9roes cl\u00e1sicos.<\/p>\n","protected":false},"excerpt":{"rendered":"<p>Tom King y Mitch Gerads, el genial t\u00e1ndem que nos trajera la sublime serie de Mister Miracle est\u00e1n de vuelta con un personaje m\u00e1s en su agenda. Strange Adventures es la \u00faltima epopeya de c\u00f3mics de DC, un volumen que publica ahora en una edici\u00f3n genial Panini C\u00f3mics en nuestro pa\u00eds y que en este [&hellip;]<\/p>\n","protected":false},"author":4,"featured_media":0,"comment_status":"closed","ping_status":"closed","sticky":false,"template":"","format":"standard","meta":{"footnotes":""},"categories":[33,49,381,74,28,6],"tags":[173,11,486,10],"class_list":["post-12091","post","type-post","status-publish","format-standard","hentry","category-ciencia-ficcion","category-comics","category-dc","category-integral","category-panini-comics","category-resenas","tag-biblioteca-dc-black-label","tag-j-j-castillo","tag-panini-comics-dc","tag-resenas"],"_links":{"self":[{"href":"https:\/\/www.cronicasliterarias.es\/index.php?rest_route=\/wp\/v2\/posts\/12091","targetHints":{"allow":["GET"]}}],"collection":[{"href":"https:\/\/www.cronicasliterarias.es\/index.php?rest_route=\/wp\/v2\/posts"}],"about":[{"href":"https:\/\/www.cronicasliterarias.es\/index.php?rest_route=\/wp\/v2\/types\/post"}],"author":[{"embeddable":true,"href":"https:\/\/www.cronicasliterarias.es\/index.php?rest_route=\/wp\/v2\/users\/4"}],"replies":[{"embeddable":true,"href":"https:\/\/www.cronicasliterarias.es\/index.php?rest_route=%2Fwp%2Fv2%2Fcomments&post=12091"}],"version-history":[{"count":6,"href":"https:\/\/www.cronicasliterarias.es\/index.php?rest_route=\/wp\/v2\/posts\/12091\/revisions"}],"predecessor-version":[{"id":20738,"href":"https:\/\/www.cronicasliterarias.es\/index.php?rest_route=\/wp\/v2\/posts\/12091\/revisions\/20738"}],"wp:attachment":[{"href":"https:\/\/www.cronicasliterarias.es\/index.php?rest_route=%2Fwp%2Fv2%2Fmedia&parent=12091"}],"wp:term":[{"taxonomy":"category","embeddable":true,"href":"https:\/\/www.cronicasliterarias.es\/index.php?rest_route=%2Fwp%2Fv2%2Fcategories&post=12091"},{"taxonomy":"post_tag","embeddable":true,"href":"https:\/\/www.cronicasliterarias.es\/index.php?rest_route=%2Fwp%2Fv2%2Ftags&post=12091"}],"curies":[{"name":"wp","href":"https:\/\/api.w.org\/{rel}","templated":true}]}}