{"id":12136,"date":"2023-02-19T00:05:00","date_gmt":"2023-02-19T00:05:00","guid":{"rendered":"https:\/\/www.cronicasliterarias.es\/?p=12136"},"modified":"2023-02-19T00:59:08","modified_gmt":"2023-02-19T00:59:08","slug":"resena-avatar-el-terreno-elevado-de-vvaa","status":"publish","type":"post","link":"https:\/\/www.cronicasliterarias.es\/?p=12136","title":{"rendered":"Rese\u00f1a: Avatar. El Terreno Elevado, de VVAA"},"content":{"rendered":"<p align=\"JUSTIFY\"><img loading=\"lazy\" decoding=\"async\" class=\"alignleft  wp-image-12137\" src=\"https:\/\/www.cronicasliterarias.es\/wp-content\/uploads\/2023\/02\/avatarelterrenoelevado-685x1024.jpg\" alt=\"\" width=\"199\" height=\"298\" srcset=\"https:\/\/www.cronicasliterarias.es\/wp-content\/uploads\/2023\/02\/avatarelterrenoelevado-685x1024.jpg 685w, https:\/\/www.cronicasliterarias.es\/wp-content\/uploads\/2023\/02\/avatarelterrenoelevado-201x300.jpg 201w, https:\/\/www.cronicasliterarias.es\/wp-content\/uploads\/2023\/02\/avatarelterrenoelevado-768x1148.jpg 768w, https:\/\/www.cronicasliterarias.es\/wp-content\/uploads\/2023\/02\/avatarelterrenoelevado.jpg 803w\" sizes=\"auto, (max-width: 199px) 100vw, 199px\" \/>C\u00f3mo saben c\u00f3mo engancharnos, \u00bfeh? <em>Avatar 2 \u2013 El Camino del Agua<\/em>, la peli que est\u00e1 pegando fuerte, lo m\u00e1s grande a nivel mundial&#8230; y ahora resulta que te enteras que hay un c\u00f3mic cuyo argumento se sit\u00faa cronol\u00f3gicamente entre ambas pel\u00edculas y que adem\u00e1s fue un proyecto de guion que estuvo muy posible de llevarse a cabo. Ese c\u00f3mic es <em>El Terreno Elevado<\/em> y Panini C\u00f3mics ya tiene en cartelera-librer\u00edas dos de los tres tomitos que la conforman y que yo me he esperado a tener ambos en posesi\u00f3n para devorar y comentar, al menos, una gran parte de la trama. Durante el proceso de desarrollo de la creaci\u00f3n de las cuatro secuelas de <em>Avatar<\/em>, una de ellas fue la que comprende este c\u00f3mic. El equipo creativo que dirige James Cameron se junt\u00f3 para crear muchas ideas e historias nuevas y esta por lo menos podemos dar gracias que nos ha llegado en formato gr\u00e1fico y que funciona perfectamente como precuela de <em>Avatar 2<\/em>. Porque <img loading=\"lazy\" decoding=\"async\" class=\"alignright  wp-image-12139\" src=\"https:\/\/www.cronicasliterarias.es\/wp-content\/uploads\/2023\/02\/avatarelterrenoelevado01-300x209.jpg\" alt=\"\" width=\"179\" height=\"125\" srcset=\"https:\/\/www.cronicasliterarias.es\/wp-content\/uploads\/2023\/02\/avatarelterrenoelevado01-300x209.jpg 300w, https:\/\/www.cronicasliterarias.es\/wp-content\/uploads\/2023\/02\/avatarelterrenoelevado01.jpg 737w\" sizes=\"auto, (max-width: 179px) 100vw, 179px\" \/><em>Avatar: El Terreno Elevado<\/em> es esencialmente un aperitivo de idea gr\u00e1fica que recapitula lo que Jake Sully y su familia han estado haciendo entre los eventos de la primera y segunda pel\u00edcula, al mismo tiempo que prepara el escenario para la narrativa que vemos desarrollarse en <em>El Camino del Agua.<\/em> Es decir, que se puede disfrutar antes o incluso despu\u00e9s de ver la peli que a\u00fan est\u00e1 en cines. Y aunque extra\u00f1amente, la mayor parte de lo que se incluye en el primer tomo se resume m\u00e1s o menos en la nueva pel\u00edcula, sin embargo, ya en el tomito 2 (y probablemente en el 3) se promete mucha m\u00e1s informaci\u00f3n de la historia y se rellenan varios vac\u00edos narrativos que no se cuentan en el nuevo film.<\/p>\n<p align=\"JUSTIFY\">Mi opini\u00f3n de lo que se que cuenta en<em> El Terreno Elevado<\/em> es que es un tema exagerado e incluso inveros\u00edmil a veces. Pero no imposible para un mundo como Pandora. Se nota muy mucho que es un guion re-elaborado una y otra vez y que ten\u00eda muchas opciones de <img loading=\"lazy\" decoding=\"async\" class=\"alignleft  wp-image-12140\" src=\"https:\/\/www.cronicasliterarias.es\/wp-content\/uploads\/2023\/02\/avatarelterrenoelevado03-300x213.jpg\" alt=\"\" width=\"207\" height=\"147\" srcset=\"https:\/\/www.cronicasliterarias.es\/wp-content\/uploads\/2023\/02\/avatarelterrenoelevado03-300x213.jpg 300w, https:\/\/www.cronicasliterarias.es\/wp-content\/uploads\/2023\/02\/avatarelterrenoelevado03.jpg 749w\" sizes=\"auto, (max-width: 207px) 100vw, 207px\" \/>estrellarse en formato cine. Por lo que optaron bien dejando esta historia fuera. Sin embargo, dentro del noveno arte funciona y esto es un tema que pasa con bastantes tramas de diferentes franquicias. Insisto, es incre\u00edblemente inveros\u00edmil. Pero eso no lo hace malo. En la primera entrega de tres que tiene este arco argumental seguimos a Jake, Neytiri y sus hijos biol\u00f3gicos y adoptivos inmediatamente antes de los eventos de la segunda pel\u00edcula. La Gente del Cielo ha regresado, y Jake Sully, como Olo&#8217;eyktan de Omatikaya y como Toruk Makto, quiere que tantos clanes Na&#8217;vi como sea posible se unan y marchen a la lucha. Al mundo negro. S\u00ed. Na&#8217;vi en el espacio. \u00bfSuena genial? Mmmmmm&#8230;, por lo visto hay una raz\u00f3n por la cual esta idea fue recortada y reformada en la secuela que obtuvimos en <em>Avatar: The Way of Water.<\/em> Realmente extiende la suspensi\u00f3n de la incredulidad de una manera que no encaja con la filosof\u00eda de inmersi\u00f3n total de James Cameron, algo que siempre ha estado en el centro de esta franquicia. <img loading=\"lazy\" decoding=\"async\" class=\"alignright  wp-image-12141\" src=\"https:\/\/www.cronicasliterarias.es\/wp-content\/uploads\/2023\/02\/avatarelterrenoelevado04-300x274.jpg\" alt=\"\" width=\"195\" height=\"178\" srcset=\"https:\/\/www.cronicasliterarias.es\/wp-content\/uploads\/2023\/02\/avatarelterrenoelevado04-300x274.jpg 300w, https:\/\/www.cronicasliterarias.es\/wp-content\/uploads\/2023\/02\/avatarelterrenoelevado04.jpg 717w\" sizes=\"auto, (max-width: 195px) 100vw, 195px\" \/>Incluso antes de que fuera una franquicia. Pero es exactamente por eso que el c\u00f3mic es es el medio perfecto para explorar ideas como \u00e9sta.<\/p>\n<p align=\"JUSTIFY\">Es pura diversi\u00f3n. Adem\u00e1s, el arte es magn\u00edfico aunque no muy f\u00e1cil de seguir para ni\u00f1os el tema de los personajes. En ocasiones, se confunden personajes, padres, hijos&#8230; aunque esto sea un tema totalmente tem\u00e1tico que est\u00e9 as\u00ed. Pero tenemos paisajes, flora y fauna magn\u00edficamente ilustrados y reconociblemente Pandoranianos. Y los di\u00e1logos molan y se sienten naturales y se siente imbuido el car\u00e1cter que le mete a sus personajes el propio James Cameron. Y es que ha pasado m\u00e1s de una d\u00e9cada desde que los humanos se vieron obligados a abandonar Pandora. Y ahora regresan con un ej\u00e9rcito de naves fuertemente armadas y despu\u00e9s de a\u00f1os de paz, Jake Sully, Neytiri y la familia que crearon, tienen de nuevo el peligro a espuertas. Pero ahora lo que est\u00e1 en juego es a\u00fan mayor que cuando fueron a la guerra por primera vez contra el poder corporativo de la Tierra. \u00bfLas buenas noticias? Que el volumen 2 le da un empuj\u00f3n maravilloso a la trama. \u00bfLa noticia a\u00fan mejor? Cantidad de material e <img loading=\"lazy\" decoding=\"async\" class=\"alignleft  wp-image-12138\" src=\"https:\/\/www.cronicasliterarias.es\/wp-content\/uploads\/2023\/02\/avatarelterrenoelevado05-682x1024.jpg\" alt=\"\" width=\"129\" height=\"194\" srcset=\"https:\/\/www.cronicasliterarias.es\/wp-content\/uploads\/2023\/02\/avatarelterrenoelevado05-682x1024.jpg 682w, https:\/\/www.cronicasliterarias.es\/wp-content\/uploads\/2023\/02\/avatarelterrenoelevado05-200x300.jpg 200w, https:\/\/www.cronicasliterarias.es\/wp-content\/uploads\/2023\/02\/avatarelterrenoelevado05-768x1153.jpg 768w, https:\/\/www.cronicasliterarias.es\/wp-content\/uploads\/2023\/02\/avatarelterrenoelevado05.jpg 799w\" sizes=\"auto, (max-width: 129px) 100vw, 129px\" \/>ideas nuevas en este segundo volumen, que rellenan espacios en blanco entre los eventos de la primera y la segunda pel\u00edcula. Por lo que est\u00e1 claro. Si eres fan de <em>Avatar<\/em>, indispensable para ti esta miniserie. Y os lo estoy diciendo ya, a expensas de leer, rese\u00f1ar y disfrutar su resoluci\u00f3n en un tercer tomito que a\u00fan queda para ser publicado en nuestro pa\u00eds.<\/p>\n","protected":false},"excerpt":{"rendered":"<p>C\u00f3mo saben c\u00f3mo engancharnos, \u00bfeh? Avatar 2 \u2013 El Camino del Agua, la peli que est\u00e1 pegando fuerte, lo m\u00e1s grande a nivel mundial&#8230; y ahora resulta que te enteras que hay un c\u00f3mic cuyo argumento se sit\u00faa cronol\u00f3gicamente entre ambas pel\u00edculas y que adem\u00e1s fue un proyecto de guion que estuvo muy posible de [&hellip;]<\/p>\n","protected":false},"author":4,"featured_media":0,"comment_status":"closed","ping_status":"closed","sticky":false,"template":"","format":"standard","meta":{"footnotes":""},"categories":[33,49,28,6],"tags":[11,21,10,364],"class_list":["post-12136","post","type-post","status-publish","format-standard","hentry","category-ciencia-ficcion","category-comics","category-panini-comics","category-resenas","tag-j-j-castillo","tag-panini-comics","tag-resenas","tag-serie-avatar"],"_links":{"self":[{"href":"https:\/\/www.cronicasliterarias.es\/index.php?rest_route=\/wp\/v2\/posts\/12136","targetHints":{"allow":["GET"]}}],"collection":[{"href":"https:\/\/www.cronicasliterarias.es\/index.php?rest_route=\/wp\/v2\/posts"}],"about":[{"href":"https:\/\/www.cronicasliterarias.es\/index.php?rest_route=\/wp\/v2\/types\/post"}],"author":[{"embeddable":true,"href":"https:\/\/www.cronicasliterarias.es\/index.php?rest_route=\/wp\/v2\/users\/4"}],"replies":[{"embeddable":true,"href":"https:\/\/www.cronicasliterarias.es\/index.php?rest_route=%2Fwp%2Fv2%2Fcomments&post=12136"}],"version-history":[{"count":6,"href":"https:\/\/www.cronicasliterarias.es\/index.php?rest_route=\/wp\/v2\/posts\/12136\/revisions"}],"predecessor-version":[{"id":12148,"href":"https:\/\/www.cronicasliterarias.es\/index.php?rest_route=\/wp\/v2\/posts\/12136\/revisions\/12148"}],"wp:attachment":[{"href":"https:\/\/www.cronicasliterarias.es\/index.php?rest_route=%2Fwp%2Fv2%2Fmedia&parent=12136"}],"wp:term":[{"taxonomy":"category","embeddable":true,"href":"https:\/\/www.cronicasliterarias.es\/index.php?rest_route=%2Fwp%2Fv2%2Fcategories&post=12136"},{"taxonomy":"post_tag","embeddable":true,"href":"https:\/\/www.cronicasliterarias.es\/index.php?rest_route=%2Fwp%2Fv2%2Ftags&post=12136"}],"curies":[{"name":"wp","href":"https:\/\/api.w.org\/{rel}","templated":true}]}}