{"id":12149,"date":"2023-02-20T00:05:00","date_gmt":"2023-02-20T00:05:00","guid":{"rendered":"https:\/\/www.cronicasliterarias.es\/?p=12149"},"modified":"2023-02-20T04:01:26","modified_gmt":"2023-02-20T04:01:26","slug":"resena-adolf-de-osamu-tezuka","status":"publish","type":"post","link":"https:\/\/www.cronicasliterarias.es\/?p=12149","title":{"rendered":"Rese\u00f1a: ADOLF, de Osamu Tezuka"},"content":{"rendered":"<p align=\"JUSTIFY\"><img loading=\"lazy\" decoding=\"async\" class=\"alignleft  wp-image-12152\" src=\"https:\/\/www.cronicasliterarias.es\/wp-content\/uploads\/2023\/02\/adolf-tezuka_osamu-744x1024.jpg\" alt=\"\" width=\"205\" height=\"282\" srcset=\"https:\/\/www.cronicasliterarias.es\/wp-content\/uploads\/2023\/02\/adolf-tezuka_osamu-744x1024.jpg 744w, https:\/\/www.cronicasliterarias.es\/wp-content\/uploads\/2023\/02\/adolf-tezuka_osamu-218x300.jpg 218w, https:\/\/www.cronicasliterarias.es\/wp-content\/uploads\/2023\/02\/adolf-tezuka_osamu-768x1057.jpg 768w, https:\/\/www.cronicasliterarias.es\/wp-content\/uploads\/2023\/02\/adolf-tezuka_osamu.jpg 905w\" sizes=\"auto, (max-width: 205px) 100vw, 205px\" \/>Entre 1983 y 1985, el c\u00e9lebre artista Osamu Tezuka cre\u00f3 uno de sus mangas m\u00e1s subestimados, pol\u00e9micos, eternos y que m\u00e1s han dado que hablar a nivel manga-friki-lector mundial. <em>ADOLF<\/em>, que tambi\u00e9n fue conocidocomo <em>Message to Adolf (Adolf ni Tsugu)<\/em> es una historia que abarca d\u00e9cadas, que es en gran parte \u00e9pica e hist\u00f3rica, y en otra mayor parte, thriller de esp\u00edas, romance y es considerada uno de los primeros \u00abmangas para adultos\u00bb (gekiga). Aparte de ser el primer manga que recuerdo haber le\u00eddo del maestro, es la historia de tres hombres llamados Adolf. Ese ser\u00eda el mayor resumen que se puede hacer. Y la historia comienza en 1936 con el reportero japon\u00e9s Sohei Toge, en Berl\u00edn, el cual se dirige a cubrir los Juegos Ol\u00edmpicos, uno de los m\u00e1s pol\u00edticos de la historia. Y aunque Sohei es relativamente apol\u00edtico, desconf\u00eda del r\u00e9gimen nazi como est\u00e1 empezando a hacer ya mucha gente. Lo que se amplifica a\u00fan m\u00e1s cuando recibe una llamada telef\u00f3nica de su hermano menor, Isao Toge, estudiante universitario que estudia en Berl\u00edn y est\u00e1 involucrado en el proscrito Partido Comunista. Y este le dice que ha descubierto documentos sobre Hitler (uno de los tres Adolfs) que destruir\u00edan a todo el <img loading=\"lazy\" decoding=\"async\" class=\"alignright  wp-image-12153\" src=\"https:\/\/www.cronicasliterarias.es\/wp-content\/uploads\/2023\/02\/adolf-tezuka_osamu01-218x300.jpg\" alt=\"\" width=\"125\" height=\"172\" srcset=\"https:\/\/www.cronicasliterarias.es\/wp-content\/uploads\/2023\/02\/adolf-tezuka_osamu01-218x300.jpg 218w, https:\/\/www.cronicasliterarias.es\/wp-content\/uploads\/2023\/02\/adolf-tezuka_osamu01.jpg 267w\" sizes=\"auto, (max-width: 125px) 100vw, 125px\" \/>r\u00e9gimen nazi. Pero cuando Sohei va a visitar a su hermano, lo encuentra brutalmente asesinado, sin testigos y al examinar el cad\u00e1ver de Isao, nota una sustancia calc\u00e1rea bajo de sus u\u00f1as, que evoca recuerdos de un caso de asesinato que aterr\u00f3 a todo Jap\u00f3n. Uno en el que una geisha apareci\u00f3 asfixiada y con una misteriosa sustancia bajo de las u\u00f1as como ahora tiene su hermano.<\/p>\n<p align=\"JUSTIFY\">Otra pista es un trozo de papel con las letras \u201c<em>R.W.<\/em>\u201d<\/p>\n<p align=\"JUSTIFY\">La narraci\u00f3n divide el tiempo entre Sohei Toge y los otros dos Adolfs de la historia a los cuales vamos descubriendo y encontr\u00e1ndonos con el paso de las p\u00e1ginas. Uno es Adolf Kaufmann, hijo de un diplom\u00e1tico alem\u00e1n y esposa japonesa que vive en Kobe (Jap\u00f3n). Un chico no muy conocido que se hace amigo del tercer Adolf del manga, Adolf Kamil, hijo de panaderos jud\u00edos que vive en Jap\u00f3n tambi\u00e9n. Por si no lo sab\u00edais, Jap\u00f3n se convirti\u00f3 en el <img loading=\"lazy\" decoding=\"async\" class=\"alignleft  wp-image-12156\" src=\"https:\/\/www.cronicasliterarias.es\/wp-content\/uploads\/2023\/02\/adolf-tezuka_osamu02-300x234.jpg\" alt=\"\" width=\"200\" height=\"156\" srcset=\"https:\/\/www.cronicasliterarias.es\/wp-content\/uploads\/2023\/02\/adolf-tezuka_osamu02-300x234.jpg 300w, https:\/\/www.cronicasliterarias.es\/wp-content\/uploads\/2023\/02\/adolf-tezuka_osamu02.jpg 474w\" sizes=\"auto, (max-width: 200px) 100vw, 200px\" \/>hogar de una importante comunidad jud\u00eda entre 1930 y 1940, a pesar de la Alianza del Eje.<\/p>\n<p align=\"JUSTIFY\">Una trama enorme de intrigas. Un guion que es una trenza dentro de otra trenza, toda una serie de ramales que se unen y se separan de forma magistral. Todos tienen aqu\u00ed que ver con todos. El padre de Kaufmann, la geisha asesinada, el hermano, el activismo pol\u00edtico secreto, los documentos que estaba buscando Isao Toge, las pruebas concluyentes de que el abuelo de Adolf Hitler era jud\u00edo&#8230;, lo que desacreditar\u00eda al F\u00fchrer frente a sus propios seguidores; seguidores que ya son legi\u00f3n. Una obra con la que Tezuka toc\u00f3 el cielo de los maestros y bord\u00f3 el mundo del manga. Si lleg\u00e1is a <em>ADOLF<\/em> tras leer obras anteriores, ver\u00e9is como esplende aqu\u00ed el se\u00f1or Tezuka y como se siente totalmente liberado; sabiendo que pod\u00eda hacer lo que quisiera que le iba a salir bien. Es capaz de crear muchos otros personajes y tramas secundarias y las entremezcla magistralmente. Todos los hilos se conectan para un cl\u00edmax final en 1945 <img loading=\"lazy\" decoding=\"async\" class=\"alignright  wp-image-12159\" src=\"https:\/\/www.cronicasliterarias.es\/wp-content\/uploads\/2023\/02\/adolf-tezuka_osamu05-300x226.jpg\" alt=\"\" width=\"181\" height=\"136\" srcset=\"https:\/\/www.cronicasliterarias.es\/wp-content\/uploads\/2023\/02\/adolf-tezuka_osamu05-300x226.jpg 300w, https:\/\/www.cronicasliterarias.es\/wp-content\/uploads\/2023\/02\/adolf-tezuka_osamu05.jpg 424w\" sizes=\"auto, (max-width: 181px) 100vw, 181px\" \/>apote\u00f3sico.<\/p>\n<p align=\"JUSTIFY\">Le\u00ed <em>ADOLF<\/em> por primera vez en los a\u00f1os 90 en ingl\u00e9s. En este pa\u00eds\u00a0 he visto salir cantidad de ediciones en los \u00faltimos a\u00f1os pero hasta el momento no me hab\u00eda decidido por ninguna de ellas. Esta \u00faltima que acaba de publicar este mes Planeta C\u00f3mic ha sido la elegida. La \u00faltima obra del maestro del manga, Osamu Tezuka, en dos magn\u00edficos vol\u00famenes de m\u00e1s de seiscientas p\u00e1ginas presentadas dentro de un atractivo cofre, con cubierta de geltex con acabado plastificado que asegura protecci\u00f3n de larga duraci\u00f3n. Una historia particularmente interesante que analiza muy bien la extra\u00f1a alianza japonesa-alemana, que parec\u00eda destinada al fracaso debido tanto a la creencia en su propia superioridad racial como a una gran visi\u00f3n del frente interno japon\u00e9s en las d\u00e9cadas antes mencionadas.<\/p>\n<p align=\"JUSTIFY\"><img loading=\"lazy\" decoding=\"async\" class=\"alignleft  wp-image-12155\" src=\"https:\/\/www.cronicasliterarias.es\/wp-content\/uploads\/2023\/02\/adolf-tezuka_osamu04-300x237.jpg\" alt=\"\" width=\"211\" height=\"167\" srcset=\"https:\/\/www.cronicasliterarias.es\/wp-content\/uploads\/2023\/02\/adolf-tezuka_osamu04-300x237.jpg 300w, https:\/\/www.cronicasliterarias.es\/wp-content\/uploads\/2023\/02\/adolf-tezuka_osamu04.jpg 588w\" sizes=\"auto, (max-width: 211px) 100vw, 211px\" \/>La serie se considera la \u00faltima obra completa de Tezuka, el padre o dios del manga. <em>Astro Boy (<a href=\"https:\/\/www.planetadelibros.com\/serie-astro-boy\/7011\">https:\/\/www.planetadelibros.com\/serie-astro-boy\/7011<\/a>), Ambassador Magma (<a href=\"https:\/\/www.cronicasliterarias.es\/?p=7861\">https:\/\/www.cronicasliterarias.es\/?p=7861<\/a>), Prime Rose (<a href=\"https:\/\/www.cronicasliterarias.es\/?p=11644\">https:\/\/www.cronicasliterarias.es\/?p=11644<\/a>)<\/em>, y otras joyitas que est\u00e1 publicando Planeta C\u00f3mic mes a mes. Aqu\u00ed su obra cumbre.<\/p>\n","protected":false},"excerpt":{"rendered":"<p>Entre 1983 y 1985, el c\u00e9lebre artista Osamu Tezuka cre\u00f3 uno de sus mangas m\u00e1s subestimados, pol\u00e9micos, eternos y que m\u00e1s han dado que hablar a nivel manga-friki-lector mundial. ADOLF, que tambi\u00e9n fue conocidocomo Message to Adolf (Adolf ni Tsugu) es una historia que abarca d\u00e9cadas, que es en gran parte \u00e9pica e hist\u00f3rica, y [&hellip;]<\/p>\n","protected":false},"author":4,"featured_media":0,"comment_status":"closed","ping_status":"closed","sticky":false,"template":"","format":"standard","meta":{"footnotes":""},"categories":[124,26,6],"tags":[288,347,11,38,10],"class_list":["post-12149","post","type-post","status-publish","format-standard","hentry","category-manga","category-planeta-comic","category-resenas","tag-biblioteca-osamu-tezuka","tag-indispensables-manga","tag-j-j-castillo","tag-planeta-comic","tag-resenas"],"_links":{"self":[{"href":"https:\/\/www.cronicasliterarias.es\/index.php?rest_route=\/wp\/v2\/posts\/12149","targetHints":{"allow":["GET"]}}],"collection":[{"href":"https:\/\/www.cronicasliterarias.es\/index.php?rest_route=\/wp\/v2\/posts"}],"about":[{"href":"https:\/\/www.cronicasliterarias.es\/index.php?rest_route=\/wp\/v2\/types\/post"}],"author":[{"embeddable":true,"href":"https:\/\/www.cronicasliterarias.es\/index.php?rest_route=\/wp\/v2\/users\/4"}],"replies":[{"embeddable":true,"href":"https:\/\/www.cronicasliterarias.es\/index.php?rest_route=%2Fwp%2Fv2%2Fcomments&post=12149"}],"version-history":[{"count":6,"href":"https:\/\/www.cronicasliterarias.es\/index.php?rest_route=\/wp\/v2\/posts\/12149\/revisions"}],"predecessor-version":[{"id":12164,"href":"https:\/\/www.cronicasliterarias.es\/index.php?rest_route=\/wp\/v2\/posts\/12149\/revisions\/12164"}],"wp:attachment":[{"href":"https:\/\/www.cronicasliterarias.es\/index.php?rest_route=%2Fwp%2Fv2%2Fmedia&parent=12149"}],"wp:term":[{"taxonomy":"category","embeddable":true,"href":"https:\/\/www.cronicasliterarias.es\/index.php?rest_route=%2Fwp%2Fv2%2Fcategories&post=12149"},{"taxonomy":"post_tag","embeddable":true,"href":"https:\/\/www.cronicasliterarias.es\/index.php?rest_route=%2Fwp%2Fv2%2Ftags&post=12149"}],"curies":[{"name":"wp","href":"https:\/\/api.w.org\/{rel}","templated":true}]}}