{"id":12185,"date":"2023-02-24T00:05:00","date_gmt":"2023-02-24T00:05:00","guid":{"rendered":"https:\/\/www.cronicasliterarias.es\/?p=12185"},"modified":"2023-02-24T22:17:25","modified_gmt":"2023-02-24T22:17:25","slug":"resena-penss-y-los-pliegues-del-mundo-de-jeremie-moreau","status":"publish","type":"post","link":"https:\/\/www.cronicasliterarias.es\/?p=12185","title":{"rendered":"Rese\u00f1a: Penss y los Pliegues del Mundo, de J\u00e9r\u00e9mie Moreau"},"content":{"rendered":"<p align=\"JUSTIFY\"><img loading=\"lazy\" decoding=\"async\" class=\"alignleft  wp-image-12186\" src=\"https:\/\/www.cronicasliterarias.es\/wp-content\/uploads\/2023\/02\/penssenlosplieguesdelmundo00.jpg\" alt=\"\" width=\"220\" height=\"286\" srcset=\"https:\/\/www.cronicasliterarias.es\/wp-content\/uploads\/2023\/02\/penssenlosplieguesdelmundo00.jpg 474w, https:\/\/www.cronicasliterarias.es\/wp-content\/uploads\/2023\/02\/penssenlosplieguesdelmundo00-230x300.jpg 230w\" sizes=\"auto, (max-width: 220px) 100vw, 220px\" \/>Penss, el protagonista de esta historia que acabo de devorar, es un joven diferente desde el principio. Avergonzado constantemente por su gente por su insuficiencia y su inutilidad, es realmente un so\u00f1ador. Al perder a su clan y enfrentarse a este mundo indiferente y despiadado que se nos abre cuando nos lanzamos, Penss se esfuerza por descubrir los secretos del mundo. Y con una mezcla de m\u00edstica y m\u00e9todo, descubrir\u00e1 ciertos \u00absecretos\u00bb que lo llevar\u00e1n por el camino de la agricultura&#8230; \u00bfPor qu\u00e9 me gust\u00f3 especialmente esta lectura? En realidad, por una raz\u00f3n bastante peculiar. Y es que no hace mucho acab\u00e9 <em>Saison brune<\/em>, de Squarzoni; un libro muy bien documentado y sin adornos sobre el calentamiento global y sus consecuencias. Un libro con un final probablemente cierto y aterrador sobre nuestro futuro donde no, no salimos ilesos. As\u00ed que donde ten\u00edamos un tema serio y un final, tenemos aqu\u00ed, por el contrario, una historia y un comienzo de la vida del ser humano. Historia sobre los inicios del Hombre, sobre la dificultad de sobrevivir en un mundo donde la naturaleza no es un bonito jard\u00edn donde solo hay que caminar para encontrar algo con lo que sobrevivir.<\/p>\n<p align=\"JUSTIFY\">Descubrir el <img loading=\"lazy\" decoding=\"async\" class=\"alignright  wp-image-12187\" src=\"https:\/\/www.cronicasliterarias.es\/wp-content\/uploads\/2023\/02\/penssenlosplieguesdelmundo-300x138.jpg\" alt=\"\" width=\"248\" height=\"114\" srcset=\"https:\/\/www.cronicasliterarias.es\/wp-content\/uploads\/2023\/02\/penssenlosplieguesdelmundo-300x138.jpg 300w, https:\/\/www.cronicasliterarias.es\/wp-content\/uploads\/2023\/02\/penssenlosplieguesdelmundo.jpg 757w\" sizes=\"auto, (max-width: 248px) 100vw, 248px\" \/>mundo y comprenderlo. Algo que no todo ser humano sabe hacer o ni siquiera lo intenta. Pero tambi\u00e9n una historia sobre la feroz voluntad de sobrevivir, de vivir, de luchar contra ese muro de conquistar y domesticar lo desconocido. No estamos pues en absoluto en el fondo de una f\u00e1bula ecol\u00f3gica, sin embargo, casi que se puede sentir la fuerza de voluntad de Penss al desbravar el mundo que le rodea, ese mundo que para muchos se hace un mundo, valga la redundancia.<\/p>\n<p align=\"JUSTIFY\">El mundo representado en <em>Penss y los pliegues del mundo<\/em> aporta una enorme sensaci\u00f3n de lugar vac\u00edo. Es lo que no me cuadra de la trama. \u00bfLo era realmente un planeta que bull\u00eda vida tras la primera c\u00e9lula? No s\u00e9&#8230; Pero hay que admitir que las luchas contra los grandes depredadores que van saliendo son \u00e9picas; episodios ciertamente fuertes y gustosos en los que recrear nuestra imaginaci\u00f3n. Veremos mamuts y algunos personajes evocar\u00e1n las luchas heroicas que dieron gloria a su clan posiblemente en aquellos primeros a\u00f1os de <img loading=\"lazy\" decoding=\"async\" class=\"alignleft  wp-image-12194\" src=\"https:\/\/www.cronicasliterarias.es\/wp-content\/uploads\/2023\/02\/penssenlosplieguesdelmundo03-300x198.jpg\" alt=\"\" width=\"229\" height=\"151\" srcset=\"https:\/\/www.cronicasliterarias.es\/wp-content\/uploads\/2023\/02\/penssenlosplieguesdelmundo03-300x198.jpg 300w, https:\/\/www.cronicasliterarias.es\/wp-content\/uploads\/2023\/02\/penssenlosplieguesdelmundo03.jpg 643w\" sizes=\"auto, (max-width: 229px) 100vw, 229px\" \/>supervivencia. Pero no hablaba de eso. El \u00abvac\u00edo\u00bb se explica dentro de este \u00e1lbum con el tema de que la situaci\u00f3n era aislada sobre todo en los valles, lugar bastante propicio para la agricultura. Y me da que eso no era tanto as\u00ed. Mas, la incomprensi\u00f3n natural de otros clanes ante la innovaci\u00f3n de algunos de los componentes que tiene nuevas ideas est\u00e1 muy bien representada en este c\u00f3mic. As\u00ed como los conflictos entre aspiraciones y el modo de sobrevivir en comunidad.<\/p>\n<p align=\"JUSTIFY\">Tenemos en este t\u00edtulo ese tipo de dibujo que siendo c\u00f3mic europeo, recuerda bastante al manga. Aunque m\u00e1s parecido al anime de Miyazaki. El dibujo de J\u00e9r\u00e9mie Moreau mola y ya molaba en <em>Le discours de la panth\u00e8re o La saga de Grimr<\/em>, publicada tambi\u00e9n en Norma Editorial (se ve que al autor le mola la Prehistoria). En particular, una selecci\u00f3n de colores que da vida a este mundo y le da un aspecto visualmente atractivo, aportando adem\u00e1s un final curioso que puede no gustarle a todo el mundo (un cambio de pensamiento demasiado abrupto). Pero recomiendo bastante la lectura de <em>Penss y los pliegues del mundo<\/em> ya que interpreta muy bien el mensaje que <img loading=\"lazy\" decoding=\"async\" class=\"alignright  wp-image-12193\" src=\"https:\/\/www.cronicasliterarias.es\/wp-content\/uploads\/2023\/02\/penssenlosplieguesdelmundo02-300x182.jpg\" alt=\"\" width=\"255\" height=\"155\" srcset=\"https:\/\/www.cronicasliterarias.es\/wp-content\/uploads\/2023\/02\/penssenlosplieguesdelmundo02-300x182.jpg 300w, https:\/\/www.cronicasliterarias.es\/wp-content\/uploads\/2023\/02\/penssenlosplieguesdelmundo02.jpg 765w\" sizes=\"auto, (max-width: 255px) 100vw, 255px\" \/>aborda nuestra forma de vida, o la que debiera ser, algo-bastante m\u00e1s moral y por una puta vez pensando en el bien ecol\u00f3gico.<\/p>\n<p align=\"JUSTIFY\">Un soplo de aire fresco. Un sue\u00f1o agradable.<\/p>\n","protected":false},"excerpt":{"rendered":"<p>Penss, el protagonista de esta historia que acabo de devorar, es un joven diferente desde el principio. Avergonzado constantemente por su gente por su insuficiencia y su inutilidad, es realmente un so\u00f1ador. Al perder a su clan y enfrentarse a este mundo indiferente y despiadado que se nos abre cuando nos lanzamos, Penss se esfuerza [&hellip;]<\/p>\n","protected":false},"author":4,"featured_media":0,"comment_status":"closed","ping_status":"closed","sticky":false,"template":"","format":"standard","meta":{"footnotes":""},"categories":[53,44,30,6],"tags":[358,11,22,10],"class_list":["post-12185","post","type-post","status-publish","format-standard","hentry","category-bd","category-comic-europeo","category-norma-editorial","category-resenas","tag-comic-europeo-2023","tag-j-j-castillo","tag-norma-editorial","tag-resenas"],"_links":{"self":[{"href":"https:\/\/www.cronicasliterarias.es\/index.php?rest_route=\/wp\/v2\/posts\/12185","targetHints":{"allow":["GET"]}}],"collection":[{"href":"https:\/\/www.cronicasliterarias.es\/index.php?rest_route=\/wp\/v2\/posts"}],"about":[{"href":"https:\/\/www.cronicasliterarias.es\/index.php?rest_route=\/wp\/v2\/types\/post"}],"author":[{"embeddable":true,"href":"https:\/\/www.cronicasliterarias.es\/index.php?rest_route=\/wp\/v2\/users\/4"}],"replies":[{"embeddable":true,"href":"https:\/\/www.cronicasliterarias.es\/index.php?rest_route=%2Fwp%2Fv2%2Fcomments&post=12185"}],"version-history":[{"count":13,"href":"https:\/\/www.cronicasliterarias.es\/index.php?rest_route=\/wp\/v2\/posts\/12185\/revisions"}],"predecessor-version":[{"id":12205,"href":"https:\/\/www.cronicasliterarias.es\/index.php?rest_route=\/wp\/v2\/posts\/12185\/revisions\/12205"}],"wp:attachment":[{"href":"https:\/\/www.cronicasliterarias.es\/index.php?rest_route=%2Fwp%2Fv2%2Fmedia&parent=12185"}],"wp:term":[{"taxonomy":"category","embeddable":true,"href":"https:\/\/www.cronicasliterarias.es\/index.php?rest_route=%2Fwp%2Fv2%2Fcategories&post=12185"},{"taxonomy":"post_tag","embeddable":true,"href":"https:\/\/www.cronicasliterarias.es\/index.php?rest_route=%2Fwp%2Fv2%2Ftags&post=12185"}],"curies":[{"name":"wp","href":"https:\/\/api.w.org\/{rel}","templated":true}]}}