{"id":12348,"date":"2023-03-08T00:05:00","date_gmt":"2023-03-08T00:05:00","guid":{"rendered":"https:\/\/www.cronicasliterarias.es\/?p=12348"},"modified":"2023-03-08T11:55:36","modified_gmt":"2023-03-08T11:55:36","slug":"resena-tenebrosa-de-hubert-y-mallie","status":"publish","type":"post","link":"https:\/\/www.cronicasliterarias.es\/?p=12348","title":{"rendered":"Rese\u00f1a: Tenebrosa, de Hubert y Malli\u00e8"},"content":{"rendered":"<p align=\"JUSTIFY\"><img loading=\"lazy\" decoding=\"async\" class=\"alignleft  wp-image-12349\" src=\"https:\/\/www.cronicasliterarias.es\/wp-content\/uploads\/2023\/03\/tenebrosa.jpg\" alt=\"\" width=\"229\" height=\"301\" srcset=\"https:\/\/www.cronicasliterarias.es\/wp-content\/uploads\/2023\/03\/tenebrosa.jpg 645w, https:\/\/www.cronicasliterarias.es\/wp-content\/uploads\/2023\/03\/tenebrosa-228x300.jpg 228w\" sizes=\"auto, (max-width: 229px) 100vw, 229px\" \/>Aqu\u00ed un fan de Hubert y de su tan prol\u00edfica obra pese a que nos dej\u00f3 pronto. Un se\u00f1or franc\u00e9s que comenz\u00f3 en el mundo del c\u00f3mic como colorista, colaborando, entre otros autores, con Jason y David B y m\u00e1s adelante demostrando su cualidad como guionista a la vez que trabajaba con grandes del c\u00f3mic europeo como Herv\u00e9 Tanquerelle, Marie Caillou o Zanzim. Un compa\u00f1ero de gustos y afici\u00f3n (y casi edad) que desapareci\u00f3 de entre nosotros en 2020 pero del que he podido disfrutar de guiones suyos en<em> Infinity 8<\/em> (Dibbuks), <em>Conan El Cimmerio<\/em> (Planeta C\u00f3mic) o su genial <em>Piel de Hombre<\/em>, obraza que vio la luz hace poco en Norma Editorial <em>(<a href=\"https:\/\/www.cronicasliterarias.es\/?p=8336\">https:\/\/www.cronicasliterarias.es\/?p=8336<\/a>)<\/em> y que esplende por s\u00ed sola en originalidad. Por eso claro, el vello de punta cada vez que salta a la luz entre novedades una nueva publicaci\u00f3n de este se\u00f1or. Loquito andaba ya por leer <em>Tenebrosa<\/em> ahora que por fin llega a nuestras librer\u00edas, un genial \u00e1lbum que public\u00f3 junto a Malli\u00e8 y sus geniales dibujos.<\/p>\n<p align=\"JUSTIFY\"><em>Tenebrosa<\/em>, como sugiere su t\u00edtulo, casi podr\u00eda habernos sido enviado desde el M\u00e1s All\u00e1, porque ahora estamos seguros de que Hubert hab\u00eda decidido desafiar a la muerte con sus <img loading=\"lazy\" decoding=\"async\" class=\"alignright  wp-image-12350\" src=\"https:\/\/www.cronicasliterarias.es\/wp-content\/uploads\/2023\/03\/tenebrosa01-300x188.jpg\" alt=\"\" width=\"249\" height=\"156\" srcset=\"https:\/\/www.cronicasliterarias.es\/wp-content\/uploads\/2023\/03\/tenebrosa01-300x188.jpg 300w, https:\/\/www.cronicasliterarias.es\/wp-content\/uploads\/2023\/03\/tenebrosa01.jpg 562w\" sizes=\"auto, (max-width: 249px) 100vw, 249px\" \/>escritos como \u00fanicas armas. Un cuento l\u00f3gicamente oscuro, muy oscuro, con un toque de fantas\u00eda heroica que podr\u00eda evocar en im\u00e1genes a <em>La b\u00fasqueda del p\u00e1jaro del tiempo (<a href=\"https:\/\/www.normaeditorial.com\/ficha\/comic-europeo\/la-busqueda-del-pajaro-del-tiempo\/la-busqueda-del-pajaro-del-tiempo-ed-integral\">https:\/\/www.normaeditorial.com\/ficha\/comic-europeo\/la-busqueda-del-pajaro-del-tiempo\/la-busqueda-del-pajaro-del-tiempo-ed-integral<\/a>)<\/em>, menos por el tema malvado. As\u00ed, el autor se divierte desdibujando nuestros rumbos entre el bien y el mal para que el lector termine tomando la causa de Islen, quien, a rega\u00f1adientes, hered\u00f3 de su madre Meliren, una reina ca\u00edda, una poderosa magia negra. Poderes que la convertir\u00e1n en una paria, poderes que teme por su inexperiencia, pero que aprender\u00e1 a dominar para vengarse de la injusticia de su padre, manipulado por su nueva esposa, una celosa e hip\u00f3crita se\u00f1ora. En apariencia, el \u00ablado oscuro\u00bb parece encarnado por Islen, recluida en un castillo en ruinas y rodeado de inquietantes criaturas salidas directamente de las entra\u00f1as de la tierra. Como lector descubriremos que la ira de la joven provoca la irrupci\u00f3n de ratas o ara\u00f1as, despertando la leg\u00edtima hostilidad de una poblaci\u00f3n aterrorizada. No obstante, la salvaci\u00f3n puede venir del caballero mercenario Arzhur que parece, por su condici\u00f3n de marginado, el \u00fanico capaz de comprenderla y velar por ella. Adem\u00e1s de que no es insensible a su venenosa belleza.<\/p>\n<p align=\"JUSTIFY\"><img loading=\"lazy\" decoding=\"async\" class=\"alignleft  wp-image-12352\" src=\"https:\/\/www.cronicasliterarias.es\/wp-content\/uploads\/2023\/03\/tenebrosa04-300x190.jpg\" alt=\"\" width=\"281\" height=\"178\" srcset=\"https:\/\/www.cronicasliterarias.es\/wp-content\/uploads\/2023\/03\/tenebrosa04-300x190.jpg 300w, https:\/\/www.cronicasliterarias.es\/wp-content\/uploads\/2023\/03\/tenebrosa04.jpg 527w\" sizes=\"auto, (max-width: 281px) 100vw, 281px\" \/>En la primera parte de la historia no tendremos la respuesta, pero estos poderes ocultos que de alguna manera mantienen cautiva a Islen, resultan ser la reacci\u00f3n fantasmag\u00f3rica de una naturaleza herida por la estupidez de los hombres, encarnada en su madre. A la vez quimera y sacerdotisa cham\u00e1n, Meliven ver\u00e1 c\u00f3mo su idilio con el rey Goulven se convierte en odio con el paso de los d\u00edas, que ya no soporta verla ausente durante largos meses en compa\u00f1\u00eda de su hija en su misterioso hogar subterr\u00e1neo. Y el conflicto que se avecina no lo har\u00e1 mejor, sacando a relucir su parte m\u00e1s cruel (de \u00e9l). Y donde empezaremos a empatizar con la reina y el c\u00f3mo usa sus \u201cmalvados\u201d hechizos.<\/p>\n<p align=\"JUSTIFY\">Podemos admirar el trabajo de Vincent Malli\u00e9. El ilustrador demuestra una vez m\u00e1s un dominio total del encuadre y el movimiento, en definitiva, uno no puede m\u00e1s que asombrarse con esta obra y el par de autores culpables de ella. Sin embargo,<em> Tenebrosa<\/em> es una obra p\u00f3stuma de Hubert. Obra que no pudo ver publicada porque se suicid\u00f3 en 2020, poco despu\u00e9s de haber culminado el guion de la misma. Pero dej\u00f3 aqu\u00ed un cuento fant\u00e1stico al que no le falta aliento. El \u00faltimo regalo de despedida del difunto Hubert, que entrar\u00e1 as\u00ed definitivamente en la leyenda del noveno arte. Palabras que no son m\u00edas, pues se dijo en diversos medios franceses.<\/p>\n<p align=\"JUSTIFY\"><img loading=\"lazy\" decoding=\"async\" class=\"aligncenter  wp-image-12351\" src=\"https:\/\/www.cronicasliterarias.es\/wp-content\/uploads\/2023\/03\/tenebrosa05.jpg\" alt=\"\" width=\"440\" height=\"83\" srcset=\"https:\/\/www.cronicasliterarias.es\/wp-content\/uploads\/2023\/03\/tenebrosa05.jpg 572w, https:\/\/www.cronicasliterarias.es\/wp-content\/uploads\/2023\/03\/tenebrosa05-300x57.jpg 300w\" sizes=\"auto, (max-width: 440px) 100vw, 440px\" \/><\/p>\n<p align=\"JUSTIFY\">Tomo muy chulo para disfrutar del fant\u00e1stico en el D\u00eda de la Mujer.<\/p>\n","protected":false},"excerpt":{"rendered":"<p>Aqu\u00ed un fan de Hubert y de su tan prol\u00edfica obra pese a que nos dej\u00f3 pronto. Un se\u00f1or franc\u00e9s que comenz\u00f3 en el mundo del c\u00f3mic como colorista, colaborando, entre otros autores, con Jason y David B y m\u00e1s adelante demostrando su cualidad como guionista a la vez que trabajaba con grandes del c\u00f3mic [&hellip;]<\/p>\n","protected":false},"author":4,"featured_media":0,"comment_status":"closed","ping_status":"closed","sticky":false,"template":"","format":"standard","meta":{"footnotes":""},"categories":[53,44,74,30,6],"tags":[358,11,22,10],"class_list":["post-12348","post","type-post","status-publish","format-standard","hentry","category-bd","category-comic-europeo","category-integral","category-norma-editorial","category-resenas","tag-comic-europeo-2023","tag-j-j-castillo","tag-norma-editorial","tag-resenas"],"_links":{"self":[{"href":"https:\/\/www.cronicasliterarias.es\/index.php?rest_route=\/wp\/v2\/posts\/12348","targetHints":{"allow":["GET"]}}],"collection":[{"href":"https:\/\/www.cronicasliterarias.es\/index.php?rest_route=\/wp\/v2\/posts"}],"about":[{"href":"https:\/\/www.cronicasliterarias.es\/index.php?rest_route=\/wp\/v2\/types\/post"}],"author":[{"embeddable":true,"href":"https:\/\/www.cronicasliterarias.es\/index.php?rest_route=\/wp\/v2\/users\/4"}],"replies":[{"embeddable":true,"href":"https:\/\/www.cronicasliterarias.es\/index.php?rest_route=%2Fwp%2Fv2%2Fcomments&post=12348"}],"version-history":[{"count":2,"href":"https:\/\/www.cronicasliterarias.es\/index.php?rest_route=\/wp\/v2\/posts\/12348\/revisions"}],"predecessor-version":[{"id":12354,"href":"https:\/\/www.cronicasliterarias.es\/index.php?rest_route=\/wp\/v2\/posts\/12348\/revisions\/12354"}],"wp:attachment":[{"href":"https:\/\/www.cronicasliterarias.es\/index.php?rest_route=%2Fwp%2Fv2%2Fmedia&parent=12348"}],"wp:term":[{"taxonomy":"category","embeddable":true,"href":"https:\/\/www.cronicasliterarias.es\/index.php?rest_route=%2Fwp%2Fv2%2Fcategories&post=12348"},{"taxonomy":"post_tag","embeddable":true,"href":"https:\/\/www.cronicasliterarias.es\/index.php?rest_route=%2Fwp%2Fv2%2Ftags&post=12348"}],"curies":[{"name":"wp","href":"https:\/\/api.w.org\/{rel}","templated":true}]}}