{"id":12470,"date":"2023-03-24T00:05:00","date_gmt":"2023-03-24T00:05:00","guid":{"rendered":"https:\/\/www.cronicasliterarias.es\/?p=12470"},"modified":"2023-03-25T20:39:01","modified_gmt":"2023-03-25T20:39:01","slug":"resena-spada-integral-de-gianni-de-luca-y-gianluigi-gonano","status":"publish","type":"post","link":"https:\/\/www.cronicasliterarias.es\/?p=12470","title":{"rendered":"Rese\u00f1a: El Comisario Spada (Integral), de Gianni De Luca y Gianluigi Gonano"},"content":{"rendered":"<p align=\"JUSTIFY\"><img loading=\"lazy\" decoding=\"async\" class=\"alignleft  wp-image-12474\" src=\"https:\/\/www.cronicasliterarias.es\/wp-content\/uploads\/2023\/03\/elcomisariospada.jpg\" alt=\"\" width=\"241\" height=\"319\" srcset=\"https:\/\/www.cronicasliterarias.es\/wp-content\/uploads\/2023\/03\/elcomisariospada.jpg 636w, https:\/\/www.cronicasliterarias.es\/wp-content\/uploads\/2023\/03\/elcomisariospada-227x300.jpg 227w\" sizes=\"auto, (max-width: 241px) 100vw, 241px\" \/>Otra buena noticia comiquera es tener disponible en librer\u00edas gracias a Ponent Mon, un integralazo de un cl\u00e1sico como es <em>El comisario Spada<\/em>. Un personaje que se inmortaliz\u00f3 en el pa\u00eds de la bota en los 70s, un c\u00f3mic que aglutina crimen, revueltas, terrorismo\u2026 una realidad que pas\u00f3 a la ficci\u00f3n, como bien se cuenta en la sinopsis editorial.<\/p>\n<p align=\"JUSTIFY\">Una obra de Gianni De Luca y Gianluigi Gonano, otros dos maestros del fumetto. Y es que hubo una \u00e9poca en que los c\u00f3mics italianos dominaban el mercado europeo aunque por estos lares costaba encontrarlos. Por eso y solo por eso, que Spada vuelva estar entre nosotros y en una edici\u00f3n as\u00ed no es otra cosa que motivo de celebraci\u00f3n. Porque <em>El comisario Spada <\/em>es una serie polic\u00edaca que fue una verdadera curiosidad cuando debut\u00f3 en 1970 en las p\u00e1ginas del semanario<em> Il Giornalino<\/em>. S\u00ed friends, para una serie detectivesca, era bastante inusual que su protagonista fuese un polic\u00eda atl\u00e9tico y guapet\u00f3n, contrariamente a la imagen de panzudo y venido a menos impuesta en un alto cargo dentro de la polic\u00eda criminal de Mil\u00e1n (aunque a veces <img loading=\"lazy\" decoding=\"async\" class=\"alignright  wp-image-12475\" src=\"https:\/\/www.cronicasliterarias.es\/wp-content\/uploads\/2023\/03\/elcomisariospada02-300x207.jpg\" alt=\"\" width=\"219\" height=\"151\" srcset=\"https:\/\/www.cronicasliterarias.es\/wp-content\/uploads\/2023\/03\/elcomisariospada02-300x207.jpg 300w, https:\/\/www.cronicasliterarias.es\/wp-content\/uploads\/2023\/03\/elcomisariospada02.jpg 738w\" sizes=\"auto, (max-width: 219px) 100vw, 219px\" \/>escapa al extranjero). Tambi\u00e9n era y es especial, porque sus guiones mezclan h\u00e1bilmente sus investigaciones con su vida privada. De hecho, se cuenta como Spada cr\u00eda \u00e9l solo a su hijo Mario, a quien los lectores ver\u00e1n crecer a lo largo de los episodios. Y adem\u00e1s, a trav\u00e9s de su hijo, Spada se enfrentar\u00e1 a los problemas de la juventud, problemas que exist\u00edan en aquellos a\u00f1os de tantos cambios en las sociedades salidas de un r\u00e9gimen dictatorial. Pero lo que sorprende a\u00fan m\u00e1s en estos \u00e1lbumes es el dise\u00f1o casi geom\u00e9trico de Gianni de Luca, un estilo que marca, y que se me vinieron a la mente r\u00e1pidamente cuando record\u00e9 que hab\u00eda visto algo parecido en mi ni\u00f1ez en la revista <em>Formule 1,<\/em> aunque por entonces no me emocionaban demasiado quiz\u00e1s por lo joven que era. Ahora, al releerlas, me di cuenta que eran innovadoras. Y cuando comprob\u00e9 su <em>Hamlet<\/em>, tambi\u00e9n percib\u00ed que el ilustrador hab\u00eda mejorado bastante su estilo.<\/p>\n<p align=\"JUSTIFY\">Ahora, con el paso del tiempo, lees las aventuras y desventuras de <em>El comisario Spada<\/em> y ves que los escenarios no eran convencionales. Y ves obvio que esta serie se colocara entre las mejores de su tipo en el pa\u00eds vecino. No hace mucho escuch\u00e9 que hubo una veintena de <img loading=\"lazy\" decoding=\"async\" class=\"alignleft  wp-image-12476\" src=\"https:\/\/www.cronicasliterarias.es\/wp-content\/uploads\/2023\/03\/elcomisariospada03-300x207.jpg\" alt=\"\" width=\"264\" height=\"182\" srcset=\"https:\/\/www.cronicasliterarias.es\/wp-content\/uploads\/2023\/03\/elcomisariospada03-300x207.jpg 300w, https:\/\/www.cronicasliterarias.es\/wp-content\/uploads\/2023\/03\/elcomisariospada03.jpg 738w\" sizes=\"auto, (max-width: 264px) 100vw, 264px\" \/>episodios de este personaje que jam\u00e1s se tradujeron al franc\u00e9s y que solo se tradujo un \u00e1lbum al otro lado de los Pirineos y para nada es el mejor. Deben estar que trinan&#8230;<\/p>\n<p align=\"JUSTIFY\">Porque <em>El comisario Spada<\/em> es para tenerlo, leerlo y devorarlo casi tan r\u00e1pido como lo hice yo. Sus aventuras comenzaron en abril de 1970, como os dec\u00eda, pero terminaron para siempre en mayo de 1984. Ponent Mon acaba de sacar este tomo, un tomo joyita de un personaje casi desconocido en la BD pero no por ello deseado entre los que llevan leyendo c\u00f3mic europeo toda la vida. Despu\u00e9s de haberme puesto con \u00e9l tras mucho tiempo, admito que estaba un poco confundido. Lo recordaba algo m\u00e1s simple en sus historias. Parecen tramas convencionales pero vistos ahora, con algunas d\u00e9cadas encima y quiz\u00e1s ojos ya arrugados, me pareci\u00f3 encontrar en las intrigas algo m\u00e1s. Trasfondos m\u00e1s currados aunque casi escondidos. Confesiones personales supuestamente del guionista que me seducieron bastante.<\/p>\n<p align=\"JUSTIFY\"><img loading=\"lazy\" decoding=\"async\" class=\"alignright  wp-image-12477\" src=\"https:\/\/www.cronicasliterarias.es\/wp-content\/uploads\/2023\/03\/elcomisariospada04-300x206.jpg\" alt=\"\" width=\"259\" height=\"178\" srcset=\"https:\/\/www.cronicasliterarias.es\/wp-content\/uploads\/2023\/03\/elcomisariospada04-300x206.jpg 300w, https:\/\/www.cronicasliterarias.es\/wp-content\/uploads\/2023\/03\/elcomisariospada04.jpg 735w\" sizes=\"auto, (max-width: 259px) 100vw, 259px\" \/><em>El comisario Spada <\/em>trata un personaje que se debate entre el marco de las protestas juveniles, el terrorismo, el crimen organizado y las drogas. Personaje muy interesante para los amantes del g\u00e9nero negro. Y no me ir\u00e9 sin felicitar a Jos\u00e9 Emilio Mart\u00ednez Tur por su genial traducci\u00f3n del c\u00f3mic. Ganador del premio Yellow Kid en 1971.<\/p>\n","protected":false},"excerpt":{"rendered":"<p>Otra buena noticia comiquera es tener disponible en librer\u00edas gracias a Ponent Mon, un integralazo de un cl\u00e1sico como es El comisario Spada. Un personaje que se inmortaliz\u00f3 en el pa\u00eds de la bota en los 70s, un c\u00f3mic que aglutina crimen, revueltas, terrorismo\u2026 una realidad que pas\u00f3 a la ficci\u00f3n, como bien se cuenta [&hellip;]<\/p>\n","protected":false},"author":4,"featured_media":0,"comment_status":"closed","ping_status":"closed","sticky":false,"template":"","format":"standard","meta":{"footnotes":""},"categories":[44,74,37,144,18,6],"tags":[358,11,19,10],"class_list":["post-12470","post","type-post","status-publish","format-standard","hentry","category-comic-europeo","category-integral","category-novela-negra","category-novela-policiaca","category-ponent-mon","category-resenas","tag-comic-europeo-2023","tag-j-j-castillo","tag-ponent-mon","tag-resenas"],"_links":{"self":[{"href":"https:\/\/www.cronicasliterarias.es\/index.php?rest_route=\/wp\/v2\/posts\/12470","targetHints":{"allow":["GET"]}}],"collection":[{"href":"https:\/\/www.cronicasliterarias.es\/index.php?rest_route=\/wp\/v2\/posts"}],"about":[{"href":"https:\/\/www.cronicasliterarias.es\/index.php?rest_route=\/wp\/v2\/types\/post"}],"author":[{"embeddable":true,"href":"https:\/\/www.cronicasliterarias.es\/index.php?rest_route=\/wp\/v2\/users\/4"}],"replies":[{"embeddable":true,"href":"https:\/\/www.cronicasliterarias.es\/index.php?rest_route=%2Fwp%2Fv2%2Fcomments&post=12470"}],"version-history":[{"count":5,"href":"https:\/\/www.cronicasliterarias.es\/index.php?rest_route=\/wp\/v2\/posts\/12470\/revisions"}],"predecessor-version":[{"id":12480,"href":"https:\/\/www.cronicasliterarias.es\/index.php?rest_route=\/wp\/v2\/posts\/12470\/revisions\/12480"}],"wp:attachment":[{"href":"https:\/\/www.cronicasliterarias.es\/index.php?rest_route=%2Fwp%2Fv2%2Fmedia&parent=12470"}],"wp:term":[{"taxonomy":"category","embeddable":true,"href":"https:\/\/www.cronicasliterarias.es\/index.php?rest_route=%2Fwp%2Fv2%2Fcategories&post=12470"},{"taxonomy":"post_tag","embeddable":true,"href":"https:\/\/www.cronicasliterarias.es\/index.php?rest_route=%2Fwp%2Fv2%2Ftags&post=12470"}],"curies":[{"name":"wp","href":"https:\/\/api.w.org\/{rel}","templated":true}]}}