{"id":12768,"date":"2023-04-17T00:05:00","date_gmt":"2023-04-17T00:05:00","guid":{"rendered":"https:\/\/www.cronicasliterarias.es\/?p=12768"},"modified":"2023-04-17T09:07:37","modified_gmt":"2023-04-17T09:07:37","slug":"resena-grendel-la-odisea-del-diablo-de-matt-y-brennan-wagner-revisar","status":"publish","type":"post","link":"https:\/\/www.cronicasliterarias.es\/?p=12768","title":{"rendered":"Rese\u00f1a: Grendel. La Odisea del Diablo, de Matt y Brennan Wagner"},"content":{"rendered":"<p align=\"JUSTIFY\"><img loading=\"lazy\" decoding=\"async\" class=\"alignleft  wp-image-12769\" src=\"https:\/\/www.cronicasliterarias.es\/wp-content\/uploads\/2023\/04\/grendel-la-odisea-del-diablo-667x1024.jpg\" alt=\"\" width=\"203\" height=\"312\" srcset=\"https:\/\/www.cronicasliterarias.es\/wp-content\/uploads\/2023\/04\/grendel-la-odisea-del-diablo-667x1024.jpg 667w, https:\/\/www.cronicasliterarias.es\/wp-content\/uploads\/2023\/04\/grendel-la-odisea-del-diablo-195x300.jpg 195w, https:\/\/www.cronicasliterarias.es\/wp-content\/uploads\/2023\/04\/grendel-la-odisea-del-diablo-768x1180.jpg 768w, https:\/\/www.cronicasliterarias.es\/wp-content\/uploads\/2023\/04\/grendel-la-odisea-del-diablo.jpg 1000w\" sizes=\"auto, (max-width: 203px) 100vw, 203px\" \/>Matt Wagner volviendo a su creaci\u00f3n m\u00e1s sombr\u00eda o la que es para m\u00ed, su mejor creaci\u00f3n. Las historias principales de <em>Grendel<\/em> siempre han tenido un peso mucho m\u00e1s bajo que las historias de Hunter Rose Grendel. Pero mi amor por Hunter Rose ha cambiado y ahora intento leer y rese\u00f1ar todo-todito-todo en lo que aparezca Grendel Prime. Y ya os digo que <em>Devil&#8217;s Odyssey <\/em>se convirti\u00f3 muy r\u00e1pidamente en mi historia favorita de este personaje. Es Matt Wagner haciendo <em>Battlestar Galactica<\/em>, mientras Prime busca un nuevo mundo para repoblar con clones de Grendel Khan y su familia. Y los seguidores del personaje sabr\u00e1n a lo que me refiero. Un viaje a la CF m\u00e1s cl\u00e1sica, la que mola y sazonada del mejor Grendel jam\u00e1s creado. <em>La Odisea del Diablo<\/em> es Wagner regresando a la saga de Grendel y llev\u00e1ndolo a la \u00faltima frontera. Una serie por la que bien vali\u00f3 la pena esperar para tenerla as\u00ed recopilada en un genial tomo en tapa dura que, por supuesto, publica Planeta C\u00f3mic.<\/p>\n<p align=\"JUSTIFY\">Grendel Prime es uno de mis personajes favoritos de los c\u00f3mics y eso es mucho decir. Y aqu\u00ed y ahora, a trav\u00e9s de su misi\u00f3n de buscar nuevos mundos para continuar con el clan, aprendemos un poco m\u00e1s sobre \u00e9l (pero no tanto como para empa\u00f1ar su m\u00edstica). Tambi\u00e9n visitamos mundos que son reflejos c\u00e1usticos de nuestra propia sociedad actual. <img loading=\"lazy\" decoding=\"async\" class=\"alignright  wp-image-12770\" src=\"https:\/\/www.cronicasliterarias.es\/wp-content\/uploads\/2023\/04\/grendel-la-odisea-del-diablo04-300x268.jpg\" alt=\"\" width=\"166\" height=\"148\" srcset=\"https:\/\/www.cronicasliterarias.es\/wp-content\/uploads\/2023\/04\/grendel-la-odisea-del-diablo04-300x268.jpg 300w, https:\/\/www.cronicasliterarias.es\/wp-content\/uploads\/2023\/04\/grendel-la-odisea-del-diablo04.jpg 598w\" sizes=\"auto, (max-width: 166px) 100vw, 166px\" \/>H\u00e1bilmente ilustrado y coloreado por padre e hijo, puede que sea lo mejor que haya visto, no solo de <em>Grendel<\/em>, sino de casi todo lo publicado \u00faltimamente por Dark Horse. <em>Grendel<\/em> es una de mis series favoritas de todos los tiempos y estoy muy emocionado de haber le\u00eddo un nuevo volumen y que me haya gustado tanto. Por supuesto, estaba a\u00fan m\u00e1s entusiasmado por tener al maestro Wagner llevando adelante la historia. Lo que m\u00e1s me atra\u00eda era la ambientaci\u00f3n de la que dispone esta miniserie. Ese p\u00e1ramo del futuro muy alejado de <em>War Child<\/em> o de las <em>Grendel Tales<\/em>. Y eso que el futuro dist\u00f3pico de Grendel a menudo ha mezclado la violencia de <em>Mad Max<\/em> con el horror sobrenatural, pero esta vez Wagner tira todo eso por la ventana y ofrece una space-opera completa.<\/p>\n<p align=\"JUSTIFY\">Estaba a\u00fan m\u00e1s entusiasmado de que Wagner una vez m\u00e1s llevara adelante la historia. Los \u00faltimos c\u00f3mics han sido historias de Hunter Rose, el Grendel original, pero lo que me atrajo de <em>La Odisea del Diablo<\/em> fue la ambientaci\u00f3n. Y tambi\u00e9n me alegr\u00f3 ver que Wagner llevara la historia en una direcci\u00f3n completamente nueva. El resultado, sin embargo, y en realidad, no <img loading=\"lazy\" decoding=\"async\" class=\"alignleft  wp-image-12772\" src=\"https:\/\/www.cronicasliterarias.es\/wp-content\/uploads\/2023\/04\/grendel-la-odisea-del-diablo02-300x289.jpg\" alt=\"\" width=\"147\" height=\"142\" srcset=\"https:\/\/www.cronicasliterarias.es\/wp-content\/uploads\/2023\/04\/grendel-la-odisea-del-diablo02-300x289.jpg 300w, https:\/\/www.cronicasliterarias.es\/wp-content\/uploads\/2023\/04\/grendel-la-odisea-del-diablo02.jpg 443w\" sizes=\"auto, (max-width: 147px) 100vw, 147px\" \/>parece un c\u00f3mic de <em>Grendel<\/em>. Es m\u00e1s una mezcla de <em>Star Trek, Star Wars <\/em>y <em>Fear Agent<\/em>, con Grendel Prime yendo de planeta en planeta, teniendo aventuras cortas y aleg\u00f3ricas en las que se encuentra con civilizaciones alien\u00edgenas y se abre camino a trav\u00e9s de ellas. Dado que Grendel Prime es b\u00e1sicamente invencible (esto lo adelanto a los detractores), los personajes secundarios nunca duran m\u00e1s de un n\u00famero porque este Grendel es la ca\u00f1a no, lo siguiente. Y tenemos as\u00ed una obra de arte fant\u00e1stica, dibujazos con unos cambios de ritmo muy bien hechos, y mejor a\u00fan, actualizados. Fue divertido volver a ilustraciones potentes al estilo de <em>Mage (<a href=\"https:\/\/www.planetadelibros.com\/libro-mage-integral-n-0103\/340299\">https:\/\/www.planetadelibros.com\/libro-mage-integral-n-0103\/340299<\/a>)<\/em>.<\/p>\n<p align=\"JUSTIFY\">Hablamos de un c\u00f3mic donde Wagner e hijo recuperan el ritmo de <em>Grendel<\/em> nuevamente. El buen ritmo. El que provoc\u00f3 que se hablara bastante del personaje cuando vio la luz por <img loading=\"lazy\" decoding=\"async\" class=\"alignright  wp-image-12771\" src=\"https:\/\/www.cronicasliterarias.es\/wp-content\/uploads\/2023\/04\/grendel-la-odisea-del-diablo03-214x300.jpg\" alt=\"\" width=\"96\" height=\"135\" srcset=\"https:\/\/www.cronicasliterarias.es\/wp-content\/uploads\/2023\/04\/grendel-la-odisea-del-diablo03-214x300.jpg 214w, https:\/\/www.cronicasliterarias.es\/wp-content\/uploads\/2023\/04\/grendel-la-odisea-del-diablo03.jpg 512w\" sizes=\"auto, (max-width: 96px) 100vw, 96px\" \/>primera vez. Y la conclusi\u00f3n fue tan sombr\u00eda como debe ser una historia suya. Deja con ganas de m\u00e1s, por lo diferente. Por lo original. Por lo entretenido. La serie <em>Devil&#8217;s Crucible<\/em> con suerte llegar\u00e1 pronto si Planeta C\u00f3mic quiere. Ya estoy salivando. \u00bfSalvar\u00e1 Grendel Prime a la humanidad\u2026 o la destruir\u00e1? Aventuras muy mandalorianas.<\/p>\n","protected":false},"excerpt":{"rendered":"<p>Matt Wagner volviendo a su creaci\u00f3n m\u00e1s sombr\u00eda o la que es para m\u00ed, su mejor creaci\u00f3n. Las historias principales de Grendel siempre han tenido un peso mucho m\u00e1s bajo que las historias de Hunter Rose Grendel. Pero mi amor por Hunter Rose ha cambiado y ahora intento leer y rese\u00f1ar todo-todito-todo en lo que [&hellip;]<\/p>\n","protected":false},"author":4,"featured_media":0,"comment_status":"closed","ping_status":"closed","sticky":false,"template":"","format":"standard","meta":{"footnotes":""},"categories":[33,49,74,26,6],"tags":[11,38,10],"class_list":["post-12768","post","type-post","status-publish","format-standard","hentry","category-ciencia-ficcion","category-comics","category-integral","category-planeta-comic","category-resenas","tag-j-j-castillo","tag-planeta-comic","tag-resenas"],"_links":{"self":[{"href":"https:\/\/www.cronicasliterarias.es\/index.php?rest_route=\/wp\/v2\/posts\/12768","targetHints":{"allow":["GET"]}}],"collection":[{"href":"https:\/\/www.cronicasliterarias.es\/index.php?rest_route=\/wp\/v2\/posts"}],"about":[{"href":"https:\/\/www.cronicasliterarias.es\/index.php?rest_route=\/wp\/v2\/types\/post"}],"author":[{"embeddable":true,"href":"https:\/\/www.cronicasliterarias.es\/index.php?rest_route=\/wp\/v2\/users\/4"}],"replies":[{"embeddable":true,"href":"https:\/\/www.cronicasliterarias.es\/index.php?rest_route=%2Fwp%2Fv2%2Fcomments&post=12768"}],"version-history":[{"count":7,"href":"https:\/\/www.cronicasliterarias.es\/index.php?rest_route=\/wp\/v2\/posts\/12768\/revisions"}],"predecessor-version":[{"id":12791,"href":"https:\/\/www.cronicasliterarias.es\/index.php?rest_route=\/wp\/v2\/posts\/12768\/revisions\/12791"}],"wp:attachment":[{"href":"https:\/\/www.cronicasliterarias.es\/index.php?rest_route=%2Fwp%2Fv2%2Fmedia&parent=12768"}],"wp:term":[{"taxonomy":"category","embeddable":true,"href":"https:\/\/www.cronicasliterarias.es\/index.php?rest_route=%2Fwp%2Fv2%2Fcategories&post=12768"},{"taxonomy":"post_tag","embeddable":true,"href":"https:\/\/www.cronicasliterarias.es\/index.php?rest_route=%2Fwp%2Fv2%2Ftags&post=12768"}],"curies":[{"name":"wp","href":"https:\/\/api.w.org\/{rel}","templated":true}]}}