{"id":13092,"date":"2023-05-21T00:05:00","date_gmt":"2023-05-21T00:05:00","guid":{"rendered":"https:\/\/www.cronicasliterarias.es\/?p=13092"},"modified":"2023-05-23T14:27:35","modified_gmt":"2023-05-23T14:27:35","slug":"resena-la-chica-que-vive-al-final-del-camino-de-laird-koenig","status":"publish","type":"post","link":"https:\/\/www.cronicasliterarias.es\/?p=13092","title":{"rendered":"Rese\u00f1a: La chica que vive al final del camino, de Laird Koenig"},"content":{"rendered":"<p align=\"JUSTIFY\"><img loading=\"lazy\" decoding=\"async\" class=\"alignright  wp-image-13093\" src=\"https:\/\/www.cronicasliterarias.es\/wp-content\/uploads\/2023\/05\/lachicaquevivealladodelcamino-666x1024.jpg\" alt=\"\" width=\"194\" height=\"298\" srcset=\"https:\/\/www.cronicasliterarias.es\/wp-content\/uploads\/2023\/05\/lachicaquevivealladodelcamino-666x1024.jpg 666w, https:\/\/www.cronicasliterarias.es\/wp-content\/uploads\/2023\/05\/lachicaquevivealladodelcamino-195x300.jpg 195w, https:\/\/www.cronicasliterarias.es\/wp-content\/uploads\/2023\/05\/lachicaquevivealladodelcamino.jpg 768w\" sizes=\"auto, (max-width: 194px) 100vw, 194px\" \/>Aprovechando que la siempre recomendable Editorial Impedimenta lo acaba de rescatar, quiero explicar por qu\u00e9 amo tanto este libro. Aunque no s\u00e9 si puedo exponerlo todo con palabras. Y adelanto que antes que el libro, vi hace mucho el film <em>The Little Girl Who Lives Down the Lane,<\/em> una madrugada de las que pude escapar del permiso de mis padres. Y se convirti\u00f3 en una de mis pel\u00edculas favoritas, protagonizada por una Jodie Foster curiosamente de la misma edad que la protagonista del libro. Me identifiqu\u00e9 r\u00e1pidamente con Rynn. Al crecer en los a\u00f1os setenta y ochenta, no se llevaba mucho pero fuera del deporte, siempre fui un cr\u00edo que pasaba varias tardes solo, imbuido en mis fantas\u00edas, creaciones mentales e ideas. Era t\u00edmido, no ten\u00eda muchos amigos pero los que ten\u00eda, eran los mejores. Sin mencionar que viv\u00edamos lejos del n\u00facleo, m\u00e1s cerca de las monta\u00f1as que otra cosa. Recuerdo una vez que mis padres me dejaron solo durante todo un fin de semana; la casa cruj\u00eda, soplaba el viento y no ten\u00eda a nadie a quien llamar en caso de urgencia. Esta profunda sensaci\u00f3n de vulnerabilidad y soledad me envolvi\u00f3. Por esta raz\u00f3n, Rynn se convirti\u00f3 muy pronto en un personaje af\u00edn para m\u00ed, mi hero\u00edna, es un personaje que abraza la soledad. E incluso para una ni\u00f1a, es una fuerza a tener en cuenta. Y seguro que ahora alguien me tildar\u00e1 de machista&#8230;<\/p>\n<p align=\"JUSTIFY\">Pero tambi\u00e9n hace a\u00f1os que le\u00ed la novela <em>La chica que vive al final del camino<\/em>, por primera vez. Hace d\u00e9cadas y me encant\u00f3. Es de esas historias que se tienen clavadas y que incitan a revisitarla. A\u00f1os despu\u00e9s, todav\u00eda ocupa un lugar especial entre mis historias de terror favoritas le\u00eddas de jovenzuelo. Libros que me impactaron. Y habiendo perdido o donado el libro hace a\u00f1os, me sorprendi\u00f3 descubrir que estaba descatalogado y solo disponible en Kindle, aunque demasiado caro. Por eso, es muy buena noticia que Impedimenta lo rescate. Y si bien la protagonista es una ni\u00f1a de trece a\u00f1os de sorprendente inteligencia, este definitivamente no es un libro para ni\u00f1os peque\u00f1os. En esencia, trata sobre las restricciones de la sociedad, el absurdo del conformismo, y pinta con simpat\u00eda a una joven inglesa llamada Rynn que vive en una zona rural con su padre, un poeta.<\/p>\n<p align=\"JUSTIFY\">Esta es una fabulosa historia de aislamiento y negativa a dejar que otros nos digan c\u00f3mo vivir nuestras vidas. Laird Koenig nos pone brillantemente en la esquina del ring de Rynn desde el principio, ya que los primeros dos \u00abadultos\u00bb que encontramos son seres humanos horribles. Uno es el due\u00f1o de la caba\u00f1a en el bosque que el padre de Rynn ha alquilado, el otro, su hijo adulto. A quien le gustan mucho las ni\u00f1as peque\u00f1as&#8230; Y mientras Rynn frustra sus acosos, empezamos como lectores a sospechar que hay algo extra\u00f1o detr\u00e1s de la ausencia prolongada del padre. Y una vez que descubrimos qu\u00e9 es (porque Rynn tomar\u00e1 medidas dr\u00e1sticas para proteger su secreto y vivir una vida de su propia elecci\u00f3n), ya estamos perdidos.<\/p>\n<p align=\"JUSTIFY\">Revelar mucho m\u00e1s, ser\u00eda arruinar esta maravillosa experiencia de lectura. Porque aunque tenga sus a\u00f1os, apuesto los dedos de una mano a que este cl\u00e1sico de culto muy pocos lectores actuales la conocen. Un cl\u00e1sico de culto del que te enamoras y se te queda grabado de por vida. Cinco estrellas no son suficientes para una lectura tan maravillosa, a la que el paso del tiempo no ha hecho mella. Al leer este libro ahora, tantos a\u00f1os despu\u00e9s, pens\u00e9 que me sentir\u00eda diferente, pero todos esos viejos sentimientos regresaron junto con otros. Un libro que impacta.<\/p>\n","protected":false},"excerpt":{"rendered":"<p>Aprovechando que la siempre recomendable Editorial Impedimenta lo acaba de rescatar, quiero explicar por qu\u00e9 amo tanto este libro. Aunque no s\u00e9 si puedo exponerlo todo con palabras. Y adelanto que antes que el libro, vi hace mucho el film The Little Girl Who Lives Down the Lane, una madrugada de las que pude escapar [&hellip;]<\/p>\n","protected":false},"author":4,"featured_media":0,"comment_status":"closed","ping_status":"closed","sticky":false,"template":"","format":"standard","meta":{"footnotes":""},"categories":[183,75,6,8],"tags":[182,228,11,10],"class_list":["post-13092","post","type-post","status-publish","format-standard","hentry","category-impedimenta","category-misterio","category-resenas","category-terror","tag-editorial-impedimenta","tag-indispensables-misterio","tag-j-j-castillo","tag-resenas"],"_links":{"self":[{"href":"https:\/\/www.cronicasliterarias.es\/index.php?rest_route=\/wp\/v2\/posts\/13092","targetHints":{"allow":["GET"]}}],"collection":[{"href":"https:\/\/www.cronicasliterarias.es\/index.php?rest_route=\/wp\/v2\/posts"}],"about":[{"href":"https:\/\/www.cronicasliterarias.es\/index.php?rest_route=\/wp\/v2\/types\/post"}],"author":[{"embeddable":true,"href":"https:\/\/www.cronicasliterarias.es\/index.php?rest_route=\/wp\/v2\/users\/4"}],"replies":[{"embeddable":true,"href":"https:\/\/www.cronicasliterarias.es\/index.php?rest_route=%2Fwp%2Fv2%2Fcomments&post=13092"}],"version-history":[{"count":5,"href":"https:\/\/www.cronicasliterarias.es\/index.php?rest_route=\/wp\/v2\/posts\/13092\/revisions"}],"predecessor-version":[{"id":13104,"href":"https:\/\/www.cronicasliterarias.es\/index.php?rest_route=\/wp\/v2\/posts\/13092\/revisions\/13104"}],"wp:attachment":[{"href":"https:\/\/www.cronicasliterarias.es\/index.php?rest_route=%2Fwp%2Fv2%2Fmedia&parent=13092"}],"wp:term":[{"taxonomy":"category","embeddable":true,"href":"https:\/\/www.cronicasliterarias.es\/index.php?rest_route=%2Fwp%2Fv2%2Fcategories&post=13092"},{"taxonomy":"post_tag","embeddable":true,"href":"https:\/\/www.cronicasliterarias.es\/index.php?rest_route=%2Fwp%2Fv2%2Ftags&post=13092"}],"curies":[{"name":"wp","href":"https:\/\/api.w.org\/{rel}","templated":true}]}}