{"id":13496,"date":"2023-06-28T00:05:00","date_gmt":"2023-06-28T00:05:00","guid":{"rendered":"https:\/\/www.cronicasliterarias.es\/?p=13496"},"modified":"2023-06-28T08:59:57","modified_gmt":"2023-06-28T08:59:57","slug":"resena-la-reveladora-de-daryl-gregory","status":"publish","type":"post","link":"https:\/\/www.cronicasliterarias.es\/?p=13496","title":{"rendered":"Rese\u00f1a: La Reveladora, de Daryl Gregory"},"content":{"rendered":"<p align=\"JUSTIFY\"><img loading=\"lazy\" decoding=\"async\" class=\"alignleft  wp-image-13497\" src=\"https:\/\/www.cronicasliterarias.es\/wp-content\/uploads\/2023\/06\/lareveladora.jpg\" alt=\"\" width=\"200\" height=\"285\" srcset=\"https:\/\/www.cronicasliterarias.es\/wp-content\/uploads\/2023\/06\/lareveladora.jpg 539w, https:\/\/www.cronicasliterarias.es\/wp-content\/uploads\/2023\/06\/lareveladora-211x300.jpg 211w\" sizes=\"auto, (max-width: 200px) 100vw, 200px\" \/>Lo que me escama y antes me dol\u00eda bastante m\u00e1s del mundo literario en este pa\u00eds, es que no se publicitaran apenas las obras de Terror como tales. Que se huya de tal palabra que define el g\u00e9nero para -en teor\u00eda- vender t\u00edtulos como algo que no son. No etiquetar, no clasificar&#8230; puede ser una estrategia de marketing buena, o no. Somos una tremenda legi\u00f3n en la sombra los que necesitamos leer obritas chulas de Terror y lo peor\/mejor a\u00fan es que somos como los insectos: nos reproducimos con facilidad. Aunque tambi\u00e9n es cierto que hay muchos lectores en la sombra que parecen no estar orgullosos de ello. Esto es una de las razones por la <em>Desde New York \u2013 Cr\u00f3nicas Literarias<\/em> pese a los a\u00f1os. Nuestra labor es reivindicar obras como <em>La Reveladora<\/em>, novela que nadie deber\u00eda pasar por alto.<\/p>\n<p align=\"JUSTIFY\">Del aclamado autor de <em>Spoonbenders<\/em> y <em>Pandemonium<\/em> y gracias a Blackie Books, llega a nuestro pa\u00eds la historia de una misteriosa familia religiosa cuya mal es una hija que le da la espalda a su dios. Nos vamos a 1933, Stella, de nueve a\u00f1os, queda al cuidado de su abuela, Motty, en los bosques de Tennessee. Estas colinas remotas de \u201cmonta\u00f1as humeantes\u201d son el hogar de peligrosos secretos donde al poco de su llegada, Stella, se adentra en una caverna oscura y se topa con una entidad desconocida&#8230; Pero a\u00f1os m\u00e1s tarde, despu\u00e9s de un tr\u00e1gico incidente que la oblig\u00f3 a huir, Stella, ahora es una chica de armas de tomar. Una contrabandista profesional que destila whisky junto al \u00fanico hombre negro del pueblo. Eso le ha ense\u00f1ado a mantenerse oculta. Su familia lleva a\u00f1os sin saber de ella. Pero la muerte de su abuela la obliga a volver al hogar que tanto horror le provoc\u00f3 de ni\u00f1a. Regresa para el funeral de Motty y para ver qui\u00e9n es esa misteriosa ni\u00f1a de diez a\u00f1os llamada Sunny que Motty adopt\u00f3. Una peque\u00f1a que se le parece mucho, por supuesto. Pero que esconde algo y es m\u00e1s poderosa de lo que Stella puede imaginar. Poseedora de un v\u00ednculo directo que Stella cre\u00eda haber enterrado.<\/p>\n<p align=\"JUSTIFY\"><em>La Reveladora<\/em> es un cuento g\u00f3tico sure\u00f1o que absorbe con un misterio sin desvelar que te lleva con ansia a querer saber el final. Es una obra que mezcla el g\u00e9nero noir y el fant\u00e1stico de un modo extra\u00f1o. Ambientada en las d\u00e9cadas de 1930 y 1940, la maravilla y la belleza de Cades Cove y sus primeros pobladores cobran vida. Este ambiente es aislado, la fe se mezcla con el miedo mientras navegamos entre secretos familiares y fanatismo religioso, quedando claro que Stella es nuestra reveladora y su trabajo es comunicarse con ese espectro que una vez se le apareci\u00f3 en Los Apalaches. Hoy en d\u00eda, sigue sin saber explicarlo, no sabe lo que es, ni realmente quiere saberlo. Y teme que su familia, en su celo ciego por complacer a su dios, se ponga en peligro por ello.<\/p>\n<p align=\"JUSTIFY\">Sinceramente, <em>La Reveladora<\/em> no fue tan aterradora para m\u00ed como pens\u00e9 que ser\u00eda. Pero tiene ese puntito de tensi\u00f3n toda la trama que mola, sobre todo, cada encuentro con dicha entidad sobrenatural. Obviamente, dudo que cualquiera de ustedes quisiera encontrarse con tal criatura extra\u00f1a ni si quiera a la luz del d\u00eda, por lo que miedo da. Por otro lado, es lo de siempre. Este escribe quiz\u00e1s ya ha le\u00eddo y visto demasiado Terror como para que le sorprendan algunas cosas. Pero <em>La Reveladora<\/em> cuenta con una tremenda ambientaci\u00f3n. Un entorno claustrof\u00f3bico bien creado pese a que los lugares descritos son terriblemente \u00abanchos\u00bb. Apreci\u00e9 tambi\u00e9n los aspectos hist\u00f3ricos de Cades Cove y como Daryl Gregory analiza la pol\u00edtica de g\u00e9nero y, sobre todo, las \u201cdin\u00e1micas de poder\u201d de la Iglesia.<\/p>\n<p align=\"JUSTIFY\">Insisto, absorbente es la palabra. Completamente absorbente, esta trama.<\/p>\n","protected":false},"excerpt":{"rendered":"<p>Lo que me escama y antes me dol\u00eda bastante m\u00e1s del mundo literario en este pa\u00eds, es que no se publicitaran apenas las obras de Terror como tales. Que se huya de tal palabra que define el g\u00e9nero para -en teor\u00eda- vender t\u00edtulos como algo que no son. No etiquetar, no clasificar&#8230; puede ser una [&hellip;]<\/p>\n","protected":false},"author":4,"featured_media":0,"comment_status":"closed","ping_status":"closed","sticky":false,"template":"","format":"standard","meta":{"footnotes":""},"categories":[191,6,8],"tags":[268,11,10,357],"class_list":["post-13496","post","type-post","status-publish","format-standard","hentry","category-blackie-books","category-resenas","category-terror","tag-blackie-books","tag-j-j-castillo","tag-resenas","tag-terror2023"],"_links":{"self":[{"href":"https:\/\/www.cronicasliterarias.es\/index.php?rest_route=\/wp\/v2\/posts\/13496","targetHints":{"allow":["GET"]}}],"collection":[{"href":"https:\/\/www.cronicasliterarias.es\/index.php?rest_route=\/wp\/v2\/posts"}],"about":[{"href":"https:\/\/www.cronicasliterarias.es\/index.php?rest_route=\/wp\/v2\/types\/post"}],"author":[{"embeddable":true,"href":"https:\/\/www.cronicasliterarias.es\/index.php?rest_route=\/wp\/v2\/users\/4"}],"replies":[{"embeddable":true,"href":"https:\/\/www.cronicasliterarias.es\/index.php?rest_route=%2Fwp%2Fv2%2Fcomments&post=13496"}],"version-history":[{"count":4,"href":"https:\/\/www.cronicasliterarias.es\/index.php?rest_route=\/wp\/v2\/posts\/13496\/revisions"}],"predecessor-version":[{"id":13502,"href":"https:\/\/www.cronicasliterarias.es\/index.php?rest_route=\/wp\/v2\/posts\/13496\/revisions\/13502"}],"wp:attachment":[{"href":"https:\/\/www.cronicasliterarias.es\/index.php?rest_route=%2Fwp%2Fv2%2Fmedia&parent=13496"}],"wp:term":[{"taxonomy":"category","embeddable":true,"href":"https:\/\/www.cronicasliterarias.es\/index.php?rest_route=%2Fwp%2Fv2%2Fcategories&post=13496"},{"taxonomy":"post_tag","embeddable":true,"href":"https:\/\/www.cronicasliterarias.es\/index.php?rest_route=%2Fwp%2Fv2%2Ftags&post=13496"}],"curies":[{"name":"wp","href":"https:\/\/api.w.org\/{rel}","templated":true}]}}