{"id":13503,"date":"2023-06-30T00:05:00","date_gmt":"2023-06-30T00:05:00","guid":{"rendered":"https:\/\/www.cronicasliterarias.es\/?p=13503"},"modified":"2023-06-30T17:34:59","modified_gmt":"2023-06-30T17:34:59","slug":"resena-winterworld-varados-de-chuck-dixon-giorello-y-edwards","status":"publish","type":"post","link":"https:\/\/www.cronicasliterarias.es\/?p=13503","title":{"rendered":"Rese\u00f1a: Winterworld. Varados, de Chuck Dixon, Giorello y Edwards"},"content":{"rendered":"<p align=\"JUSTIFY\"><img loading=\"lazy\" decoding=\"async\" class=\"alignleft  wp-image-13504\" src=\"https:\/\/www.cronicasliterarias.es\/wp-content\/uploads\/2023\/06\/varados.jpg\" alt=\"\" width=\"185\" height=\"285\" srcset=\"https:\/\/www.cronicasliterarias.es\/wp-content\/uploads\/2023\/06\/varados.jpg 490w, https:\/\/www.cronicasliterarias.es\/wp-content\/uploads\/2023\/06\/varados-195x300.jpg 195w\" sizes=\"auto, (max-width: 185px) 100vw, 185px\" \/>En <em>Winterworld<\/em> no sabemos c\u00f3mo lleg\u00f3 el mundo a donde est\u00e1. Te puedes hacer una idea de que tarde o temprano vamos a terminar as\u00ed. Eso est\u00e1 claro. Pero aqu\u00ed solo sabemos que los personajes se mueven en una nueva Edad de Hielo, pero no se explica si fue hecho por el hombre o fue alg\u00fan tema medioambiental. Esta intriga es lo que siempre me gust\u00f3 de esta serie. Con un h\u00e9roe en principio solitario que vaga por islas islandesas en una especie de caravana de motos de nieve interactuando mediante el trueque con tribus de gente salvaje. Donde siempre me sorprendi\u00f3 que el colega tuviera un buen vocabulario ya que es un solitario y los miembros de las tribus hablaban m\u00e1s del tipo b\u00e1rbaro gutural. Y era el \u00fanico capaz de leer. Y nuestra \u00abhero\u00edna\u00bb, una joven esclava de una de las tribus que la ofrecen como trueque por bienes; lo que tambi\u00e9n es extra\u00f1o que ella ha estado en la tribu desde que ten\u00eda tres a\u00f1os y tiene un buen dialecto y seg\u00fan ella dice, nunca ha sido abusada por sus \u00abmaestros\u00bb. No s\u00e9, cositas de Dixon. Pero cositas que se han ido arreglando con el paso de nuevas historias.<\/p>\n<p align=\"JUSTIFY\"><em><img loading=\"lazy\" decoding=\"async\" class=\"alignright  wp-image-13505\" src=\"https:\/\/www.cronicasliterarias.es\/wp-content\/uploads\/2023\/06\/varados02-255x300.jpg\" alt=\"\" width=\"137\" height=\"161\" srcset=\"https:\/\/www.cronicasliterarias.es\/wp-content\/uploads\/2023\/06\/varados02-255x300.jpg 255w, https:\/\/www.cronicasliterarias.es\/wp-content\/uploads\/2023\/06\/varados02.jpg 440w\" sizes=\"auto, (max-width: 137px) 100vw, 137px\" \/>Varados<\/em> corresponder\u00eda al tercer volumen de <em>Winterworld<\/em> donde se contin\u00faa el viaje de Scully y Wynn a trav\u00e9s de una Tierra helada hasta donde llega la vista. Y siguen sin saber nada de \u201cla ni\u00f1a\u201d tras aquella mujer que les rob\u00f3 el cami\u00f3n y sali\u00f3 pitando y vimos un asesino particularmente desagradable en su camino. Pero en este nuevo volumen que publica Aleta Ediciones el terror llega temprano cuando encontramos a Scully y Wynn frente a un oso polar&#8230; Claro est\u00e1 que sin su camioneta, Scully y Wynn son mucho m\u00e1s vulnerables, y Chuck Dixon acumula desventajas para ellos m\u00e1s all\u00e1 de eso.<\/p>\n<p align=\"JUSTIFY\">Como dec\u00eda antes, es Dixon quien proporciona exactamente lo que quiere la audiencia, priorizando las amenazas con cada d\u00eda que pasa. Esta vez la trama tiene a Scully y Wynn en peligro a trav\u00e9s de un caso completamente comprensible de identidad equivocada y una brecha entre los personajes principales. \u00bfScully es demasiado c\u00ednica y paranoica o Wynn es demasiado cr\u00e9dulo e ingenuo? Los eventos siguen sucedi\u00e9ndose r\u00e1pido, y Dixon acelera a\u00fan m\u00e1s el ritmo dando saltos entre cap\u00edtulos. <img loading=\"lazy\" decoding=\"async\" class=\"alignleft  wp-image-13507\" src=\"https:\/\/www.cronicasliterarias.es\/wp-content\/uploads\/2023\/06\/varados01-201x300.jpg\" alt=\"\" width=\"118\" height=\"176\" srcset=\"https:\/\/www.cronicasliterarias.es\/wp-content\/uploads\/2023\/06\/varados01-201x300.jpg 201w, https:\/\/www.cronicasliterarias.es\/wp-content\/uploads\/2023\/06\/varados01.jpg 476w\" sizes=\"auto, (max-width: 118px) 100vw, 118px\" \/><\/p>\n<p align=\"JUSTIFY\">Y esto mola.<\/p>\n<p align=\"JUSTIFY\">\u00bfEs una peque\u00f1a broma del artista Tom\u00e1s Giorello que uno de los primeros asaltantes use gafas muy similares al villano de <em>Flash<\/em>, el Capit\u00e1n Fr\u00edo? Puede ser una completa coincidencia, pero es un buen efecto visual. Giorello no es tan preciso como el artista anterior Jackson Guice, ni tan valiente como el co-creador de la serie Jorge Zaffino, pero sin embargo tiene un gran talento, dando a los lugares y situaciones el dinamismo de acci\u00f3n que necesitan. Por otro lado, Tommy Lee Edwards dibuja la historia de Wynn cuando entra en estado independiente. Un arte que se inspira en el trabajo de Zaffino de aquella primera historia de Winterworld, cruda pero detallada. Ilustra la inhumanidad del hombre hacia el hombre, afortunadamente no demasiado gr\u00e1ficamente, como recuerda Wynn en sus primeros a\u00f1os. Pero si bien parece estar en desacuerdo con los padres que ahora est\u00e1 buscando, hace de estas situaciones detalles gr\u00e1ficos poderosos y mejora la funci\u00f3n <img loading=\"lazy\" decoding=\"async\" class=\"alignright  wp-image-13506\" src=\"https:\/\/www.cronicasliterarias.es\/wp-content\/uploads\/2023\/06\/varados03-300x231.jpg\" alt=\"\" width=\"179\" height=\"138\" srcset=\"https:\/\/www.cronicasliterarias.es\/wp-content\/uploads\/2023\/06\/varados03-300x231.jpg 300w, https:\/\/www.cronicasliterarias.es\/wp-content\/uploads\/2023\/06\/varados03.jpg 454w\" sizes=\"auto, (max-width: 179px) 100vw, 179px\" \/>principal para una inyecci\u00f3n de conmoci\u00f3n.<\/p>\n<p align=\"JUSTIFY\">Cualquiera que haya disfrutado de un<em> Winterworld<\/em> anterior, tiene la satisfacci\u00f3n garantizada.<\/p>\n","protected":false},"excerpt":{"rendered":"<p>En Winterworld no sabemos c\u00f3mo lleg\u00f3 el mundo a donde est\u00e1. Te puedes hacer una idea de que tarde o temprano vamos a terminar as\u00ed. Eso est\u00e1 claro. Pero aqu\u00ed solo sabemos que los personajes se mueven en una nueva Edad de Hielo, pero no se explica si fue hecho por el hombre o fue [&hellip;]<\/p>\n","protected":false},"author":4,"featured_media":0,"comment_status":"closed","ping_status":"closed","sticky":false,"template":"","format":"standard","meta":{"footnotes":""},"categories":[234,49,6],"tags":[235,11,10],"class_list":["post-13503","post","type-post","status-publish","format-standard","hentry","category-aleta-ediciones","category-comics","category-resenas","tag-aleta-ediciones","tag-j-j-castillo","tag-resenas"],"_links":{"self":[{"href":"https:\/\/www.cronicasliterarias.es\/index.php?rest_route=\/wp\/v2\/posts\/13503","targetHints":{"allow":["GET"]}}],"collection":[{"href":"https:\/\/www.cronicasliterarias.es\/index.php?rest_route=\/wp\/v2\/posts"}],"about":[{"href":"https:\/\/www.cronicasliterarias.es\/index.php?rest_route=\/wp\/v2\/types\/post"}],"author":[{"embeddable":true,"href":"https:\/\/www.cronicasliterarias.es\/index.php?rest_route=\/wp\/v2\/users\/4"}],"replies":[{"embeddable":true,"href":"https:\/\/www.cronicasliterarias.es\/index.php?rest_route=%2Fwp%2Fv2%2Fcomments&post=13503"}],"version-history":[{"count":4,"href":"https:\/\/www.cronicasliterarias.es\/index.php?rest_route=\/wp\/v2\/posts\/13503\/revisions"}],"predecessor-version":[{"id":13512,"href":"https:\/\/www.cronicasliterarias.es\/index.php?rest_route=\/wp\/v2\/posts\/13503\/revisions\/13512"}],"wp:attachment":[{"href":"https:\/\/www.cronicasliterarias.es\/index.php?rest_route=%2Fwp%2Fv2%2Fmedia&parent=13503"}],"wp:term":[{"taxonomy":"category","embeddable":true,"href":"https:\/\/www.cronicasliterarias.es\/index.php?rest_route=%2Fwp%2Fv2%2Fcategories&post=13503"},{"taxonomy":"post_tag","embeddable":true,"href":"https:\/\/www.cronicasliterarias.es\/index.php?rest_route=%2Fwp%2Fv2%2Ftags&post=13503"}],"curies":[{"name":"wp","href":"https:\/\/api.w.org\/{rel}","templated":true}]}}