{"id":13513,"date":"2023-07-01T00:05:00","date_gmt":"2023-07-01T00:05:00","guid":{"rendered":"https:\/\/www.cronicasliterarias.es\/?p=13513"},"modified":"2023-07-01T17:13:15","modified_gmt":"2023-07-01T17:13:15","slug":"resena-afrikakorps-de-olivier-speltens-revisar","status":"publish","type":"post","link":"https:\/\/www.cronicasliterarias.es\/?p=13513","title":{"rendered":"Rese\u00f1a: Afrikakorps, de Olivier Speltens"},"content":{"rendered":"<p align=\"JUSTIFY\"><img loading=\"lazy\" decoding=\"async\" class=\"alignright  wp-image-13514\" src=\"https:\/\/www.cronicasliterarias.es\/wp-content\/uploads\/2023\/06\/afrikakorps.jpg\" alt=\"\" width=\"246\" height=\"324\" srcset=\"https:\/\/www.cronicasliterarias.es\/wp-content\/uploads\/2023\/06\/afrikakorps.jpg 651w, https:\/\/www.cronicasliterarias.es\/wp-content\/uploads\/2023\/06\/afrikakorps-227x300.jpg 227w\" sizes=\"auto, (max-width: 246px) 100vw, 246px\" \/>En su d\u00eda, vi bastantes pel\u00edculas de Hollywood, brit\u00e1nicas e italianas (e incluso francesas) sobre esta campa\u00f1a africana de la Segunda Guerra Mundial. Nunca logr\u00e9 entender qu\u00e9 demonios estaban haciendo all\u00ed ingleses, alemanes e italianos. Pero me content\u00e9 al final viendo el espect\u00e1culo de la guerra desde el otro lado, una historia supuestamente ficticia o no. En efecto, pel\u00edculas como <em>Tobruk<\/em> (1967), <em>Hijos de bastardos<\/em> (1968), <em>La batalla de Alamein<\/em> (1969) y algunas otras, me instruyeron sobre estos episodios dej\u00e1ndome un punto de vista italiano o mejor dicho muy franco-italiano por todo lo que se cuenta. Pero en <em>Afrikakorps<\/em> todo se ve desde un \u00e1ngulo puramente alem\u00e1n. Y es un c\u00f3mic que proporciona una verdadera inmersi\u00f3n en el infierno africano de esa Libia de 1941 y 1942. Una inmersi\u00f3n que se hace a trav\u00e9s de los ojos de los enemigos de los Aliados donde estamos pr\u00e1cticamente a los mandos de un panzer con el teniente Von Richter y su tripulaci\u00f3n, en un ambiente agobiante lleno de arena y calor. Por lo que me pregunto si es bueno recomendar este c\u00f3mic con la que nos est\u00e1 cayendo encima en los \u00faltimos d\u00edas.<\/p>\n<p align=\"JUSTIFY\"><img loading=\"lazy\" decoding=\"async\" class=\"alignleft  wp-image-13515\" src=\"https:\/\/www.cronicasliterarias.es\/wp-content\/uploads\/2023\/06\/afrikakorps02-300x140.jpeg\" alt=\"\" width=\"251\" height=\"117\" srcset=\"https:\/\/www.cronicasliterarias.es\/wp-content\/uploads\/2023\/06\/afrikakorps02-300x140.jpeg 300w, https:\/\/www.cronicasliterarias.es\/wp-content\/uploads\/2023\/06\/afrikakorps02.jpeg 677w\" sizes=\"auto, (max-width: 251px) 100vw, 251px\" \/>Pero all\u00e1 vamos (siempre te quedar\u00e1 el aire acondicionado o tener playa\/piscina a un paso a la hora de disfrutarlo), a lo que iba, podemos encontrar similitudes con Kaleunt que daba ca\u00f1a a la tripulaci\u00f3n de un submarino en aquella pel\u00edcula alemana llamada <em>The Boat (Das Boot)<\/em>, porque aqu\u00ed es casi lo mismo pero en un panzer, dando vida en su interior a luchadores con sus miedos, sus dudas, sus convicciones, sus desenga\u00f1os, con una omnipresente sensaci\u00f3n de encierro en esta enorme lata blindada. Una impresi\u00f3n que pondr\u00e1 a prueba a las fuerzas enemigas porque ya sab\u00e9is aquello de: <em>Nunca os enfrent\u00e9is a un animal que no tiene una puerta por donde escapar.<\/em><\/p>\n<p align=\"JUSTIFY\"><em>Afrikakorps<\/em> cuenta una historia que sigue siendo atractiva para el lado aventurero. La nueva obra de uno de los grandes maestros del b\u00e9lico actual como atestigua Norma Editorial. Donde el teniente Joachim Von Richter forma parte del Afrikakorps, la fuerza <img loading=\"lazy\" decoding=\"async\" class=\"alignright  wp-image-13517\" src=\"https:\/\/www.cronicasliterarias.es\/wp-content\/uploads\/2023\/06\/afrikakorps05-224x300.jpeg\" alt=\"\" width=\"151\" height=\"202\" srcset=\"https:\/\/www.cronicasliterarias.es\/wp-content\/uploads\/2023\/06\/afrikakorps05-224x300.jpeg 224w, https:\/\/www.cronicasliterarias.es\/wp-content\/uploads\/2023\/06\/afrikakorps05.jpeg 746w\" sizes=\"auto, (max-width: 151px) 100vw, 151px\" \/>terrestre alemana que a las \u00f3rdenes del comandante Rommel, siembra el terror en el norte de \u00c1frica durante la II Guerra Mundial. Y a bordo de ese panzer, Joachim y sus hombres participar\u00e1n en los episodios m\u00e1s comprometidos de una ofensiva librada a sangre y fuego. Y entonces, no se puede resumir mejor. Una historia instructiva y bien documentada en la que aprendemos que los panzer no est\u00e1n adaptados a las dif\u00edciles condiciones del desierto, siendo el gran enemigo la arena que se incrustaba por todas partes y obstru\u00eda los motores. Condiciones que claro est\u00e1, tambi\u00e9n ejercen presi\u00f3n sobre los organismos humanos que lleva dentro. Y eso que aportaba el lado astuto de los alemanes que son superados en n\u00famero por los brit\u00e1nicos y que tienen que hacer creer a la gente mediante ingeniosas estratagemas que son gente numerosa lo que tienen al frente.<\/p>\n<p align=\"JUSTIFY\">Adem\u00e1s, el gran puerto de Tobruk, en poder de los australianos, imped\u00eda que el ej\u00e9rcito alem\u00e1n se aprovisionara por barco, y Tr\u00edpoli, la \u00fanica base de abastecimiento, se encontraba a 1.500 km del frente&#8230;; uno de los muchos datos chulos que aporta este c\u00f3mic. <img loading=\"lazy\" decoding=\"async\" class=\"alignleft  wp-image-13516\" src=\"https:\/\/www.cronicasliterarias.es\/wp-content\/uploads\/2023\/06\/afrikakorps04-220x300.jpeg\" alt=\"\" width=\"124\" height=\"170\" srcset=\"https:\/\/www.cronicasliterarias.es\/wp-content\/uploads\/2023\/06\/afrikakorps04-220x300.jpeg 220w, https:\/\/www.cronicasliterarias.es\/wp-content\/uploads\/2023\/06\/afrikakorps04.jpeg 224w\" sizes=\"auto, (max-width: 124px) 100vw, 124px\" \/>\u00bfSimilitudes con la pel\u00edcula <em>Corazones de Acero (Fury)<\/em> donde la tripulaci\u00f3n estadounidense de un tanque comandado por Brad Pitt fue abordada a nivel humano e inmersivo? Experimentamos la misma sensaci\u00f3n aqu\u00ed. Si os gust\u00f3 la peli, os encantar\u00e1 <em>Afrikakorps<\/em>. Muy recomendable para los amantes del c\u00f3mic b\u00e9lico.<\/p>\n","protected":false},"excerpt":{"rendered":"<p>En su d\u00eda, vi bastantes pel\u00edculas de Hollywood, brit\u00e1nicas e italianas (e incluso francesas) sobre esta campa\u00f1a africana de la Segunda Guerra Mundial. Nunca logr\u00e9 entender qu\u00e9 demonios estaban haciendo all\u00ed ingleses, alemanes e italianos. Pero me content\u00e9 al final viendo el espect\u00e1culo de la guerra desde el otro lado, una historia supuestamente ficticia o [&hellip;]<\/p>\n","protected":false},"author":4,"featured_media":0,"comment_status":"closed","ping_status":"closed","sticky":false,"template":"","format":"standard","meta":{"footnotes":""},"categories":[53,204,44,30,6],"tags":[358,11,22,10],"class_list":["post-13513","post","type-post","status-publish","format-standard","hentry","category-bd","category-belico","category-comic-europeo","category-norma-editorial","category-resenas","tag-comic-europeo-2023","tag-j-j-castillo","tag-norma-editorial","tag-resenas"],"_links":{"self":[{"href":"https:\/\/www.cronicasliterarias.es\/index.php?rest_route=\/wp\/v2\/posts\/13513","targetHints":{"allow":["GET"]}}],"collection":[{"href":"https:\/\/www.cronicasliterarias.es\/index.php?rest_route=\/wp\/v2\/posts"}],"about":[{"href":"https:\/\/www.cronicasliterarias.es\/index.php?rest_route=\/wp\/v2\/types\/post"}],"author":[{"embeddable":true,"href":"https:\/\/www.cronicasliterarias.es\/index.php?rest_route=\/wp\/v2\/users\/4"}],"replies":[{"embeddable":true,"href":"https:\/\/www.cronicasliterarias.es\/index.php?rest_route=%2Fwp%2Fv2%2Fcomments&post=13513"}],"version-history":[{"count":4,"href":"https:\/\/www.cronicasliterarias.es\/index.php?rest_route=\/wp\/v2\/posts\/13513\/revisions"}],"predecessor-version":[{"id":13522,"href":"https:\/\/www.cronicasliterarias.es\/index.php?rest_route=\/wp\/v2\/posts\/13513\/revisions\/13522"}],"wp:attachment":[{"href":"https:\/\/www.cronicasliterarias.es\/index.php?rest_route=%2Fwp%2Fv2%2Fmedia&parent=13513"}],"wp:term":[{"taxonomy":"category","embeddable":true,"href":"https:\/\/www.cronicasliterarias.es\/index.php?rest_route=%2Fwp%2Fv2%2Fcategories&post=13513"},{"taxonomy":"post_tag","embeddable":true,"href":"https:\/\/www.cronicasliterarias.es\/index.php?rest_route=%2Fwp%2Fv2%2Ftags&post=13513"}],"curies":[{"name":"wp","href":"https:\/\/api.w.org\/{rel}","templated":true}]}}