{"id":13523,"date":"2023-07-02T00:05:00","date_gmt":"2023-07-02T00:05:00","guid":{"rendered":"https:\/\/www.cronicasliterarias.es\/?p=13523"},"modified":"2023-07-02T17:47:54","modified_gmt":"2023-07-02T17:47:54","slug":"resena-spiderman-india-de-jeevan-j-kang-suresh-seetharaman-y-sharad-devarajan-revisar","status":"publish","type":"post","link":"https:\/\/www.cronicasliterarias.es\/?p=13523","title":{"rendered":"Rese\u00f1a: Spiderman. India, de Jeevan J. Kang, Suresh Seetharaman y Devarajan"},"content":{"rendered":"<p align=\"JUSTIFY\"><img loading=\"lazy\" decoding=\"async\" class=\"alignright  wp-image-13525\" src=\"https:\/\/www.cronicasliterarias.es\/wp-content\/uploads\/2023\/07\/spidermanindia-681x1024.jpg\" alt=\"\" width=\"192\" height=\"288\" srcset=\"https:\/\/www.cronicasliterarias.es\/wp-content\/uploads\/2023\/07\/spidermanindia-681x1024.jpg 681w, https:\/\/www.cronicasliterarias.es\/wp-content\/uploads\/2023\/07\/spidermanindia-200x300.jpg 200w, https:\/\/www.cronicasliterarias.es\/wp-content\/uploads\/2023\/07\/spidermanindia-768x1155.jpg 768w, https:\/\/www.cronicasliterarias.es\/wp-content\/uploads\/2023\/07\/spidermanindia.jpg 798w\" sizes=\"auto, (max-width: 192px) 100vw, 192px\" \/>\u00a1Esto no me lo esperaba!, pens\u00e9 al saber de <em>Spiderman: India<\/em>. Menudo what if? raruno, menudo c\u00f3mic diferente que probablemente me iba a gustar, yo que busco originalidad en un vaso de agua. Adem\u00e1s de ser el debut de Pavitr Prabhakar, uno de los protagonistas de \u00abUniverso Spiderman\u00bb y un c\u00f3mic que por fin se publica en espa\u00f1ol. Porque adem\u00e1s me vino ideal hacerme con esta joyita tras el hype que me hab\u00eda dejado <em>Spiderman: Cruzando el Multiverso<\/em> al salir del cine. Spiderman tiene eso, como disfrutes de una historia suya, necesitas devorar algo m\u00e1s del personaje en breve o&#8230; explotas. Esplende en ese sentido. <em>Spiderman: India<\/em> reci\u00e9n publicado por Panini C\u00f3mics recoge los cuatro numeritos que se sac\u00f3 de la manga Jeevan J. Kang. Y nada m\u00e1s y nada menos que Adam Kubert se encarga de la portada y hace un trabajo maravilloso al configurar algunas cosas importantes dentro de ella. En primer lugar, este no es el mismo Spiderman India que todos vimos en <em>Spider-Man: Into the Spider-Verse (Spiderman: Un nuevo universo).<\/em> Kubert <img loading=\"lazy\" decoding=\"async\" class=\"alignleft  wp-image-13527\" src=\"https:\/\/www.cronicasliterarias.es\/wp-content\/uploads\/2023\/07\/spidermanindia02-270x300.jpg\" alt=\"\" width=\"122\" height=\"136\" srcset=\"https:\/\/www.cronicasliterarias.es\/wp-content\/uploads\/2023\/07\/spidermanindia02-270x300.jpg 270w, https:\/\/www.cronicasliterarias.es\/wp-content\/uploads\/2023\/07\/spidermanindia02-768x854.jpg 768w, https:\/\/www.cronicasliterarias.es\/wp-content\/uploads\/2023\/07\/spidermanindia02.jpg 843w\" sizes=\"auto, (max-width: 122px) 100vw, 122px\" \/>hace evidente de inmediato que este ar\u00e1cnido hind\u00fa es mucho m\u00e1s similar visualmente al que conocemos de Tierra 616. Con algunas diferencias menores en el vestuario, como los pantalones, los guantes sin dedos y el calzado; Kubert tambi\u00e9n consigue que este Spiderman casi se salga de la p\u00e1gina. Una entrada explosiva para empezar una emocionante miniserie.<\/p>\n<p align=\"JUSTIFY\">Por otro lado, para los no iniciados, Pavitr Prabhakar es Spiderman India, el h\u00e9roe de Mumbai. Ya el primer n\u00famero introductorio no pierde tiempo en explicar detalles redundantes (\u00a1Aqu\u00ed se viene aprendido, chaval!), y si me permit\u00eds el comentario, la historia de Pavitr se parece mucho m\u00e1s a un cuento de DC Elseworlds que a otras iteraciones de Spiderman y quiz\u00e1s eso es lo que lo hace chulo, diferente, especial. Jeevan J. Kang es muy <img loading=\"lazy\" decoding=\"async\" class=\"alignright  wp-image-13529\" src=\"https:\/\/www.cronicasliterarias.es\/wp-content\/uploads\/2023\/07\/spidermanindia01-300x258.jpg\" alt=\"\" width=\"202\" height=\"174\" srcset=\"https:\/\/www.cronicasliterarias.es\/wp-content\/uploads\/2023\/07\/spidermanindia01-300x258.jpg 300w, https:\/\/www.cronicasliterarias.es\/wp-content\/uploads\/2023\/07\/spidermanindia01-768x661.jpg 768w, https:\/\/www.cronicasliterarias.es\/wp-content\/uploads\/2023\/07\/spidermanindia01.jpg 927w\" sizes=\"auto, (max-width: 202px) 100vw, 202px\" \/>consciente de esto y lo usa a su favor con esta nueva historia.<\/p>\n<p align=\"JUSTIFY\">Y es que <em>Spiderman: India<\/em> se basa en la premisa establecida en el Spiderverse original de Dan Slott y Olivier Coipel. Donde Pavitr de alguna manera se vuelve consciente de que su historia no es \u00fanica, y que \u00e9l puede ser simplemente un derivado de Peter Parker. Y si bien los lectores sabemos cu\u00e1n cierto es esto, encontramos como Pavitr se encuentra en una posici\u00f3n en la que debe definir qu\u00e9 lo hace completamente \u00fanico. Incluso d\u00e1ndole vueltas, todo gira hasta un punto en el que Pavitr comienza a preguntarse sinceramente por qu\u00e9 demonios tiene que ser (por cojones) Spiderman. Pero m\u00e1s que su confusi\u00f3n interna, Pavitr comienza a cuestionar las \u00faltimas palabras de su t\u00edo. Y esto crea una din\u00e1mica interesante que termina por sacar a Pavitr de la sombra de Peter, d\u00e1ndole una identidad y una crisis que <img loading=\"lazy\" decoding=\"async\" class=\"alignleft  wp-image-13528\" src=\"https:\/\/www.cronicasliterarias.es\/wp-content\/uploads\/2023\/07\/spidermanindia03-300x180.jpg\" alt=\"\" width=\"210\" height=\"126\" srcset=\"https:\/\/www.cronicasliterarias.es\/wp-content\/uploads\/2023\/07\/spidermanindia03-300x180.jpg 300w, https:\/\/www.cronicasliterarias.es\/wp-content\/uploads\/2023\/07\/spidermanindia03.jpg 756w\" sizes=\"auto, (max-width: 210px) 100vw, 210px\" \/>pone en marcha este tomo que se devora de una sentada.<\/p>\n<p align=\"JUSTIFY\"><span lang=\"es-ES\">Otro chico que necesita aprender duras lecciones sobre el poder&#8230; y la responsabilidad. <\/span>Me encant\u00f3 el dibujo, un espect\u00e1culo visual que homenajea a los c\u00f3mics de los 90.<\/p>\n","protected":false},"excerpt":{"rendered":"<p>\u00a1Esto no me lo esperaba!, pens\u00e9 al saber de Spiderman: India. Menudo what if? raruno, menudo c\u00f3mic diferente que probablemente me iba a gustar, yo que busco originalidad en un vaso de agua. Adem\u00e1s de ser el debut de Pavitr Prabhakar, uno de los protagonistas de \u00abUniverso Spiderman\u00bb y un c\u00f3mic que por fin se [&hellip;]<\/p>\n","protected":false},"author":4,"featured_media":0,"comment_status":"closed","ping_status":"closed","sticky":false,"template":"","format":"standard","meta":{"footnotes":""},"categories":[49,382,28,6],"tags":[11,218,10,385],"class_list":["post-13523","post","type-post","status-publish","format-standard","hentry","category-comics","category-marvel","category-panini-comics","category-resenas","tag-j-j-castillo","tag-panini-comics-marvel","tag-resenas","tag-spiderverse"],"_links":{"self":[{"href":"https:\/\/www.cronicasliterarias.es\/index.php?rest_route=\/wp\/v2\/posts\/13523","targetHints":{"allow":["GET"]}}],"collection":[{"href":"https:\/\/www.cronicasliterarias.es\/index.php?rest_route=\/wp\/v2\/posts"}],"about":[{"href":"https:\/\/www.cronicasliterarias.es\/index.php?rest_route=\/wp\/v2\/types\/post"}],"author":[{"embeddable":true,"href":"https:\/\/www.cronicasliterarias.es\/index.php?rest_route=\/wp\/v2\/users\/4"}],"replies":[{"embeddable":true,"href":"https:\/\/www.cronicasliterarias.es\/index.php?rest_route=%2Fwp%2Fv2%2Fcomments&post=13523"}],"version-history":[{"count":8,"href":"https:\/\/www.cronicasliterarias.es\/index.php?rest_route=\/wp\/v2\/posts\/13523\/revisions"}],"predecessor-version":[{"id":13536,"href":"https:\/\/www.cronicasliterarias.es\/index.php?rest_route=\/wp\/v2\/posts\/13523\/revisions\/13536"}],"wp:attachment":[{"href":"https:\/\/www.cronicasliterarias.es\/index.php?rest_route=%2Fwp%2Fv2%2Fmedia&parent=13523"}],"wp:term":[{"taxonomy":"category","embeddable":true,"href":"https:\/\/www.cronicasliterarias.es\/index.php?rest_route=%2Fwp%2Fv2%2Fcategories&post=13523"},{"taxonomy":"post_tag","embeddable":true,"href":"https:\/\/www.cronicasliterarias.es\/index.php?rest_route=%2Fwp%2Fv2%2Ftags&post=13523"}],"curies":[{"name":"wp","href":"https:\/\/api.w.org\/{rel}","templated":true}]}}