{"id":13620,"date":"2023-07-11T00:05:00","date_gmt":"2023-07-11T00:05:00","guid":{"rendered":"https:\/\/www.cronicasliterarias.es\/?p=13620"},"modified":"2023-07-10T19:50:44","modified_gmt":"2023-07-10T19:50:44","slug":"resena-devorar-la-tierra-de-osamu-tezuka","status":"publish","type":"post","link":"https:\/\/www.cronicasliterarias.es\/?p=13620","title":{"rendered":"Rese\u00f1a: Devorar la Tierra, de Osamu Tezuka"},"content":{"rendered":"<p align=\"JUSTIFY\"><img loading=\"lazy\" decoding=\"async\" class=\"alignright  wp-image-13622\" src=\"https:\/\/www.cronicasliterarias.es\/wp-content\/uploads\/2023\/07\/devorarlatierra-679x1024.jpg\" alt=\"\" width=\"203\" height=\"307\" srcset=\"https:\/\/www.cronicasliterarias.es\/wp-content\/uploads\/2023\/07\/devorarlatierra-679x1024.jpg 679w, https:\/\/www.cronicasliterarias.es\/wp-content\/uploads\/2023\/07\/devorarlatierra-199x300.jpg 199w, https:\/\/www.cronicasliterarias.es\/wp-content\/uploads\/2023\/07\/devorarlatierra-768x1159.jpg 768w, https:\/\/www.cronicasliterarias.es\/wp-content\/uploads\/2023\/07\/devorarlatierra.jpg 792w\" sizes=\"auto, (max-width: 203px) 100vw, 203px\" \/><em>Devorar la Tierra<\/em> no decepcionar\u00e1 a casi nadie que le de una oportunidad. Y, por supuesto, encantar\u00e1 a los amantes de Tezuka. Con el dibujo habitual del maestro, una historia con un marco diferente a lo que por entonces sol\u00eda hacer. Una historia que trata sobre el poder que las mujeres pueden tener sobre los hombres&#8230; si quieren. Aunque tambi\u00e9n trata la venganza perpetrada por sus hijas de una mujer enga\u00f1ada por su esposo en el contexto de la Segunda Guerra Mundial. Planeta C\u00f3mic se encarga de que esta obraza no la pasemos por alto y la reedita en un formato genial para ser disfrutada este veranito.<\/p>\n<p align=\"JUSTIFY\">Tuve el placer de leer <em>Devorar la Tierra<\/em> en dos sentadas. Manga del dios del manga, historia absorbente como pocas. Lo que m\u00e1s me interes\u00f3 es ese tono b\u00e1sico que parece tan moderno cuando muestra lo honorable (o no) de una persona de 54 a\u00f1os. Re-situ\u00e1ndonos, hay que decir que estamos ante un manga que se public\u00f3 por primera vez en 1968 y ya vemos que con el tema, es una <img loading=\"lazy\" decoding=\"async\" class=\"alignleft  wp-image-13624\" src=\"https:\/\/www.cronicasliterarias.es\/wp-content\/uploads\/2023\/07\/devorarlatierra04-300x213.jpg\" alt=\"\" width=\"189\" height=\"134\" srcset=\"https:\/\/www.cronicasliterarias.es\/wp-content\/uploads\/2023\/07\/devorarlatierra04-300x213.jpg 300w, https:\/\/www.cronicasliterarias.es\/wp-content\/uploads\/2023\/07\/devorarlatierra04.jpg 497w\" sizes=\"auto, (max-width: 189px) 100vw, 189px\" \/>historia muy adelantada a su tiempo: una mujer v\u00edctima de la sociedad de los hombres, una persona dispuesta a abolir los poderes del dinero, las leyes injustas, la moral y hacer que los hombres, sobre todo, paguen por ello. Huele a narrativa anticapitalista y feminista, \u00bfno? Y eso es lo que encontr\u00e9 en este manga. Aunque la historia parece un poco inconexa y en ocasiones, carece de v\u00ednculos directos. Mas, esta es una caracter\u00edstica que se encuentra a menudo en Tezuka, debido en particular a los requisitos de producci\u00f3n. Pero a pesar de esa sensaci\u00f3n de navegar entre diferentes episodios de series, encontr\u00e9 que el conjunto de la trama central se mantiene unida y termina por ser coherente. Es una proeza, frente a lo que nos detalla, pero muchas veces justa. Los episodios intercalados que simplemente presentan momentos de vac\u00edo en un mundo que cambia brutalmente, son desgarradores y perturbadores. Todav\u00eda me conmueve una de las escenas, tan hermosa como tr\u00e1gica, de la que obviamente no voy a spoilear nada&#8230;<\/p>\n<p align=\"JUSTIFY\"><img loading=\"lazy\" decoding=\"async\" class=\"alignright  wp-image-13626\" src=\"https:\/\/www.cronicasliterarias.es\/wp-content\/uploads\/2023\/07\/devorarlatierra01-266x300.jpg\" alt=\"\" width=\"151\" height=\"170\" srcset=\"https:\/\/www.cronicasliterarias.es\/wp-content\/uploads\/2023\/07\/devorarlatierra01-266x300.jpg 266w, https:\/\/www.cronicasliterarias.es\/wp-content\/uploads\/2023\/07\/devorarlatierra01.jpg 331w\" sizes=\"auto, (max-width: 151px) 100vw, 151px\" \/>A menudo soy muy positivo con los mangas de Tezuka. Me encantan. Soy uno de los que cae\/cay\u00f3 en sus redes f\u00e1cilmente. Ya s\u00f3lo un se\u00f1or con un dibujo tan personal y caracter\u00edstico para m\u00ed es muy de alabar. Pero esto no quiere decir que est\u00e9 cerrado a los defectos muy reales que tiene: el dibujo puede verse infantil y casi que no cuadra mucho ver una ilustraci\u00f3n tan jovial con una trama seria detr\u00e1s. No s\u00e9 si es un defecto o una particularidad pero Tezuka es el claro ejemplo de esta situaci\u00f3n raruna que pocas veces se da. Personalmente, estoy acostumbrado y lo veo como una preocupaci\u00f3n solo para m\u00ed a la hora de leer sus obras. Pero el tema est\u00e1 ah\u00ed. Fuera del perro&#8230; (porque dentro est\u00e1 demasiado oscuro para leer), esta historia va m\u00e1s all\u00e1 de su simple tono y muestra una historia de venganza que os adelanto no acaba bien y es otro detalle que amo de Tezuka. Lo realista que es pese a ser o haber sido mangaka. \u00bfEs una denuncia del capitalismo salvaje y globalizado, de la atracci\u00f3n por el dinero, del racismo y del absurdo del g\u00e9nero humano? S\u00ed, y por tanto, una historia sobre eso tiene que acabar mal. Y punto.<\/p>\n<p align=\"JUSTIFY\">La propensi\u00f3n humana a la delincuencia cuando desaparecen las consecuencias, hablar de racismo, como mostrar una soberbia y conmovedora historia familiar que desaf\u00eda el modelo <img loading=\"lazy\" decoding=\"async\" class=\"alignleft  wp-image-13625\" src=\"https:\/\/www.cronicasliterarias.es\/wp-content\/uploads\/2023\/07\/devorarlatierra03.jpg\" alt=\"\" width=\"183\" height=\"121\" \/>cl\u00e1sico; el autor muestra todo eso y m\u00e1s en esta maravillosa historia que es <em>Devorar la Tierra<\/em>. \u00bfC\u00f3mo los ideales se derrumban? Con un tremendo golpetazo f\u00edsico o utilizando el soborno sobre el primer pilar. Mucha raz\u00f3n ten\u00eda el se\u00f1or Tezuka.<\/p>\n","protected":false},"excerpt":{"rendered":"<p>Devorar la Tierra no decepcionar\u00e1 a casi nadie que le de una oportunidad. Y, por supuesto, encantar\u00e1 a los amantes de Tezuka. Con el dibujo habitual del maestro, una historia con un marco diferente a lo que por entonces sol\u00eda hacer. Una historia que trata sobre el poder que las mujeres pueden tener sobre los [&hellip;]<\/p>\n","protected":false},"author":4,"featured_media":0,"comment_status":"closed","ping_status":"closed","sticky":false,"template":"","format":"standard","meta":{"footnotes":""},"categories":[124,26,6],"tags":[288,11,376,38,10],"class_list":["post-13620","post","type-post","status-publish","format-standard","hentry","category-manga","category-planeta-comic","category-resenas","tag-biblioteca-osamu-tezuka","tag-j-j-castillo","tag-manga-2023","tag-planeta-comic","tag-resenas"],"_links":{"self":[{"href":"https:\/\/www.cronicasliterarias.es\/index.php?rest_route=\/wp\/v2\/posts\/13620","targetHints":{"allow":["GET"]}}],"collection":[{"href":"https:\/\/www.cronicasliterarias.es\/index.php?rest_route=\/wp\/v2\/posts"}],"about":[{"href":"https:\/\/www.cronicasliterarias.es\/index.php?rest_route=\/wp\/v2\/types\/post"}],"author":[{"embeddable":true,"href":"https:\/\/www.cronicasliterarias.es\/index.php?rest_route=\/wp\/v2\/users\/4"}],"replies":[{"embeddable":true,"href":"https:\/\/www.cronicasliterarias.es\/index.php?rest_route=%2Fwp%2Fv2%2Fcomments&post=13620"}],"version-history":[{"count":4,"href":"https:\/\/www.cronicasliterarias.es\/index.php?rest_route=\/wp\/v2\/posts\/13620\/revisions"}],"predecessor-version":[{"id":13629,"href":"https:\/\/www.cronicasliterarias.es\/index.php?rest_route=\/wp\/v2\/posts\/13620\/revisions\/13629"}],"wp:attachment":[{"href":"https:\/\/www.cronicasliterarias.es\/index.php?rest_route=%2Fwp%2Fv2%2Fmedia&parent=13620"}],"wp:term":[{"taxonomy":"category","embeddable":true,"href":"https:\/\/www.cronicasliterarias.es\/index.php?rest_route=%2Fwp%2Fv2%2Fcategories&post=13620"},{"taxonomy":"post_tag","embeddable":true,"href":"https:\/\/www.cronicasliterarias.es\/index.php?rest_route=%2Fwp%2Fv2%2Ftags&post=13620"}],"curies":[{"name":"wp","href":"https:\/\/api.w.org\/{rel}","templated":true}]}}