{"id":13645,"date":"2023-07-14T00:05:00","date_gmt":"2023-07-14T00:05:00","guid":{"rendered":"https:\/\/www.cronicasliterarias.es\/?p=13645"},"modified":"2023-07-14T20:00:44","modified_gmt":"2023-07-14T20:00:44","slug":"resena-batman-en-benidorm-de-paco-roca","status":"publish","type":"post","link":"https:\/\/www.cronicasliterarias.es\/?p=13645","title":{"rendered":"Rese\u00f1a: Batman en Benidorm, de Paco Roca"},"content":{"rendered":"<p align=\"JUSTIFY\"><img loading=\"lazy\" decoding=\"async\" class=\"alignleft  wp-image-13647\" src=\"https:\/\/www.cronicasliterarias.es\/wp-content\/uploads\/2023\/07\/Batman_Benirdorm.jpg\" alt=\"\" width=\"203\" height=\"313\" srcset=\"https:\/\/www.cronicasliterarias.es\/wp-content\/uploads\/2023\/07\/Batman_Benirdorm.jpg 480w, https:\/\/www.cronicasliterarias.es\/wp-content\/uploads\/2023\/07\/Batman_Benirdorm-195x300.jpg 195w\" sizes=\"auto, (max-width: 203px) 100vw, 203px\" \/>Quiz\u00e1s uno de los t\u00edtulos m\u00e1s ideales para leer este verano. \u00bfQui\u00e9n en nuestro pa\u00eds y medio mundo no relaciona unas vacaciones en nuestro pa\u00eds con el municipio de la provincia de Alicante, situado a orillas del Mediterr\u00e1neo, que ha llegado a ser el municipio (\u00a1El pueblo!) m\u00e1s denso y poblado de todo este pa\u00eds de veraneo? Casi mil ochocientos habitantes por km\u00b2 , que se dice pronto. \u00bfUn lugar tranquilo para Batman? Para su recopilatorio <em>Batman: The World<\/em>, DC Comics eligi\u00f3 al maestro del c\u00f3mic espa\u00f1ol Paco Roca, y con la premisa de <em>\u00bfPor qu\u00e9 no iba a tener vacaciones el orejas picudas?<\/em>, se sac\u00f3 de la manga este <em>Batman en Benidorm<\/em>.<\/p>\n<p align=\"JUSTIFY\">Y ah\u00ed le vemos tomando un caf\u00e9 y consultando el m\u00f3vil, sobre un toro de Osborne en la Serra Gelada y con el atardecer de fondo. Buen\u00edsima portada. Dados sus m\u00e1s de ochenta a\u00f1os de vigilancia en azoteas, el entorno h\u00famedo y solitario de su oficina en casa, sin mencionar la irritaci\u00f3n de la garganta provocada por todas esas amenazas que le acechan constantemente, pocos ver\u00edan raro que Batman no deseara tener un descanso. Un poco de sol, una buena paella y una \u201cfresquita\u201d (cervecita por estos lares) con lim\u00f3n al mediod\u00eda. Una o cuatro.<\/p>\n<p align=\"JUSTIFY\"><img loading=\"lazy\" decoding=\"async\" class=\"alignright  wp-image-13648\" src=\"https:\/\/www.cronicasliterarias.es\/wp-content\/uploads\/2023\/07\/Batman_Benirdorm01-300x160.jpg\" alt=\"\" width=\"210\" height=\"112\" srcset=\"https:\/\/www.cronicasliterarias.es\/wp-content\/uploads\/2023\/07\/Batman_Benirdorm01-300x160.jpg 300w, https:\/\/www.cronicasliterarias.es\/wp-content\/uploads\/2023\/07\/Batman_Benirdorm01-1024x546.jpg 1024w, https:\/\/www.cronicasliterarias.es\/wp-content\/uploads\/2023\/07\/Batman_Benirdorm01-768x410.jpg 768w, https:\/\/www.cronicasliterarias.es\/wp-content\/uploads\/2023\/07\/Batman_Benirdorm01.jpg 1129w\" sizes=\"auto, (max-width: 210px) 100vw, 210px\" \/>Benidorm, afortunadamente, estar\u00e1 feliz de complacerlo. El centro tur\u00edstico del este de Espa\u00f1a es el lugar elegido para ese merecido descanso. Pero aunque Wayne hace todo lo posible por involucrarse en el comportamiento t\u00edpico de un turista: ir al buffet, asaltar el minibar, ponerse rojo como un guiri si se exponer demasiado al Lorenzo&#8230; No vemos demasiado m\u00fasculo al aire. DC estipul\u00f3 al autor que su camisa deb\u00eda permanecer puesta para evitar revelar cicatrices y posibles \u201cpreguntas sobre ellas\u201d. Tampoco escapar\u00e1 por completo de su oscuridad familiar. Y es que el premiado artista gr\u00e1fico espa\u00f1ol Paco Roca admite que le cost\u00f3 un poco posarse en la idea de enviar a Bruce Wayne de vacaciones a Benidorm. Pero, cuanto m\u00e1s pensaba en ello, m\u00e1s inspiraci\u00f3n ten\u00eda.<\/p>\n<p align=\"JUSTIFY\">\u201cSe podr\u00eda decir que la historia es sobre lo que sucede cuando Bruce Wayne se encuentra con Bruce Wayne sin el traje de murci\u00e9lago, y sobre lo que encuentra\u201d, dijo Roca. \u201cCreo que algo de esto proviene del confinamiento por el que todos hemos pasado, y de lo que vemos mir\u00e1ndonos desde el espejo. Muy a menudo, no es lo que <img loading=\"lazy\" decoding=\"async\" class=\"alignleft  wp-image-13651\" src=\"https:\/\/www.cronicasliterarias.es\/wp-content\/uploads\/2023\/07\/Batman_Benirdorm02-300x267.jpg\" alt=\"\" width=\"236\" height=\"210\" srcset=\"https:\/\/www.cronicasliterarias.es\/wp-content\/uploads\/2023\/07\/Batman_Benirdorm02-300x267.jpg 300w, https:\/\/www.cronicasliterarias.es\/wp-content\/uploads\/2023\/07\/Batman_Benirdorm02-1024x912.jpg 1024w, https:\/\/www.cronicasliterarias.es\/wp-content\/uploads\/2023\/07\/Batman_Benirdorm02-768x684.jpg 768w, https:\/\/www.cronicasliterarias.es\/wp-content\/uploads\/2023\/07\/Batman_Benirdorm02.jpg 1230w\" sizes=\"auto, (max-width: 236px) 100vw, 236px\" \/>esperamos\u201d. Si bien el artista admite que habr\u00eda sido m\u00e1s obvio tener a Batman en lo alto de la Sagrada Familia, merodeando por la Plaza Mayor de Madrid o acechando a unos malutos desde la Giralda sevillana, espera que los lectores entiendan por qu\u00e9 opt\u00f3 por ubicar la acci\u00f3n en su Valencia natal. \u201cConozco muy bien Benidorm y he estado all\u00ed muchas veces\u201d, dijo Roca. \u201cEs un buen lugar para establecer una historia porque para m\u00ed siempre estuvo el lugar entre Las Vegas y Gotham City\u201d. Paco Roca explic\u00f3 en dicha entrevista que <em>Batman en Benidorm<\/em> es todo lo contrario a una historia de superh\u00e9roes. Es autor de <em>Arrugas, La Casa<\/em> o <em>Regreso al Ed\u00e9n<\/em>. C\u00f3mics sentimentalistas o costumbristas en muchos casos donde el vida es el primer mensaje de fondo. Roca sabe muy bien que sus guiones se salen de lo que estamos acostumbrados a ver en el Cruzado de la Capa. Y Roca sabe que hay cantidad de autores que controlan muy bien el g\u00e9nero y la acci\u00f3n, y ten\u00eda once p\u00e1ginas para contar su historia. Pues tir\u00f3 por donde hay que tirar siempre. Por lo que uno controla.<\/p>\n<p align=\"JUSTIFY\">\u00bfMi opini\u00f3n? Una bonita historia donde ver las reflexiones de Wayne. Tenemos una historia donde no se pelea, no se combate. Desde la editorial le dijeron que esta no es la t\u00edpica historia pero, en definitiva, Batman no se toma nunca vacaciones as\u00ed que, \u00bfpor <img loading=\"lazy\" decoding=\"async\" class=\"alignright  wp-image-13650\" src=\"https:\/\/www.cronicasliterarias.es\/wp-content\/uploads\/2023\/07\/Batman_Benirdorm04-300x169.jpg\" alt=\"\" width=\"282\" height=\"159\" srcset=\"https:\/\/www.cronicasliterarias.es\/wp-content\/uploads\/2023\/07\/Batman_Benirdorm04-300x169.jpg 300w, https:\/\/www.cronicasliterarias.es\/wp-content\/uploads\/2023\/07\/Batman_Benirdorm04-1024x576.jpg 1024w, https:\/\/www.cronicasliterarias.es\/wp-content\/uploads\/2023\/07\/Batman_Benirdorm04-768x432.jpg 768w, https:\/\/www.cronicasliterarias.es\/wp-content\/uploads\/2023\/07\/Batman_Benirdorm04.jpg 1200w\" sizes=\"auto, (max-width: 282px) 100vw, 282px\" \/>qu\u00e9 no iba a hacerlo? Cuando vieron la historia que hab\u00eda hecho, quedaron alucinados, asegur\u00f3 el autor. Y no me extra\u00f1a. Aqu\u00ed lo encontramos disfrutando pero en <em>Batman: The World (<\/em>que deber\u00eda reeditarse en breve)<em>,<\/em> se enfrenta a todo tipo de amenazas y desaf\u00edos en catorce pa\u00edses diferentes. Deseandito verlo nuevamente disponible. Una de las m\u00e1s chulas antolog\u00edas creadas para el Caballero Oscuro.<\/p>\n","protected":false},"excerpt":{"rendered":"<p>Quiz\u00e1s uno de los t\u00edtulos m\u00e1s ideales para leer este verano. \u00bfQui\u00e9n en nuestro pa\u00eds y medio mundo no relaciona unas vacaciones en nuestro pa\u00eds con el municipio de la provincia de Alicante, situado a orillas del Mediterr\u00e1neo, que ha llegado a ser el municipio (\u00a1El pueblo!) m\u00e1s denso y poblado de todo este pa\u00eds [&hellip;]<\/p>\n","protected":false},"author":4,"featured_media":0,"comment_status":"closed","ping_status":"closed","sticky":false,"template":"","format":"standard","meta":{"footnotes":""},"categories":[49,381,29,6],"tags":[73,11,10],"class_list":["post-13645","post","type-post","status-publish","format-standard","hentry","category-comics","category-dc","category-ecc-ediciones","category-resenas","tag-ecc-ediciones-dc-comics","tag-j-j-castillo","tag-resenas"],"_links":{"self":[{"href":"https:\/\/www.cronicasliterarias.es\/index.php?rest_route=\/wp\/v2\/posts\/13645","targetHints":{"allow":["GET"]}}],"collection":[{"href":"https:\/\/www.cronicasliterarias.es\/index.php?rest_route=\/wp\/v2\/posts"}],"about":[{"href":"https:\/\/www.cronicasliterarias.es\/index.php?rest_route=\/wp\/v2\/types\/post"}],"author":[{"embeddable":true,"href":"https:\/\/www.cronicasliterarias.es\/index.php?rest_route=\/wp\/v2\/users\/4"}],"replies":[{"embeddable":true,"href":"https:\/\/www.cronicasliterarias.es\/index.php?rest_route=%2Fwp%2Fv2%2Fcomments&post=13645"}],"version-history":[{"count":4,"href":"https:\/\/www.cronicasliterarias.es\/index.php?rest_route=\/wp\/v2\/posts\/13645\/revisions"}],"predecessor-version":[{"id":13672,"href":"https:\/\/www.cronicasliterarias.es\/index.php?rest_route=\/wp\/v2\/posts\/13645\/revisions\/13672"}],"wp:attachment":[{"href":"https:\/\/www.cronicasliterarias.es\/index.php?rest_route=%2Fwp%2Fv2%2Fmedia&parent=13645"}],"wp:term":[{"taxonomy":"category","embeddable":true,"href":"https:\/\/www.cronicasliterarias.es\/index.php?rest_route=%2Fwp%2Fv2%2Fcategories&post=13645"},{"taxonomy":"post_tag","embeddable":true,"href":"https:\/\/www.cronicasliterarias.es\/index.php?rest_route=%2Fwp%2Fv2%2Ftags&post=13645"}],"curies":[{"name":"wp","href":"https:\/\/api.w.org\/{rel}","templated":true}]}}