{"id":13654,"date":"2023-07-15T00:05:00","date_gmt":"2023-07-15T00:05:00","guid":{"rendered":"https:\/\/www.cronicasliterarias.es\/?p=13654"},"modified":"2023-07-14T18:32:20","modified_gmt":"2023-07-14T18:32:20","slug":"resena-moda-al-desnudo-de-zoe-thouron-y-frederic-godart","status":"publish","type":"post","link":"https:\/\/www.cronicasliterarias.es\/?p=13654","title":{"rendered":"Rese\u00f1a: La Moda al Desnudo, de Zo\u00e9 Thouron y Fr\u00e9d\u00e9ric Godart"},"content":{"rendered":"<p align=\"JUSTIFY\"><img loading=\"lazy\" decoding=\"async\" class=\"alignright  wp-image-13656\" src=\"https:\/\/www.cronicasliterarias.es\/wp-content\/uploads\/2023\/07\/modaaldesnudo.jpg\" alt=\"\" width=\"221\" height=\"306\" srcset=\"https:\/\/www.cronicasliterarias.es\/wp-content\/uploads\/2023\/07\/modaaldesnudo.jpg 628w, https:\/\/www.cronicasliterarias.es\/wp-content\/uploads\/2023\/07\/modaaldesnudo-217x300.jpg 217w\" sizes=\"auto, (max-width: 221px) 100vw, 221px\" \/>\u00bfTodo lo que siempre quisiste saber sobre moda pero nunca te atreviste a preguntar? Y algunos detallitos m\u00e1s en formato c\u00f3mic, c\u00f3mic europeo, de la mano de Zo\u00e9 Thouron y un soci\u00f3logo como es Fr\u00e9d\u00e9ric Godart. Dos autores que nos muestran <em>La moda al desnudo<\/em>, un \u00e1lbum muy chulo que acaba de publicar Norma Editorial en nuestro pa\u00eds, donde se lucha por comprender la moda y sus paradojas. Y yo, que le doy a todo, lo disfrut\u00e9.<\/p>\n<p align=\"JUSTIFY\"><em>La moda al desnudo<\/em> nos brinda un an\u00e1lisis sin concesiones de este entorno cerrado y exclusivo que es el mundo de la moda. Utilizar\u00e1n entre otros el personaje de la reina Mar\u00eda Antonieta que habr\u00eda introducido cierta forma de elegancia en el reino de Francia llamando a filas a una de las primeras sombrereras de la historia del pa\u00eds galo. Tambi\u00e9n se referir\u00e1n al famoso dandy ingl\u00e9s George Bryan Brummell quien tuvo la distinci\u00f3n de lustrar sus zapatos con champ\u00e1n un d\u00eda cualquiera (imagino que esto debe ser un rumor muy comentado dentro de este mundillo pero yo me acabo de enterar). Y los delirios continuar\u00e1n a trav\u00e9s de personajes famosos como los fil\u00f3sofos Plat\u00f3n y <img loading=\"lazy\" decoding=\"async\" class=\"alignleft  wp-image-13658\" src=\"https:\/\/www.cronicasliterarias.es\/wp-content\/uploads\/2023\/07\/modaaldesnudo03-261x300.jpg\" alt=\"\" width=\"133\" height=\"152\" srcset=\"https:\/\/www.cronicasliterarias.es\/wp-content\/uploads\/2023\/07\/modaaldesnudo03-261x300.jpg 261w, https:\/\/www.cronicasliterarias.es\/wp-content\/uploads\/2023\/07\/modaaldesnudo03.jpg 643w\" sizes=\"auto, (max-width: 133px) 100vw, 133px\" \/>Arist\u00f3teles, pero entendemos que definir la moda no es tan simple como esto. Los grandes modistos, los desfiles de moda con modelos anor\u00e9xicas y los cambios de imagen ya no tendr\u00e1n ning\u00fan secreto para ti, lector, cuando decidas leer este c\u00f3mic. Donde es cierto que el diablo viste de Prada.<\/p>\n<p align=\"JUSTIFY\">Partamos de la observaci\u00f3n de que la decisi\u00f3n de vestirse es un acto social para una representaci\u00f3n de s\u00ed mismo es todo un evento que mueve millones de euros\/d\u00f3lares. Pero obviando lo obvio, en <em>La moda al desnudo<\/em> se intenta transmitir sobre todo el concepto de que la moda no es otra cosa que una especie de orillas de olas constantes en el que se lanzan ideas sobre ideas centradas en como cambiar los gustos de millones de personas. Lo que nos lleva a ver que cien mil millones de prendas vendidas cada a\u00f1o, la industria textil es una de las m\u00e1s contaminantes del mundo, emitiendo 1,2 mil millones de toneladas de gases de efecto invernadero. Para los jeans (los <img loading=\"lazy\" decoding=\"async\" class=\"alignright  wp-image-13661\" src=\"https:\/\/www.cronicasliterarias.es\/wp-content\/uploads\/2023\/07\/modaaldesnudo00-1024x470.jpg\" alt=\"\" width=\"316\" height=\"145\" srcset=\"https:\/\/www.cronicasliterarias.es\/wp-content\/uploads\/2023\/07\/modaaldesnudo00-1024x470.jpg 1024w, https:\/\/www.cronicasliterarias.es\/wp-content\/uploads\/2023\/07\/modaaldesnudo00-300x138.jpg 300w, https:\/\/www.cronicasliterarias.es\/wp-content\/uploads\/2023\/07\/modaaldesnudo00-768x353.jpg 768w, https:\/\/www.cronicasliterarias.es\/wp-content\/uploads\/2023\/07\/modaaldesnudo00.jpg 1535w\" sizes=\"auto, (max-width: 316px) 100vw, 316px\" \/>vaqueros que usamos cada vez m\u00e1s) se tienen que usar 11.000 litros de agua, el equivalente a casi trescientas duchas. Y qu\u00e9 decir de los residuos con m\u00e1s de un tercio de ropa sin vender. Solo en Francia, se tiran m\u00e1s de 600.000 toneladas de ropa cada a\u00f1o. En definitiva, toda una dimensi\u00f3n ecol\u00f3gica a tener en cuenta para evitar los residuos a gran escala, aunque como es un tema directamente relacionado a ricachones pues apenas sale en las noticias. Y las denuncias sobre este tema tambi\u00e9n acaban en el fondo del mar.<\/p>\n<p align=\"JUSTIFY\">Tras el impacto sobre el medio ambiente, tambi\u00e9n hay que fijarse en esta sobreproducci\u00f3n a bajo coste laboral en los pa\u00edses emergentes. Recordamos el derrumbe en abril de 2013 de un edificio que albergaba talleres textiles en Bangladesh, que dej\u00f3 mil cien muertos y m\u00e1s de dos mil heridos. En <em>La moda al desnudo<\/em> se comentan tambi\u00e9n estas \u201ccositas\u201d no es solo una reivindicaci\u00f3n m\u00eda. Y algunas ideas son lo suficientemente interesantes como para que las sigamos con cierto inter\u00e9s, incluso si el dibujo es bastante desordenado y la secuencia de vi\u00f1etas y escenas en algunas partes del c\u00f3mic es muy barroca. <img loading=\"lazy\" decoding=\"async\" class=\"alignleft  wp-image-13659\" src=\"https:\/\/www.cronicasliterarias.es\/wp-content\/uploads\/2023\/07\/modaaldesnudo01-295x300.jpg\" alt=\"\" width=\"159\" height=\"162\" srcset=\"https:\/\/www.cronicasliterarias.es\/wp-content\/uploads\/2023\/07\/modaaldesnudo01-295x300.jpg 295w, https:\/\/www.cronicasliterarias.es\/wp-content\/uploads\/2023\/07\/modaaldesnudo01-768x781.jpg 768w, https:\/\/www.cronicasliterarias.es\/wp-content\/uploads\/2023\/07\/modaaldesnudo01.jpg 787w\" sizes=\"auto, (max-width: 159px) 100vw, 159px\" \/><em>La <\/em><em>moda al desnudo<\/em> ofrece una mirada bastante interesante a este fen\u00f3meno y no tiene miedo de abordar todos los temas que ata\u00f1en a este curioso arte, de los m\u00e1s lujosos creado por el ser humano.<\/p>\n<p align=\"JUSTIFY\">Recomendable lectura.<\/p>\n","protected":false},"excerpt":{"rendered":"<p>\u00bfTodo lo que siempre quisiste saber sobre moda pero nunca te atreviste a preguntar? Y algunos detallitos m\u00e1s en formato c\u00f3mic, c\u00f3mic europeo, de la mano de Zo\u00e9 Thouron y un soci\u00f3logo como es Fr\u00e9d\u00e9ric Godart. Dos autores que nos muestran La moda al desnudo, un \u00e1lbum muy chulo que acaba de publicar Norma Editorial [&hellip;]<\/p>\n","protected":false},"author":4,"featured_media":0,"comment_status":"closed","ping_status":"closed","sticky":false,"template":"","format":"standard","meta":{"footnotes":""},"categories":[53,44,30,6],"tags":[358,11,22,10],"class_list":["post-13654","post","type-post","status-publish","format-standard","hentry","category-bd","category-comic-europeo","category-norma-editorial","category-resenas","tag-comic-europeo-2023","tag-j-j-castillo","tag-norma-editorial","tag-resenas"],"_links":{"self":[{"href":"https:\/\/www.cronicasliterarias.es\/index.php?rest_route=\/wp\/v2\/posts\/13654","targetHints":{"allow":["GET"]}}],"collection":[{"href":"https:\/\/www.cronicasliterarias.es\/index.php?rest_route=\/wp\/v2\/posts"}],"about":[{"href":"https:\/\/www.cronicasliterarias.es\/index.php?rest_route=\/wp\/v2\/types\/post"}],"author":[{"embeddable":true,"href":"https:\/\/www.cronicasliterarias.es\/index.php?rest_route=\/wp\/v2\/users\/4"}],"replies":[{"embeddable":true,"href":"https:\/\/www.cronicasliterarias.es\/index.php?rest_route=%2Fwp%2Fv2%2Fcomments&post=13654"}],"version-history":[{"count":10,"href":"https:\/\/www.cronicasliterarias.es\/index.php?rest_route=\/wp\/v2\/posts\/13654\/revisions"}],"predecessor-version":[{"id":13670,"href":"https:\/\/www.cronicasliterarias.es\/index.php?rest_route=\/wp\/v2\/posts\/13654\/revisions\/13670"}],"wp:attachment":[{"href":"https:\/\/www.cronicasliterarias.es\/index.php?rest_route=%2Fwp%2Fv2%2Fmedia&parent=13654"}],"wp:term":[{"taxonomy":"category","embeddable":true,"href":"https:\/\/www.cronicasliterarias.es\/index.php?rest_route=%2Fwp%2Fv2%2Fcategories&post=13654"},{"taxonomy":"post_tag","embeddable":true,"href":"https:\/\/www.cronicasliterarias.es\/index.php?rest_route=%2Fwp%2Fv2%2Ftags&post=13654"}],"curies":[{"name":"wp","href":"https:\/\/api.w.org\/{rel}","templated":true}]}}