{"id":13783,"date":"2023-07-28T00:05:00","date_gmt":"2023-07-28T00:05:00","guid":{"rendered":"https:\/\/www.cronicasliterarias.es\/?p=13783"},"modified":"2023-07-29T08:19:29","modified_gmt":"2023-07-29T08:19:29","slug":"resena-los-buenos-veranos-integral-de-jordi-lafebre-y-zidrou","status":"publish","type":"post","link":"https:\/\/www.cronicasliterarias.es\/?p=13783","title":{"rendered":"Rese\u00f1a: Los Buenos Veranos (Edici\u00f3n Integral), de Jordi Lafebre y Zidrou"},"content":{"rendered":"<p align=\"JUSTIFY\"><img loading=\"lazy\" decoding=\"async\" class=\"alignleft  wp-image-13785\" src=\"https:\/\/www.cronicasliterarias.es\/wp-content\/uploads\/2023\/07\/losbuenosveranos.jpg\" alt=\"\" width=\"224\" height=\"299\" srcset=\"https:\/\/www.cronicasliterarias.es\/wp-content\/uploads\/2023\/07\/losbuenosveranos.jpg 645w, https:\/\/www.cronicasliterarias.es\/wp-content\/uploads\/2023\/07\/losbuenosveranos-224x300.jpg 224w\" sizes=\"auto, (max-width: 224px) 100vw, 224px\" \/>Un integral de los buenos es lo que de vez en cuando se marca Norma Editorial. Al igual que hicieran con aquella maravilla que fue el integral de <em>Blacksad (<a href=\"https:\/\/www.normaeditorial.com\/ficha\/comic-europeo\/blacksad\/blacksad\/blacksad-integral-ed-en-castellano\">https:\/\/www.normaeditorial.com\/ficha\/comic-europeo\/blacksad\/blacksad\/blacksad-integral-ed-en-castellano<\/a>)<\/em>, m\u00e1s c\u00f3mic europeo del bueno. Aunque es cierto que de vez en cuando tambi\u00e9n lo hacen con c\u00f3mic americano, esta vez vuelven a la carga con una chulada de tomo que recopila los geniales \u00e1lbumes de <em>Los Buenos Veranos<\/em>, de Jordi Lafebre y Zidrou.<\/p>\n<p align=\"JUSTIFY\">\u00bfExiste mejor c\u00f3mic a recomendar para disfrutar leyendo este verano? Hab\u00eda le\u00eddo alg\u00fan que otro \u00e1lbum de <em>Los Buenos Veranos (Beaux Etes)<\/em> como para decirles que cada vez tuve una excelente lectura en compa\u00f1\u00eda de esta familia belga, los Fald\u00e9rault, que regularmente se van de vacaciones (una historia completa por \u00e1lbum). Pero sab\u00eda (conociendo ya un poco a Norma Editorial y la \u00e9poca de tipos de publicaciones en la que andamos) que de esta joyita se har\u00eda integral. Y quer\u00eda esperarme a tenerlo as\u00ed porque es una obra de la que querr\u00e1s tenerlo todo. Aqu\u00ed no hay dramas morbosos ni aventuras <img loading=\"lazy\" decoding=\"async\" class=\"alignright  wp-image-13787\" src=\"https:\/\/www.cronicasliterarias.es\/wp-content\/uploads\/2023\/07\/losbuenosveranos02-300x158.jpg\" alt=\"\" width=\"222\" height=\"117\" srcset=\"https:\/\/www.cronicasliterarias.es\/wp-content\/uploads\/2023\/07\/losbuenosveranos02-300x158.jpg 300w, https:\/\/www.cronicasliterarias.es\/wp-content\/uploads\/2023\/07\/losbuenosveranos02.jpg 489w\" sizes=\"auto, (max-width: 222px) 100vw, 222px\" \/>bizarras, se invita a los lectores a seguir instalados en un sill\u00f3n relax, silla de playa o hamaca de las largas, mientras se toma un buen refresco o \u201cali\u00f1ado\u201d de \u00e9poca estival. Todo para adentrarte en las desventuras y salidas al lugar de vacaciones, descubrir c\u00f3mo viven los Fald\u00e9rault, sus d\u00edas fuera, su vuelta a casa, en diferentes momentos de su vida. Y se podr\u00eda pensar que son historias mon\u00f3tonas, que ser\u00e1n siempre lo mismo, pero no. Porque los autores han sabido presentarnos historias suficientemente variadas en cada t\u00edtulo. Cada una de ellas, llena de an\u00e9cdotas muchas veces simp\u00e1ticas, a veces terrenales, nunca vulgares.<\/p>\n<p align=\"JUSTIFY\">Las historias son sencillas. Fald\u00e9rault deciden salir a la carretera todos los veranos a bordo de su 4L que les llevar\u00e1 a un camino sembrado de cosas buenas y menos buenas pero un camino que simplemente conduce a la felicidad. Ya sea una granja, un camping en Ard\u00e8che, <img loading=\"lazy\" decoding=\"async\" class=\"alignleft  wp-image-13789\" src=\"https:\/\/www.cronicasliterarias.es\/wp-content\/uploads\/2023\/07\/losbuenosveranos03-268x300.jpg\" alt=\"\" width=\"156\" height=\"175\" srcset=\"https:\/\/www.cronicasliterarias.es\/wp-content\/uploads\/2023\/07\/losbuenosveranos03-268x300.jpg 268w, https:\/\/www.cronicasliterarias.es\/wp-content\/uploads\/2023\/07\/losbuenosveranos03.jpg 630w\" sizes=\"auto, (max-width: 156px) 100vw, 156px\" \/>un hotel en Saint-\u00c9tienne o una caba\u00f1a&#8230; aventuras a espuertas. Entre bromas, rituales y contratiempos, nunca dejar\u00e1n que nada le impida disfrutar de su merecido descanso. Y no solo son momentos dulces, habr\u00e1 de todo, como lo hay en cualquier vida en familia. \u00bfLo peor? (Si es que eso es malo) La nostalgia est\u00e1 muy presente y en ciertos momentos, una lagrimita puede querer asomarse a vuestros ojos, sobre todo, si vivisteis vacaciones intensas con familiares que ya no est\u00e1n&#8230;<\/p>\n<p align=\"JUSTIFY\">El dibujo de Jordi Lafebre nos deleitar\u00e1 y calentar\u00e1 nuestro coraz\u00f3n. \u00bfEl dibujo de Jordi Lafebre? Simplemente lo adoro. Sabe hacer entra\u00f1ables y expresivos a sus personajes sin caer en la caricatura pura y dura. Sus diferentes protagonistas son muy f\u00e1cilmente identificables a primera vista, permanece constantemente muy legible. El dise\u00f1o es agradable porque es lo suficientemente aireado. El colorido es agradable con el uso de tonos pastel\u2026 \u00a1Muy buen trabajo! Y adem\u00e1s, no podemos negar que Zidrou es un excelente dialogista con su uso de deliciosos juegos de palabras, comentarios infantiles de una ingenuidad y precisi\u00f3n que al menos te sacar\u00e1n una sonrisa. Vas a pensar esto <img loading=\"lazy\" decoding=\"async\" class=\"alignright  wp-image-13788\" src=\"https:\/\/www.cronicasliterarias.es\/wp-content\/uploads\/2023\/07\/losbuenosveranos05-300x183.jpg\" alt=\"\" width=\"257\" height=\"157\" srcset=\"https:\/\/www.cronicasliterarias.es\/wp-content\/uploads\/2023\/07\/losbuenosveranos05-300x183.jpg 300w, https:\/\/www.cronicasliterarias.es\/wp-content\/uploads\/2023\/07\/losbuenosveranos05-1024x625.jpg 1024w, https:\/\/www.cronicasliterarias.es\/wp-content\/uploads\/2023\/07\/losbuenosveranos05-768x469.jpg 768w, https:\/\/www.cronicasliterarias.es\/wp-content\/uploads\/2023\/07\/losbuenosveranos05.jpg 1161w\" sizes=\"auto, (max-width: 257px) 100vw, 257px\" \/>seguramente cuando empieces a leer alguna de las historias: \u201cSeguro que me lo paso muy bien ley\u00e9ndolo\u201d. Eso si, insisto, vas a recordar con nostalgia vacaciones pasadas y vas a esperar y coger con ganas las pr\u00f3ximas.<\/p>\n<p align=\"JUSTIFY\">Joyita para este verano de 2023.<\/p>\n","protected":false},"excerpt":{"rendered":"<p>Un integral de los buenos es lo que de vez en cuando se marca Norma Editorial. Al igual que hicieran con aquella maravilla que fue el integral de Blacksad (https:\/\/www.normaeditorial.com\/ficha\/comic-europeo\/blacksad\/blacksad\/blacksad-integral-ed-en-castellano), m\u00e1s c\u00f3mic europeo del bueno. Aunque es cierto que de vez en cuando tambi\u00e9n lo hacen con c\u00f3mic americano, esta vez vuelven a la carga [&hellip;]<\/p>\n","protected":false},"author":4,"featured_media":0,"comment_status":"closed","ping_status":"closed","sticky":false,"template":"","format":"standard","meta":{"footnotes":""},"categories":[53,44,74,30,6],"tags":[365,358,11,22,10],"class_list":["post-13783","post","type-post","status-publish","format-standard","hentry","category-bd","category-comic-europeo","category-integral","category-norma-editorial","category-resenas","tag-comic-del-ano-2023","tag-comic-europeo-2023","tag-j-j-castillo","tag-norma-editorial","tag-resenas"],"_links":{"self":[{"href":"https:\/\/www.cronicasliterarias.es\/index.php?rest_route=\/wp\/v2\/posts\/13783","targetHints":{"allow":["GET"]}}],"collection":[{"href":"https:\/\/www.cronicasliterarias.es\/index.php?rest_route=\/wp\/v2\/posts"}],"about":[{"href":"https:\/\/www.cronicasliterarias.es\/index.php?rest_route=\/wp\/v2\/types\/post"}],"author":[{"embeddable":true,"href":"https:\/\/www.cronicasliterarias.es\/index.php?rest_route=\/wp\/v2\/users\/4"}],"replies":[{"embeddable":true,"href":"https:\/\/www.cronicasliterarias.es\/index.php?rest_route=%2Fwp%2Fv2%2Fcomments&post=13783"}],"version-history":[{"count":6,"href":"https:\/\/www.cronicasliterarias.es\/index.php?rest_route=\/wp\/v2\/posts\/13783\/revisions"}],"predecessor-version":[{"id":13794,"href":"https:\/\/www.cronicasliterarias.es\/index.php?rest_route=\/wp\/v2\/posts\/13783\/revisions\/13794"}],"wp:attachment":[{"href":"https:\/\/www.cronicasliterarias.es\/index.php?rest_route=%2Fwp%2Fv2%2Fmedia&parent=13783"}],"wp:term":[{"taxonomy":"category","embeddable":true,"href":"https:\/\/www.cronicasliterarias.es\/index.php?rest_route=%2Fwp%2Fv2%2Fcategories&post=13783"},{"taxonomy":"post_tag","embeddable":true,"href":"https:\/\/www.cronicasliterarias.es\/index.php?rest_route=%2Fwp%2Fv2%2Ftags&post=13783"}],"curies":[{"name":"wp","href":"https:\/\/api.w.org\/{rel}","templated":true}]}}