{"id":14087,"date":"2023-08-27T00:04:00","date_gmt":"2023-08-27T00:04:00","guid":{"rendered":"https:\/\/www.cronicasliterarias.es\/?p=14087"},"modified":"2023-08-27T10:40:18","modified_gmt":"2023-08-27T10:40:18","slug":"resena-el-fantasma-dentro-de-ti-de-sean-phillips-y-ed-brubaker","status":"publish","type":"post","link":"https:\/\/www.cronicasliterarias.es\/?p=14087","title":{"rendered":"Rese\u00f1a: El Fantasma Dentro de Ti, de Sean Phillips y Ed Brubaker"},"content":{"rendered":"<p align=\"JUSTIFY\"><img loading=\"lazy\" decoding=\"async\" class=\"alignright  wp-image-14089\" src=\"https:\/\/www.cronicasliterarias.es\/wp-content\/uploads\/2023\/08\/elfantasmadentrodeti-665x1024.jpg\" alt=\"\" width=\"233\" height=\"359\" srcset=\"https:\/\/www.cronicasliterarias.es\/wp-content\/uploads\/2023\/08\/elfantasmadentrodeti-665x1024.jpg 665w, https:\/\/www.cronicasliterarias.es\/wp-content\/uploads\/2023\/08\/elfantasmadentrodeti-195x300.jpg 195w, https:\/\/www.cronicasliterarias.es\/wp-content\/uploads\/2023\/08\/elfantasmadentrodeti.jpg 698w\" sizes=\"auto, (max-width: 233px) 100vw, 233px\" \/>Raz\u00f3n no le falta al gran Kareem Abdul-Jabbar cuando dice que leer <em>Reckless<\/em> o casi cualquier c\u00f3mic de g\u00e9nero negro en el que est\u00e9n involucrados Sean Phillips y Ed Brubaker, te retrotrae en sensaciones a lo que siente uno\/a cuando lee por primera vez <em>El halc\u00f3n malt\u00e9s<\/em> o <em>El largo adi\u00f3s. <\/em>Grandes cl\u00e1sicos, de la mano de grandes maestros del g\u00e9nero negro. <em>El fantasma dentro de ti<\/em> corresponder\u00eda al cuatro volumen, misterio o caso dentro de la serie <em>Reckless.<\/em> Y si bien parece una ligera desviaci\u00f3n de la direcci\u00f3n central de la serie, si nos centramos, podremos comprobar que Anna asume aqu\u00ed un nivel de independencia importante y aunque parezca un interludio con una historia de esta chica para hacernos saber un poco m\u00e1s sobre ella, vamos a ver que es mucho m\u00e1s que eso.<\/p>\n<p align=\"JUSTIFY\">La historia comienza con Anna dando tumbos por una casa a oscuras, con lo que parece una pu\u00f1alada en un costado, hasta que cae desmayada (o muerta) en el hall de una casa; escena que recuerda bastante a como empezaban las pelis de cr\u00edmenes en los a\u00f1os 50. Pero la ambientaci\u00f3n principal nos lleva a 1989, a una sala de cine antigua, por lo que aqu\u00ed hay al menos dos o tres capas de nostalgia para muchos de <img loading=\"lazy\" decoding=\"async\" class=\"alignleft  wp-image-14090\" src=\"https:\/\/www.cronicasliterarias.es\/wp-content\/uploads\/2023\/08\/elfantasmadentrodeti01-221x300.jpg\" alt=\"\" width=\"137\" height=\"186\" srcset=\"https:\/\/www.cronicasliterarias.es\/wp-content\/uploads\/2023\/08\/elfantasmadentrodeti01-221x300.jpg 221w, https:\/\/www.cronicasliterarias.es\/wp-content\/uploads\/2023\/08\/elfantasmadentrodeti01.jpg 470w\" sizes=\"auto, (max-width: 137px) 100vw, 137px\" \/>nosotros (siempre un placer). Entonces Lorna Valentine, la ex-Evillina del mundo del cine, entra en escena (Ethan estar\u00e1 totalmente ausente durante el 95% de la historia, por si no lo hab\u00e9is pillado a\u00fan). Y Anna toma las riendas: Lorna quiere saber si su nueva casa, la Mansi\u00f3n Lamour, est\u00e1 embrujada. Anna era muy fan del personaje de Evillina en la televisi\u00f3n, as\u00ed que, claro, ella toma el caso, a\u00fan sabiendo de la fama de los asesinatos que hubo en esa mansi\u00f3n ubicada en Hollywood Hills. Y conoce la leyenda. Cuentan que la Mansi\u00f3n Lamour alguna vez fue propiedad de una estrella de cine, cuya esposa fue asesinada all\u00ed y que \u00e9l mismo muri\u00f3 poco despu\u00e9s. Cuando vas y te enteras que la estrella de cine odiaba a los bancos (como debe de ser), es posible que escondiera en su d\u00eda su enorme fortuna entre las paredes. As\u00ed que muchos piensan: \u00a1Vayamos all\u00ed durante la noche y veamos si podemos encontrar pasta! Pero Anna es precavida y decide consultar a Madame Marlena, una ps\u00edquica, que hace sesiones de espiritismo y tarot. Y oh, s\u00ed, cuando descubrimos qui\u00e9n est\u00e1 detr\u00e1s de lo que sucede en la casa, nos enteramos de todas-todas de lo sucedido en <img loading=\"lazy\" decoding=\"async\" class=\"alignright  wp-image-14091\" src=\"https:\/\/www.cronicasliterarias.es\/wp-content\/uploads\/2023\/08\/elfantasmadentrodeti04-300x181.jpg\" alt=\"\" width=\"249\" height=\"150\" srcset=\"https:\/\/www.cronicasliterarias.es\/wp-content\/uploads\/2023\/08\/elfantasmadentrodeti04-300x181.jpg 300w, https:\/\/www.cronicasliterarias.es\/wp-content\/uploads\/2023\/08\/elfantasmadentrodeti04.jpg 737w\" sizes=\"auto, (max-width: 249px) 100vw, 249px\" \/>la escena donde apu\u00f1alan a Anna. Y Ethan regresar\u00e1 para ayudar a cerrar el caso&#8230;<\/p>\n<p align=\"JUSTIFY\">Un misterio que con cada paso se aclarar\u00e1, como le gusta al p\u00fablico en general. Una buen\u00edsima historia de pulp noir como solo este t\u00e1ndem sabe hacer. De las que s\u00e9 que cantidad de lectores de buen c\u00f3mic no se van a perder. Los ya considerados maestros del g\u00e9nero negro del noveno arte, aportan otro caso, otro \u00e9xito en mi opini\u00f3n, que se puede a\u00f1adir a una buena c\u00f3micteca junto a <em>Criminal, Kill or be Killed, Pulp<\/em> y obviamente junto a los anteriores n\u00fameros de <em>Reckless (<a href=\"https:\/\/www.cronicasliterarias.es\/?p=8835\">https:\/\/www.cronicasliterarias.es\/?p=8835<\/a>)<\/em>. Percib\u00ed que nos quieren presentar a una Anna muy del estilo de se\u00f1orita \u201cmoneypenny\u201d con gafas que va de menos a m\u00e1s, o incluso una versi\u00f3n paralela de una joven Velvet&#8230; pero creo que la intenci\u00f3n iba por otros derroteros. Anna se parece m\u00e1s a Enid Coleslaw en <em>Ghost World<\/em>, de Daniel Clowes (\u00a1El fantasma&#8230;! \u00a1Bingo, te pill\u00e9 Brubaker!); c\u00f3mic que public\u00f3 en nuestro pa\u00eds Ediciones La C\u00fapula y fue llevado al cine.<\/p>\n<p align=\"JUSTIFY\">Pero lo que est\u00e1 claro es que <em>El fantasma <img loading=\"lazy\" decoding=\"async\" class=\"alignleft  wp-image-14092\" src=\"https:\/\/www.cronicasliterarias.es\/wp-content\/uploads\/2023\/08\/elfantasmadentrodeti03-300x264.jpg\" alt=\"\" width=\"172\" height=\"151\" srcset=\"https:\/\/www.cronicasliterarias.es\/wp-content\/uploads\/2023\/08\/elfantasmadentrodeti03-300x264.jpg 300w, https:\/\/www.cronicasliterarias.es\/wp-content\/uploads\/2023\/08\/elfantasmadentrodeti03.jpg 383w\" sizes=\"auto, (max-width: 172px) 100vw, 172px\" \/>dentro de ti<\/em> vuelve a pisar el territorio de otro cl\u00e1sico de Hollywood de Brubaker-Phillips como fue <em>The Fade Out (<a href=\"https:\/\/www.cronicasliterarias.es\/?p=2213\">https:\/\/www.cronicasliterarias.es\/?p=2213<\/a>)<\/em>. Es decir, m\u00e1s crema sobre un delicioso pastel. Muy agradecidos por que estos t\u00edtulos lleguen a nuestro idioma, la verdad.<\/p>\n","protected":false},"excerpt":{"rendered":"<p>Raz\u00f3n no le falta al gran Kareem Abdul-Jabbar cuando dice que leer Reckless o casi cualquier c\u00f3mic de g\u00e9nero negro en el que est\u00e9n involucrados Sean Phillips y Ed Brubaker, te retrotrae en sensaciones a lo que siente uno\/a cuando lee por primera vez El halc\u00f3n malt\u00e9s o El largo adi\u00f3s. Grandes cl\u00e1sicos, de la [&hellip;]<\/p>\n","protected":false},"author":4,"featured_media":0,"comment_status":"closed","ping_status":"closed","sticky":false,"template":"","format":"standard","meta":{"footnotes":""},"categories":[49,37,28,6],"tags":[148,11,21,10,391],"class_list":["post-14087","post","type-post","status-publish","format-standard","hentry","category-comics","category-novela-negra","category-panini-comics","category-resenas","tag-evolution-comics","tag-j-j-castillo","tag-panini-comics","tag-resenas","tag-saga-brubaker-phillips"],"_links":{"self":[{"href":"https:\/\/www.cronicasliterarias.es\/index.php?rest_route=\/wp\/v2\/posts\/14087","targetHints":{"allow":["GET"]}}],"collection":[{"href":"https:\/\/www.cronicasliterarias.es\/index.php?rest_route=\/wp\/v2\/posts"}],"about":[{"href":"https:\/\/www.cronicasliterarias.es\/index.php?rest_route=\/wp\/v2\/types\/post"}],"author":[{"embeddable":true,"href":"https:\/\/www.cronicasliterarias.es\/index.php?rest_route=\/wp\/v2\/users\/4"}],"replies":[{"embeddable":true,"href":"https:\/\/www.cronicasliterarias.es\/index.php?rest_route=%2Fwp%2Fv2%2Fcomments&post=14087"}],"version-history":[{"count":4,"href":"https:\/\/www.cronicasliterarias.es\/index.php?rest_route=\/wp\/v2\/posts\/14087\/revisions"}],"predecessor-version":[{"id":14096,"href":"https:\/\/www.cronicasliterarias.es\/index.php?rest_route=\/wp\/v2\/posts\/14087\/revisions\/14096"}],"wp:attachment":[{"href":"https:\/\/www.cronicasliterarias.es\/index.php?rest_route=%2Fwp%2Fv2%2Fmedia&parent=14087"}],"wp:term":[{"taxonomy":"category","embeddable":true,"href":"https:\/\/www.cronicasliterarias.es\/index.php?rest_route=%2Fwp%2Fv2%2Fcategories&post=14087"},{"taxonomy":"post_tag","embeddable":true,"href":"https:\/\/www.cronicasliterarias.es\/index.php?rest_route=%2Fwp%2Fv2%2Ftags&post=14087"}],"curies":[{"name":"wp","href":"https:\/\/api.w.org\/{rel}","templated":true}]}}