{"id":14517,"date":"2023-10-20T00:05:00","date_gmt":"2023-10-20T00:05:00","guid":{"rendered":"https:\/\/www.cronicasliterarias.es\/?p=14517"},"modified":"2023-10-20T08:45:01","modified_gmt":"2023-10-20T08:45:01","slug":"resena-kroma-de-lorenzo-de-felici-y-vvaa","status":"publish","type":"post","link":"https:\/\/www.cronicasliterarias.es\/?p=14517","title":{"rendered":"Rese\u00f1a: Kroma, de Lorenzo de Felici y VVAA"},"content":{"rendered":"<p align=\"JUSTIFY\"><img loading=\"lazy\" decoding=\"async\" class=\"alignleft  wp-image-14519\" src=\"https:\/\/www.cronicasliterarias.es\/wp-content\/uploads\/2023\/10\/kroma.jpg\" alt=\"\" width=\"189\" height=\"292\" srcset=\"https:\/\/www.cronicasliterarias.es\/wp-content\/uploads\/2023\/10\/kroma.jpg 480w, https:\/\/www.cronicasliterarias.es\/wp-content\/uploads\/2023\/10\/kroma-194x300.jpg 194w\" sizes=\"auto, (max-width: 189px) 100vw, 189px\" \/>Kroma es una miniserie de Image Comics de cuatro numeritos que ECC Ediciones ha publicado en nuestro pa\u00eds recopilada en un solo tomo. \u00bfEl autor? El escritor, creador y artista Lorenzo De Felici que con la ayuda de la dise\u00f1adora Jillian Crab y el rotulista Rus Wooton crean una historia que trata sobre el color, no s\u00f3lo tem\u00e1ticamente, sino literalmente. De hecho, la trama comienza en una fortaleza de color blanco y negro conocida como Ciudad P\u00e1lida, una tierra que carece de color, aislada de una naturaleza exuberante, brillante pero salvaje. Se juega bastante con este tema. A todos los que residen en Ciudad P\u00e1lida se les ense\u00f1a a temer el color y a rechazar todo color sin importar el coste. El color es el enemigo del Makavi y, por tanto, es el enemigo del pueblo. A pesar de esto, un hu\u00e9rfano llamado Zet viene de visita en secreto y todo apunta que quiere liberar a Kroma&#8230;<\/p>\n<p align=\"JUSTIFY\">Cuando Zet era ni\u00f1o, un p\u00e1jaro cay\u00f3 del cielo desde Ciudad P\u00e1lida y \u00e9l lo encontr\u00f3. Sabiendo que abrazar el color era un delito punible, su madre asumi\u00f3 la culpa por \u00e9l y fue exiliada. En los bosques a las afueras de la ciudad, enormes lagartos cuyo comportamiento se basan <img loading=\"lazy\" decoding=\"async\" class=\"alignright  wp-image-14520\" src=\"https:\/\/www.cronicasliterarias.es\/wp-content\/uploads\/2023\/10\/kroma04-121x300.jpg\" alt=\"\" width=\"89\" height=\"221\" srcset=\"https:\/\/www.cronicasliterarias.es\/wp-content\/uploads\/2023\/10\/kroma04-121x300.jpg 121w, https:\/\/www.cronicasliterarias.es\/wp-content\/uploads\/2023\/10\/kroma04.jpg 290w\" sizes=\"auto, (max-width: 89px) 100vw, 89px\" \/>en los colores; tanto en t\u00e9rminos de visi\u00f3n como de comunicaci\u00f3n entre especies; se cree que estas bestias masacraron a toda la humanidad fuera de Ciudad P\u00e1lida hace mucho tiempo. Seg\u00fan la leyenda, hay un Rey de los Colores sentado en lo alto de un trono de cristal en el cielo. Era un dios benevolente que bendec\u00eda a la humanidad y a todas las criaturas de la tierra con su abundante arco iris. Pero la humanidad se volvi\u00f3 arrogante y, en su locura, cre\u00f3 otro color. Esto ofendi\u00f3 profundamente al Rey de los Colores, quien desat\u00f3 a los gigantescos lagartos de colores devoradores de hombres en su ira. Es importante saber esto antes de ponerse con la trama de<em> Kroma<\/em>. Se disfruta m\u00e1s la historias sabiendo que tenemos que encontrarnos con el Rey de los Colores y no sabemos si esta leyenda es cierta o es un mito dise\u00f1ado para controlar al pueblo. Makavi es el l\u00edder, el principal antagonista del c\u00f3mic. Es un l\u00edder parecido al de una secta, que dirige un consejo y da \u00f3rdenes a los ciudadanos. Un canciller. Por orden suya se llev\u00f3 a cabo una caza ritual. Y al hijo del Rey de los Colores, conocido como Kroma, lo tiene capturado.<\/p>\n<p align=\"JUSTIFY\">Un c\u00f3mic, una historia, con cantidad de detalles y no solo ilustrativos. La trama va descubriendo cosas nuevas, nuevos giros con el paso de las p\u00e1ginas.<\/p>\n<p style=\"text-align: center;\" align=\"JUSTIFY\"><img loading=\"lazy\" decoding=\"async\" class=\"aligncenter  wp-image-14521\" src=\"https:\/\/www.cronicasliterarias.es\/wp-content\/uploads\/2023\/10\/kroma03.jpg\" alt=\"\" width=\"334\" height=\"137\" srcset=\"https:\/\/www.cronicasliterarias.es\/wp-content\/uploads\/2023\/10\/kroma03.jpg 917w, https:\/\/www.cronicasliterarias.es\/wp-content\/uploads\/2023\/10\/kroma03-300x123.jpg 300w, https:\/\/www.cronicasliterarias.es\/wp-content\/uploads\/2023\/10\/kroma03-768x316.jpg 768w\" sizes=\"auto, (max-width: 334px) 100vw, 334px\" \/><\/p>\n<p align=\"JUSTIFY\">La saga de <em>Kroma<\/em> es un viaje extenso y de alto riesgo a otro mundo, un mundo mucho m\u00e1s cautivador est\u00e9ticamente que un c\u00f3mic promedio. Es Fantas\u00eda pura y dura, fantas\u00eda de la buena, de la que \u201ctraslada\u201d. Aporta las mismas sensaciones que uno tiene cuando lee <em>La Historia Interminable<\/em> por primera vez. Es puro deleite.<\/p>\n<p align=\"JUSTIFY\"><em>Kroma<\/em> es un c\u00f3mic que en USA goz\u00f3 de una critica sobresaliente. Debido a las ilustraciones y el dise\u00f1o de colores gloriosamente v\u00edvidos, la emocionante exploraci\u00f3n de un nuevo y audaz mundo de fantas\u00eda y los di\u00e1logos cautivadores, <em>Kroma<\/em> es una de las mejores <img loading=\"lazy\" decoding=\"async\" class=\"alignleft  wp-image-14522\" src=\"https:\/\/www.cronicasliterarias.es\/wp-content\/uploads\/2023\/10\/kroma02-195x300.jpg\" alt=\"\" width=\"118\" height=\"182\" srcset=\"https:\/\/www.cronicasliterarias.es\/wp-content\/uploads\/2023\/10\/kroma02-195x300.jpg 195w, https:\/\/www.cronicasliterarias.es\/wp-content\/uploads\/2023\/10\/kroma02-666x1024.jpg 666w, https:\/\/www.cronicasliterarias.es\/wp-content\/uploads\/2023\/10\/kroma02.jpg 700w\" sizes=\"auto, (max-width: 118px) 100vw, 118px\" \/>recomendaciones de lectura fant\u00e1stica que se pueden hacer en este momento. Y no solo de c\u00f3mic. Es una de las mejores historias que se pueden leer actualmente y la tenemos en Novedades. El guionista y dibujante Lorenzo De Felici da vida a una aventura \u00fanica con mucho-mucho trasfondo que invita a la reflexi\u00f3n.<\/p>\n<p align=\"JUSTIFY\">Impactante.<\/p>\n","protected":false},"excerpt":{"rendered":"<p>Kroma es una miniserie de Image Comics de cuatro numeritos que ECC Ediciones ha publicado en nuestro pa\u00eds recopilada en un solo tomo. \u00bfEl autor? El escritor, creador y artista Lorenzo De Felici que con la ayuda de la dise\u00f1adora Jillian Crab y el rotulista Rus Wooton crean una historia que trata sobre el color, [&hellip;]<\/p>\n","protected":false},"author":4,"featured_media":0,"comment_status":"closed","ping_status":"closed","sticky":false,"template":"","format":"standard","meta":{"footnotes":""},"categories":[49,29,34,74,6],"tags":[223,11,10],"class_list":["post-14517","post","type-post","status-publish","format-standard","hentry","category-comics","category-ecc-ediciones","category-fantasia","category-integral","category-resenas","tag-ecc-ediciones-image","tag-j-j-castillo","tag-resenas"],"_links":{"self":[{"href":"https:\/\/www.cronicasliterarias.es\/index.php?rest_route=\/wp\/v2\/posts\/14517","targetHints":{"allow":["GET"]}}],"collection":[{"href":"https:\/\/www.cronicasliterarias.es\/index.php?rest_route=\/wp\/v2\/posts"}],"about":[{"href":"https:\/\/www.cronicasliterarias.es\/index.php?rest_route=\/wp\/v2\/types\/post"}],"author":[{"embeddable":true,"href":"https:\/\/www.cronicasliterarias.es\/index.php?rest_route=\/wp\/v2\/users\/4"}],"replies":[{"embeddable":true,"href":"https:\/\/www.cronicasliterarias.es\/index.php?rest_route=%2Fwp%2Fv2%2Fcomments&post=14517"}],"version-history":[{"count":4,"href":"https:\/\/www.cronicasliterarias.es\/index.php?rest_route=\/wp\/v2\/posts\/14517\/revisions"}],"predecessor-version":[{"id":14526,"href":"https:\/\/www.cronicasliterarias.es\/index.php?rest_route=\/wp\/v2\/posts\/14517\/revisions\/14526"}],"wp:attachment":[{"href":"https:\/\/www.cronicasliterarias.es\/index.php?rest_route=%2Fwp%2Fv2%2Fmedia&parent=14517"}],"wp:term":[{"taxonomy":"category","embeddable":true,"href":"https:\/\/www.cronicasliterarias.es\/index.php?rest_route=%2Fwp%2Fv2%2Fcategories&post=14517"},{"taxonomy":"post_tag","embeddable":true,"href":"https:\/\/www.cronicasliterarias.es\/index.php?rest_route=%2Fwp%2Fv2%2Ftags&post=14517"}],"curies":[{"name":"wp","href":"https:\/\/api.w.org\/{rel}","templated":true}]}}