{"id":14591,"date":"2023-10-27T00:05:00","date_gmt":"2023-10-27T00:05:00","guid":{"rendered":"https:\/\/www.cronicasliterarias.es\/?p=14591"},"modified":"2023-10-28T10:01:26","modified_gmt":"2023-10-28T10:01:26","slug":"resena-un-avion-sin-ella-de-michel-bussi-fred-duval-y-pinheiro","status":"publish","type":"post","link":"https:\/\/www.cronicasliterarias.es\/?p=14591","title":{"rendered":"Rese\u00f1a: Un Avi\u00f3n Sin Ella, de Michel Bussi, Fred Duval y Pinheiro"},"content":{"rendered":"<p align=\"JUSTIFY\"><img loading=\"lazy\" decoding=\"async\" class=\"alignleft  wp-image-14593\" src=\"https:\/\/www.cronicasliterarias.es\/wp-content\/uploads\/2023\/10\/unavionsinella.jpg\" alt=\"\" width=\"231\" height=\"308\" srcset=\"https:\/\/www.cronicasliterarias.es\/wp-content\/uploads\/2023\/10\/unavionsinella.jpg 648w, https:\/\/www.cronicasliterarias.es\/wp-content\/uploads\/2023\/10\/unavionsinella-225x300.jpg 225w\" sizes=\"auto, (max-width: 231px) 100vw, 231px\" \/>Basada en la novela de Michel Bussi, pero un thriller que con el presupuesto adecuado podr\u00eda ser un buen thriller de Hollywood. Es la buenos t\u00edpica trama que con un buen director y unos buenos actores, saldr\u00eda algo incre\u00edble. Los que leemos c\u00f3mic europeo sabemos que esto ocurre de forma frecuente, los niveles de guion y dibujo son muy altos, y bueno, ya sabemos de la escasez de ideas que hay en el cine desde hace unos a\u00f1os.\u00a0Por otro lado, la mezcla de las artes no tiene por qu\u00e9 ser algo malo. Como veis, no hay ning\u00fan reparo en la BD a la hora de coger novelas de autores y trasladarlas al c\u00f3mic; cosa que no se ve hace por otros lares. <em>Un avi\u00f3n sin ella<\/em> es suspense de cabo a rabo y si en formato c\u00f3mic llega a m\u00e1s lectores pues mucho mejor.<\/p>\n<p align=\"JUSTIFY\">Fue dif\u00edcil no ceder a mi curiosidad cuando me enter\u00e9 de que iba la historia, sin embargo, cuando empec\u00e9 a leer este buen volumen en tapa dura que Norma Editorial trajo hace poco a nuestro pa\u00eds, la forma en que me lo contaron lo que me sedujo. Fred Duval adapta brillantemente la novela de Bussi. En lo que respecta al c\u00f3mic, en ning\u00fan momento sent\u00ed ninguna interrupci\u00f3n o problemas de ritmo. La historia imaginada por Michel Bussi y guionizada por Duval nos lleva a saber que en la noche del 23 de diciembre de 1980, un avi\u00f3n <img loading=\"lazy\" decoding=\"async\" class=\"alignright  wp-image-14595\" src=\"https:\/\/www.cronicasliterarias.es\/wp-content\/uploads\/2023\/10\/unavionsinella01-300x224.jpg\" alt=\"\" width=\"180\" height=\"134\" srcset=\"https:\/\/www.cronicasliterarias.es\/wp-content\/uploads\/2023\/10\/unavionsinella01-300x224.jpg 300w, https:\/\/www.cronicasliterarias.es\/wp-content\/uploads\/2023\/10\/unavionsinella01.jpg 767w\" sizes=\"auto, (max-width: 180px) 100vw, 180px\" \/>de la Turkish Airlines se estrell\u00f3 en el macizo del Jura. Un accidente en el que una ni\u00f1a de tan solo tres sobrevive. No obstante, la identidad de la peque\u00f1a nunca se conoce porque hab\u00eda dos beb\u00e9s a bordo del avi\u00f3n y nadie puede identificarlos. As\u00ed comienza una larga intriga que enfrenta a dos familias de distinta clase y que culminar\u00e1 de forma sorprendente cuando la ni\u00f1a cumpla la mayor\u00eda de edad. Por lo que nos metemos en vereda a finales de 1998, el mismo d\u00eda del cumplea\u00f1os de Lylie donde la historia alterna entre presente y pasado con las diferentes etapas cronol\u00f3gicas de la investigaci\u00f3n del inspector <span lang=\"es-ES\">Cr\u00e9dule el cual debe entregar a las familias las conclusiones de su investigaci\u00f3n sobre la identidad de esta joven ahora que es mayor de edad.<\/span><\/p>\n<p align=\"JUSTIFY\"><span lang=\"es-ES\">A<\/span>travesando las monta\u00f1as del Jura o las playas de Dieppe, as\u00ed como algunos acontecimientos hist\u00f3ricos como la llegada de Mitterrand al poder en mayo del 81 o los cuartos de final del Mundial de f\u00fatbol Francia-Brasil en junio de 1986, pista tras pista, tenemos giros de guion magn\u00edficos y el tema detectivesco avanzando de un modo muy chulo. Te mantiene en suspense hasta la revelaci\u00f3n final, muy al estilo del film <em>Gone Girl (Perdida)<\/em> que, por cierto, tambi\u00e9n fue una magn\u00edfica novela.<\/p>\n<p align=\"JUSTIFY\"><img loading=\"lazy\" decoding=\"async\" class=\"alignleft  wp-image-14597\" src=\"https:\/\/www.cronicasliterarias.es\/wp-content\/uploads\/2023\/10\/unavionsinella03-300x183.jpg\" alt=\"\" width=\"195\" height=\"119\" srcset=\"https:\/\/www.cronicasliterarias.es\/wp-content\/uploads\/2023\/10\/unavionsinella03-300x183.jpg 300w, https:\/\/www.cronicasliterarias.es\/wp-content\/uploads\/2023\/10\/unavionsinella03-768x470.jpg 768w, https:\/\/www.cronicasliterarias.es\/wp-content\/uploads\/2023\/10\/unavionsinella03.jpg 790w\" sizes=\"auto, (max-width: 195px) 100vw, 195px\" \/>Ese tono de thriller, ese tono de intriga que durante la lectura te mantiene en vilo queriendo saber m\u00e1s y m\u00e1s cuanto antes. Y todo bajo el hechizo de la belleza gr\u00e1fica con los magn\u00edficos colores de los personajes y escenarios del joven y talentoso autor brasile\u00f1o Nicola\u00ef Pinheiro. Fue un placer encontrarme con este ilustrador de nuevo, cuyos trazos ya me sedujeron en <em>La dr\u00f4le de vie de Bibow Bradley<\/em>, con un dibujo que aunque acad\u00e9mico, sigue en sinton\u00eda con la historia y es bastante agradable a la vista. Evidentemente, la rica paleta de colores y el encuadre tan cinematogr\u00e1fico tienen mucho que ver en ello.<\/p>\n<p align=\"JUSTIFY\">Duval, como ya hiciera en <em>Nen\u00fafares negros (<a href=\"https:\/\/www.normaeditorial.com\/ficha\/comic-europeo\/nenufares-negros\">https:\/\/www.normaeditorial.com\/ficha\/comic-europeo\/nenufares-negros<\/a>),<\/em> adapta una novela que como os dec\u00eda al principio es digna de los mejores thrillers que se pueden recomendar. Buen entretenimiento para el gran p\u00fablico, una trama que mezcla investigaci\u00f3n policial con ciertos toques de novela rom\u00e1ntica. Quiz\u00e1s los dos grandes g\u00e9neros que m\u00e1s atraen al gran p\u00fablico. La narraci\u00f3n es extremadamente fluida y es imposible dejar el c\u00f3mic sin leerlo hasta el final. Y si lo haces, estar\u00e1s casi todo el d\u00eda pensando en la historia.<\/p>\n<p align=\"JUSTIFY\"><img loading=\"lazy\" decoding=\"async\" class=\"alignright  wp-image-14596\" src=\"https:\/\/www.cronicasliterarias.es\/wp-content\/uploads\/2023\/10\/unavionsinella02-258x300.jpg\" alt=\"\" width=\"145\" height=\"169\" srcset=\"https:\/\/www.cronicasliterarias.es\/wp-content\/uploads\/2023\/10\/unavionsinella02-258x300.jpg 258w, https:\/\/www.cronicasliterarias.es\/wp-content\/uploads\/2023\/10\/unavionsinella02.jpg 438w\" sizes=\"auto, (max-width: 145px) 100vw, 145px\" \/>Pero si queremos ser realmente cr\u00edticos con este escenario, que utiliza de manera un tanto caricaturizada la oposici\u00f3n entre dos clases sociales muy diferentes (la parte obrera de Dieppe y los ricos malutos de la capital), tambi\u00e9n podr\u00edamos reprocharle que los giros de \u00faltima hora que se invierten se han vuelto muy caracter\u00edsticos del g\u00e9nero. A lo que los fans podr\u00e1n replicar que \u00e9ste es el principio mismo de un buen thriller, \u00bfno?<\/p>\n","protected":false},"excerpt":{"rendered":"<p>Basada en la novela de Michel Bussi, pero un thriller que con el presupuesto adecuado podr\u00eda ser un buen thriller de Hollywood. Es la buenos t\u00edpica trama que con un buen director y unos buenos actores, saldr\u00eda algo incre\u00edble. Los que leemos c\u00f3mic europeo sabemos que esto ocurre de forma frecuente, los niveles de guion [&hellip;]<\/p>\n","protected":false},"author":4,"featured_media":0,"comment_status":"closed","ping_status":"closed","sticky":false,"template":"","format":"standard","meta":{"footnotes":""},"categories":[53,44,30,6,46],"tags":[358,11,22,10],"class_list":["post-14591","post","type-post","status-publish","format-standard","hentry","category-bd","category-comic-europeo","category-norma-editorial","category-resenas","category-thriller","tag-comic-europeo-2023","tag-j-j-castillo","tag-norma-editorial","tag-resenas"],"_links":{"self":[{"href":"https:\/\/www.cronicasliterarias.es\/index.php?rest_route=\/wp\/v2\/posts\/14591","targetHints":{"allow":["GET"]}}],"collection":[{"href":"https:\/\/www.cronicasliterarias.es\/index.php?rest_route=\/wp\/v2\/posts"}],"about":[{"href":"https:\/\/www.cronicasliterarias.es\/index.php?rest_route=\/wp\/v2\/types\/post"}],"author":[{"embeddable":true,"href":"https:\/\/www.cronicasliterarias.es\/index.php?rest_route=\/wp\/v2\/users\/4"}],"replies":[{"embeddable":true,"href":"https:\/\/www.cronicasliterarias.es\/index.php?rest_route=%2Fwp%2Fv2%2Fcomments&post=14591"}],"version-history":[{"count":6,"href":"https:\/\/www.cronicasliterarias.es\/index.php?rest_route=\/wp\/v2\/posts\/14591\/revisions"}],"predecessor-version":[{"id":14602,"href":"https:\/\/www.cronicasliterarias.es\/index.php?rest_route=\/wp\/v2\/posts\/14591\/revisions\/14602"}],"wp:attachment":[{"href":"https:\/\/www.cronicasliterarias.es\/index.php?rest_route=%2Fwp%2Fv2%2Fmedia&parent=14591"}],"wp:term":[{"taxonomy":"category","embeddable":true,"href":"https:\/\/www.cronicasliterarias.es\/index.php?rest_route=%2Fwp%2Fv2%2Fcategories&post=14591"},{"taxonomy":"post_tag","embeddable":true,"href":"https:\/\/www.cronicasliterarias.es\/index.php?rest_route=%2Fwp%2Fv2%2Ftags&post=14591"}],"curies":[{"name":"wp","href":"https:\/\/api.w.org\/{rel}","templated":true}]}}