{"id":14676,"date":"2023-11-06T00:05:00","date_gmt":"2023-11-06T00:05:00","guid":{"rendered":"https:\/\/www.cronicasliterarias.es\/?p=14676"},"modified":"2023-11-06T10:18:20","modified_gmt":"2023-11-06T10:18:20","slug":"resena-daredevil-padre-de-joe-quesada","status":"publish","type":"post","link":"https:\/\/www.cronicasliterarias.es\/?p=14676","title":{"rendered":"Rese\u00f1a: Daredevil. Padre, de Joe Quesada"},"content":{"rendered":"<p align=\"JUSTIFY\"><img loading=\"lazy\" decoding=\"async\" class=\"alignleft  wp-image-14678\" src=\"https:\/\/www.cronicasliterarias.es\/wp-content\/uploads\/2023\/11\/daredevilpadre-678x1024.jpg\" alt=\"\" width=\"213\" height=\"321\" srcset=\"https:\/\/www.cronicasliterarias.es\/wp-content\/uploads\/2023\/11\/daredevilpadre-678x1024.jpg 678w, https:\/\/www.cronicasliterarias.es\/wp-content\/uploads\/2023\/11\/daredevilpadre-199x300.jpg 199w, https:\/\/www.cronicasliterarias.es\/wp-content\/uploads\/2023\/11\/daredevilpadre-768x1159.jpg 768w, https:\/\/www.cronicasliterarias.es\/wp-content\/uploads\/2023\/11\/daredevilpadre.jpg 795w\" sizes=\"auto, (max-width: 213px) 100vw, 213px\" \/>El arco argumental <em>Padre,<\/em> de Daredevil, ha sido una trama que me ha hecho redescubrir y volver al gusto por este superh\u00e9roe. Es una serie escrita y dibujada por Joe Quesada, y de hecho, se consider\u00f3 el c\u00f3mic con el que el maestro volv\u00eda al superh\u00e9roe que m\u00e1s alegr\u00edas le dio. Hay gente que la ubica en la lista de las mejores historias de <em>Daredevil<\/em> y pens\u00e9, bueno, algo habr\u00e1, porque la mism\u00edsima Panini C\u00f3mics la ha metido dentro de la genial colecci\u00f3n Must-Have, es decir, historias imprescindibles de tener\/leer.<\/p>\n<p align=\"JUSTIFY\">Mi conclusi\u00f3n al leerla fue una extra\u00f1a sensaci\u00f3n pero puedo corroborar que la trama me mantuvo tenso mucho tiempo al estilo de una buena peli de suspense. El peso del legado de sus padres es la inspiraci\u00f3n para esta inmersi\u00f3n en los or\u00edgenes de <em>Daredevil<\/em>. El recuerdo de su padre siempre ha pesado mucho en la mitolog\u00eda del personaje, pero en esta historia se destacan otros legados. La de un activista millonario que tambi\u00e9n funda un grupo de vigilantes para limpiar su barrio de criminalidad, tal y como hace Daredevil en La Cocina del Infierno. Este millonario mantiene p\u00fablicamente el legado positivo de su padre, asesinado violentamente por delincuentes, aunque sabe que el verdadero legado fue de corrupci\u00f3n. El cruce entre estos dos h\u00e9roes siempre ser\u00e1 amargo. Y Daredevil tendr\u00e1 que enfrentarse a un misterioso asesino en serie, que parece especializarse en matar y sacarle los ojos a antiguos clientes del bufete <img loading=\"lazy\" decoding=\"async\" class=\"alignright  wp-image-14679\" src=\"https:\/\/www.cronicasliterarias.es\/wp-content\/uploads\/2023\/11\/daredevilpadre02-195x300.jpg\" alt=\"\" width=\"100\" height=\"154\" srcset=\"https:\/\/www.cronicasliterarias.es\/wp-content\/uploads\/2023\/11\/daredevilpadre02-195x300.jpg 195w, https:\/\/www.cronicasliterarias.es\/wp-content\/uploads\/2023\/11\/daredevilpadre02-666x1024.jpg 666w, https:\/\/www.cronicasliterarias.es\/wp-content\/uploads\/2023\/11\/daredevilpadre02-768x1181.jpg 768w, https:\/\/www.cronicasliterarias.es\/wp-content\/uploads\/2023\/11\/daredevilpadre02.jpg 994w\" sizes=\"auto, (max-width: 100px) 100vw, 100px\" \/>de abogados de Matt Murdock.<\/p>\n<p align=\"JUSTIFY\">Al final, super\u00f3 mis expectativas. La trama est\u00e1 bien construida -a excepci\u00f3n de las citas de los Orix\u00e1s caribe\u00f1os que, para m\u00ed, son un poco locas-, y el dibujo es maravilloso. Por supuesto, a veces se repite el estilo de varias vi\u00f1etas con los recuerdos de Matt Murdock. Pero es importante recalcar que tienen su papel en la narrativa. Quesada juega con nuestras expectativas, y a pesar de presentar a un criminal que en cierto modo es f\u00e1cil de desarrollar, el cambio que hace al final de la miniserie es muy bueno y tambi\u00e9n le da un significado completamente nuevo a su origen.<\/p>\n<p align=\"JUSTIFY\">Obviamente, <em>Padre<\/em>, tiene que ver con los hechos ocurridos con el padre de Matt, Jack &#8216;Battler&#8217; Murdock. Y al romper todas estas expectativas, este c\u00f3mic se vuelve intensamente emocionante. Una variaci\u00f3n intrigante sobre los or\u00edgenes de un personaje notable. Pero lo mejor que tiene es que es una miniserie que funciona muy bien como lectura independiente, s\u00f3lo necesitas tener una peque\u00f1a idea de qui\u00e9n es el personaje para leerla, y por lo tanto, disfrutarla.<\/p>\n<p style=\"text-align: center;\" align=\"JUSTIFY\"><img loading=\"lazy\" decoding=\"async\" class=\"aligncenter  wp-image-14680\" src=\"https:\/\/www.cronicasliterarias.es\/wp-content\/uploads\/2023\/11\/daredevilpadre04-1024x276.jpg\" alt=\"\" width=\"401\" height=\"108\" srcset=\"https:\/\/www.cronicasliterarias.es\/wp-content\/uploads\/2023\/11\/daredevilpadre04-1024x276.jpg 1024w, https:\/\/www.cronicasliterarias.es\/wp-content\/uploads\/2023\/11\/daredevilpadre04-300x81.jpg 300w, https:\/\/www.cronicasliterarias.es\/wp-content\/uploads\/2023\/11\/daredevilpadre04-768x207.jpg 768w, https:\/\/www.cronicasliterarias.es\/wp-content\/uploads\/2023\/11\/daredevilpadre04-1536x415.jpg 1536w, https:\/\/www.cronicasliterarias.es\/wp-content\/uploads\/2023\/11\/daredevilpadre04.jpg 1686w\" sizes=\"auto, (max-width: 401px) 100vw, 401px\" \/><\/p>\n<p align=\"JUSTIFY\">Era una pena que esta miniserie llevara tanto tiempo sin estar disponible pero ahora&#8230; bueno, ya sab\u00e9is, est\u00e1 en la colecci\u00f3n de buenos-bonitos-y-baratos.<\/p>\n<p style=\"text-align: center;\" align=\"JUSTIFY\">\n","protected":false},"excerpt":{"rendered":"<p>El arco argumental Padre, de Daredevil, ha sido una trama que me ha hecho redescubrir y volver al gusto por este superh\u00e9roe. Es una serie escrita y dibujada por Joe Quesada, y de hecho, se consider\u00f3 el c\u00f3mic con el que el maestro volv\u00eda al superh\u00e9roe que m\u00e1s alegr\u00edas le dio. Hay gente que la [&hellip;]<\/p>\n","protected":false},"author":4,"featured_media":0,"comment_status":"closed","ping_status":"closed","sticky":false,"template":"","format":"standard","meta":{"footnotes":""},"categories":[49,382,28,6],"tags":[11,196,218,10],"class_list":["post-14676","post","type-post","status-publish","format-standard","hentry","category-comics","category-marvel","category-panini-comics","category-resenas","tag-j-j-castillo","tag-must-have","tag-panini-comics-marvel","tag-resenas"],"_links":{"self":[{"href":"https:\/\/www.cronicasliterarias.es\/index.php?rest_route=\/wp\/v2\/posts\/14676","targetHints":{"allow":["GET"]}}],"collection":[{"href":"https:\/\/www.cronicasliterarias.es\/index.php?rest_route=\/wp\/v2\/posts"}],"about":[{"href":"https:\/\/www.cronicasliterarias.es\/index.php?rest_route=\/wp\/v2\/types\/post"}],"author":[{"embeddable":true,"href":"https:\/\/www.cronicasliterarias.es\/index.php?rest_route=\/wp\/v2\/users\/4"}],"replies":[{"embeddable":true,"href":"https:\/\/www.cronicasliterarias.es\/index.php?rest_route=%2Fwp%2Fv2%2Fcomments&post=14676"}],"version-history":[{"count":4,"href":"https:\/\/www.cronicasliterarias.es\/index.php?rest_route=\/wp\/v2\/posts\/14676\/revisions"}],"predecessor-version":[{"id":14683,"href":"https:\/\/www.cronicasliterarias.es\/index.php?rest_route=\/wp\/v2\/posts\/14676\/revisions\/14683"}],"wp:attachment":[{"href":"https:\/\/www.cronicasliterarias.es\/index.php?rest_route=%2Fwp%2Fv2%2Fmedia&parent=14676"}],"wp:term":[{"taxonomy":"category","embeddable":true,"href":"https:\/\/www.cronicasliterarias.es\/index.php?rest_route=%2Fwp%2Fv2%2Fcategories&post=14676"},{"taxonomy":"post_tag","embeddable":true,"href":"https:\/\/www.cronicasliterarias.es\/index.php?rest_route=%2Fwp%2Fv2%2Ftags&post=14676"}],"curies":[{"name":"wp","href":"https:\/\/api.w.org\/{rel}","templated":true}]}}