{"id":15017,"date":"2023-12-12T00:05:00","date_gmt":"2023-12-12T00:05:00","guid":{"rendered":"https:\/\/www.cronicasliterarias.es\/?p=15017"},"modified":"2023-12-10T15:57:35","modified_gmt":"2023-12-10T15:57:35","slug":"resena-barbanegra-de-jean-yves-delitte-rev","status":"publish","type":"post","link":"https:\/\/www.cronicasliterarias.es\/?p=15017","title":{"rendered":"Rese\u00f1a: Barbanegra, de Jean-Yves Delitte"},"content":{"rendered":"<p align=\"JUSTIFY\"><img loading=\"lazy\" decoding=\"async\" class=\"alignright  wp-image-15019\" src=\"https:\/\/www.cronicasliterarias.es\/wp-content\/uploads\/2023\/12\/barbanegra.jpg\" alt=\"\" width=\"235\" height=\"321\" srcset=\"https:\/\/www.cronicasliterarias.es\/wp-content\/uploads\/2023\/12\/barbanegra.jpg 631w, https:\/\/www.cronicasliterarias.es\/wp-content\/uploads\/2023\/12\/barbanegra-219x300.jpg 219w\" sizes=\"auto, (max-width: 235px) 100vw, 235px\" \/>Jean-Yves Delitte, alias Stom, es escritor, dise\u00f1ador y colorista de c\u00f3mics. Arquitecto y dise\u00f1ador de formaci\u00f3n, dio sus primeros pasos en la revista <em>Tint\u00edn<\/em> en 1984. Pero, sobre todo, os hablo de este genial autor polifac\u00e9tico porque en el momento en que entra en vereda en 2006 en la primera historia de su famosa y prestigiosa serie de barcos&#8230;, ya es un no parar en este tema y mola ver como se especializa en la tem\u00e1tica mar\u00edtima. En 2009, volvi\u00f3 a publicar dos c\u00f3mics relacionados con su pasi\u00f3n por el mar y los viejos aparejos <em>(Hermione)<\/em>, que mezclaba h\u00e1bilmente hechos hist\u00f3ricos e imaginarios en el contexto de la guerra de Independencia de los Estados Americanos. Algo muy parecido a lo que ha hecho en <em>Barbanegra. <\/em>Autor y coordinador de la colecci\u00f3n <em>Grandes Batallas Navales<\/em>, \u00e1lbumes geniales que tambi\u00e9n nos est\u00e1 trayendo Norma Editorial, obritas que cuentan con la colaboraci\u00f3n del Museo Nacional de la Marina, una incre\u00edble y magn\u00edfica serie apoyada por la Academia de Ciencias del Mar y que recibi\u00f3 el Premio BD en 2019. Es m\u00e1s, de hecho, Jean-Yves Delitte es pintor oficial de la marina belga.<\/p>\n<p align=\"JUSTIFY\"><img loading=\"lazy\" decoding=\"async\" class=\"alignleft  wp-image-15020\" src=\"https:\/\/www.cronicasliterarias.es\/wp-content\/uploads\/2023\/12\/barbanegra01-300x250.jpg\" alt=\"\" width=\"169\" height=\"141\" srcset=\"https:\/\/www.cronicasliterarias.es\/wp-content\/uploads\/2023\/12\/barbanegra01-300x250.jpg 300w, https:\/\/www.cronicasliterarias.es\/wp-content\/uploads\/2023\/12\/barbanegra01-768x639.jpg 768w, https:\/\/www.cronicasliterarias.es\/wp-content\/uploads\/2023\/12\/barbanegra01.jpg 793w\" sizes=\"auto, (max-width: 169px) 100vw, 169px\" \/>En <em>Barbanegra<\/em>, Delitte se atreve con un personaje hist\u00f3rico y fant\u00e1stico. De renombre. El m\u00edtico pirata tantas veces nombrado, un personaje que el maestro autor de aventuras Daniel Defoe reconstruy\u00f3 en una genial biograf\u00eda a partir de los datos que recab\u00f3 del \u00fanico superviviente de su tripulaci\u00f3n.<\/p>\n<p align=\"JUSTIFY\">Fue en las primeras d\u00e9cadas del siglo XVIII cuando Defoe viaj\u00f3 de prisi\u00f3n en prisi\u00f3n para entrevistar a delincuentes marinos. A sus ojos, una fuente invaluable de informaci\u00f3n para sus escritos. En diciembre de 1721, en la humedad de las c\u00e1rceles londinenses de Marshalsea, un hombre proclama su inocencia al tiempo que afirma que s\u00ed, efectivamente se code\u00f3 con el infame Edward Teach, m\u00e1s conocido como Barbanegra. Pero fue v\u00edctima, no c\u00f3mplice, de uno de los piratas m\u00e1s terror\u00edficos de la historia. \u00bfY es esto cierto? Tendr\u00e9is que descubrirlo por vosotros mismos.<\/p>\n<p align=\"JUSTIFY\"><img loading=\"lazy\" decoding=\"async\" class=\"aligncenter  wp-image-15022\" src=\"https:\/\/www.cronicasliterarias.es\/wp-content\/uploads\/2023\/12\/barbanegra02-1024x198.jpg\" alt=\"\" width=\"443\" height=\"86\" srcset=\"https:\/\/www.cronicasliterarias.es\/wp-content\/uploads\/2023\/12\/barbanegra02-1024x198.jpg 1024w, https:\/\/www.cronicasliterarias.es\/wp-content\/uploads\/2023\/12\/barbanegra02-300x58.jpg 300w, https:\/\/www.cronicasliterarias.es\/wp-content\/uploads\/2023\/12\/barbanegra02-768x149.jpg 768w, https:\/\/www.cronicasliterarias.es\/wp-content\/uploads\/2023\/12\/barbanegra02-1536x297.jpg 1536w, https:\/\/www.cronicasliterarias.es\/wp-content\/uploads\/2023\/12\/barbanegra02.jpg 1561w\" sizes=\"auto, (max-width: 443px) 100vw, 443px\" \/><\/p>\n<p align=\"JUSTIFY\">Pens\u00e9 que har\u00eda un peque\u00f1o descubrimiento con este volumen y no me he equivocado. Es tremendamente absorbente lo que cuenta Jean-Yves Delitte. Y c\u00f3mo lo cuenta. En el guion, encontr\u00e9 la inspiraci\u00f3n que esperaba en una historia de piratas, de las que ya he dicho m\u00e1s de una vez que no me suelen gustar. Pero por las que lucho por encontrar siempre alguna molona. Por otro lado, tengo que decir que no es un \u00e1lbum por encontrarse por primera vez con Jean-Yves Delitte. Su estilo no es tan fino como en otros t\u00edtulos en los que impresiona f\u00e1cilmente. Me impresiona esto. Por que, especialmente, es un autor que ilustra maravillosamente bien. No s\u00e9 si es que aqu\u00ed intenta cambiar de tercio, probar cosas&#8230; no vi muy finos a los personajes (a veces, es un poco dif\u00edcil diferenciarlos). En el tema vestuario y especialmente en los barcos lo clava. Eso si. Ah\u00ed est\u00e1 claro que no iba a fallar. Sentimos su pasi\u00f3n por los aparejos <img loading=\"lazy\" decoding=\"async\" class=\"alignright  wp-image-15021\" src=\"https:\/\/www.cronicasliterarias.es\/wp-content\/uploads\/2023\/12\/barbanegra03-300x246.jpg\" alt=\"\" width=\"226\" height=\"185\" srcset=\"https:\/\/www.cronicasliterarias.es\/wp-content\/uploads\/2023\/12\/barbanegra03-300x246.jpg 300w, https:\/\/www.cronicasliterarias.es\/wp-content\/uploads\/2023\/12\/barbanegra03-1024x840.jpg 1024w, https:\/\/www.cronicasliterarias.es\/wp-content\/uploads\/2023\/12\/barbanegra03-768x630.jpg 768w, https:\/\/www.cronicasliterarias.es\/wp-content\/uploads\/2023\/12\/barbanegra03.jpg 1049w\" sizes=\"auto, (max-width: 226px) 100vw, 226px\" \/>antiguos, las p\u00e1ginas dobles est\u00e1n m\u00e1s que logradas&#8230;, y en cuanto a la historia, creo que es lo que mejor se lleva en esta serie que originalmente se public\u00f3 en dos \u00e1lbumes.<\/p>\n<p align=\"JUSTIFY\">Tiene \u00e9pica y extravagancia a partes iguales que creo que son dos pilares por los que se deben brindar siempre en un cuento de piratas.<\/p>\n","protected":false},"excerpt":{"rendered":"<p>Jean-Yves Delitte, alias Stom, es escritor, dise\u00f1ador y colorista de c\u00f3mics. Arquitecto y dise\u00f1ador de formaci\u00f3n, dio sus primeros pasos en la revista Tint\u00edn en 1984. Pero, sobre todo, os hablo de este genial autor polifac\u00e9tico porque en el momento en que entra en vereda en 2006 en la primera historia de su famosa y [&hellip;]<\/p>\n","protected":false},"author":4,"featured_media":0,"comment_status":"closed","ping_status":"closed","sticky":false,"template":"","format":"standard","meta":{"footnotes":""},"categories":[53,44,30,6],"tags":[358,11,22,250,10],"class_list":["post-15017","post","type-post","status-publish","format-standard","hentry","category-bd","category-comic-europeo","category-norma-editorial","category-resenas","tag-comic-europeo-2023","tag-j-j-castillo","tag-norma-editorial","tag-piratas","tag-resenas"],"_links":{"self":[{"href":"https:\/\/www.cronicasliterarias.es\/index.php?rest_route=\/wp\/v2\/posts\/15017","targetHints":{"allow":["GET"]}}],"collection":[{"href":"https:\/\/www.cronicasliterarias.es\/index.php?rest_route=\/wp\/v2\/posts"}],"about":[{"href":"https:\/\/www.cronicasliterarias.es\/index.php?rest_route=\/wp\/v2\/types\/post"}],"author":[{"embeddable":true,"href":"https:\/\/www.cronicasliterarias.es\/index.php?rest_route=\/wp\/v2\/users\/4"}],"replies":[{"embeddable":true,"href":"https:\/\/www.cronicasliterarias.es\/index.php?rest_route=%2Fwp%2Fv2%2Fcomments&post=15017"}],"version-history":[{"count":5,"href":"https:\/\/www.cronicasliterarias.es\/index.php?rest_route=\/wp\/v2\/posts\/15017\/revisions"}],"predecessor-version":[{"id":15027,"href":"https:\/\/www.cronicasliterarias.es\/index.php?rest_route=\/wp\/v2\/posts\/15017\/revisions\/15027"}],"wp:attachment":[{"href":"https:\/\/www.cronicasliterarias.es\/index.php?rest_route=%2Fwp%2Fv2%2Fmedia&parent=15017"}],"wp:term":[{"taxonomy":"category","embeddable":true,"href":"https:\/\/www.cronicasliterarias.es\/index.php?rest_route=%2Fwp%2Fv2%2Fcategories&post=15017"},{"taxonomy":"post_tag","embeddable":true,"href":"https:\/\/www.cronicasliterarias.es\/index.php?rest_route=%2Fwp%2Fv2%2Ftags&post=15017"}],"curies":[{"name":"wp","href":"https:\/\/api.w.org\/{rel}","templated":true}]}}