{"id":15195,"date":"2023-12-30T00:05:00","date_gmt":"2023-12-30T00:05:00","guid":{"rendered":"https:\/\/www.cronicasliterarias.es\/?p=15195"},"modified":"2023-12-28T16:30:44","modified_gmt":"2023-12-28T16:30:44","slug":"resena-e-p-jacobs-el-sonador-de-apocalipsis-de-francois-riviere-y-philippe-wurm-rev","status":"publish","type":"post","link":"https:\/\/www.cronicasliterarias.es\/?p=15195","title":{"rendered":"Rese\u00f1a: E.P. Jacobs. El So\u00f1ador de Apocalipsis, de Rivi\u00e8re y Wurm"},"content":{"rendered":"<p align=\"JUSTIFY\"><img loading=\"lazy\" decoding=\"async\" class=\"alignright  wp-image-15197\" src=\"https:\/\/www.cronicasliterarias.es\/wp-content\/uploads\/2023\/12\/edgar-p-jacobs00.jpg\" alt=\"\" width=\"210\" height=\"272\" srcset=\"https:\/\/www.cronicasliterarias.es\/wp-content\/uploads\/2023\/12\/edgar-p-jacobs00.jpg 661w, https:\/\/www.cronicasliterarias.es\/wp-content\/uploads\/2023\/12\/edgar-p-jacobs00-231x300.jpg 231w\" sizes=\"auto, (max-width: 210px) 100vw, 210px\" \/>No hay mucho que a\u00f1adir a lo que dijo MacKott. Una biograf\u00eda de Edgar P. Jacobs al estilo Edgar P. Jacobs ser\u00eda un gran \u00e9xito sin lugar a dudas. Todo esto es muy sencillo. Conozco algo de la vida de este maestro creador y siempre he pensado que menudo se ha pasado por alto su lado oscuro. Aparte de \u00abVan Melk\u00bb y una r\u00e1pida menci\u00f3n de los Funkens, se han olvidado ciertas alusiones que hizo en su vida. La ruptura con Herg\u00e9 ya hace bastante que se mencion\u00f3 y tambi\u00e9n se ha medio-olvidado el choque que tuvo con Martin, pero a los que hemos investigado su vida solo nos ha podido llegar informaci\u00f3n indirecta. Y ahora para entender bien estos \u00abdescuidos\u00bb, nos llega por parte de Norma Editorial una buena biograf\u00eda de este se\u00f1or en formato c\u00f3mic de la mano de Fran\u00e7ois Rivi\u00e8re y Philippe Wurm. Un trabajo sencillamente precioso, agradable de leer, un gran volumen que hay que tener si eres fan del c\u00f3mic europeo. Una biograf\u00eda de Jacobs que fue lanzada en 2021 y que llam\u00f3 r\u00e1pidamente la atenci\u00f3n de todos los grandes lectores de la BD. Sin embargo, este que est\u00e1 aqu\u00ed, prefiri\u00f3 esperar un poco, y los d\u00edas-meses-a\u00f1os pasaron y ahora que llega a nuestro idioma ni por asomo iba a dejarla pasar.<\/p>\n<p align=\"JUSTIFY\"><img loading=\"lazy\" decoding=\"async\" class=\"alignleft  wp-image-15198\" src=\"https:\/\/www.cronicasliterarias.es\/wp-content\/uploads\/2023\/12\/edgar-p-jacobs01-300x156.jpg\" alt=\"\" width=\"225\" height=\"117\" srcset=\"https:\/\/www.cronicasliterarias.es\/wp-content\/uploads\/2023\/12\/edgar-p-jacobs01-300x156.jpg 300w, https:\/\/www.cronicasliterarias.es\/wp-content\/uploads\/2023\/12\/edgar-p-jacobs01-768x401.jpg 768w, https:\/\/www.cronicasliterarias.es\/wp-content\/uploads\/2023\/12\/edgar-p-jacobs01.jpg 997w\" sizes=\"auto, (max-width: 225px) 100vw, 225px\" \/>Como indica su t\u00edtulo, este c\u00f3mic fue guionizado por Fran\u00e7ois Rivi\u00e8re, ya conocido por su trabajo sobre Jacobs. Relata la vida (a veces ligeramente reelaborada seg\u00fan los autores) del c\u00e9lebre creador de la famos\u00edsima <em>Blake &amp; Mortimer<\/em>. Por lo tanto, en el volumen seguiremos a lo largo de varios cap\u00edtulos, la vida de Jacobs desde principios de 1930 donde apuntaba alto su sue\u00f1o de convertirse en cantante de \u00f3pera (de ah\u00ed su apodo \u00abBar\u00edtono del noveno arte\u00bb) hasta su muerte en 1987.<\/p>\n<p align=\"JUSTIFY\">Siendo yo un apasionado de este autor y de su famosa serie <em>(<a href=\"https:\/\/www.cronicasliterarias.es\/?p=4321\">https:\/\/www.cronicasliterarias.es\/?p=4321<\/a>)<\/em>, debo decir que realmente no esperaba decepcionarme. Tambi\u00e9n puedo deciros que ya estaba encantado desde las primeras p\u00e1ginas. Es como darle chuches a un ni\u00f1o. Rara vez decepcionar\u00e1s. El dibujo es de una precisi\u00f3n y belleza impresionantes. Creo que el ilustrador Philippe Wurm quiso rendir homenaje al maestro inspir\u00e1ndose en esta minuciosidad que caracteriz\u00f3 a Jacobs, y lo consigui\u00f3. Desde el museo del cincuentenario hasta el mercado del barrio de Marolles, pasando por el Palacio Real suntuosamente dise\u00f1ado, recorreremos las mejores vistas.<\/p>\n<p align=\"JUSTIFY\"><img loading=\"lazy\" decoding=\"async\" class=\"alignright size-medium wp-image-15200\" src=\"https:\/\/www.cronicasliterarias.es\/wp-content\/uploads\/2023\/12\/edgar-p-jacobs02-300x128.jpg\" alt=\"\" width=\"300\" height=\"128\" srcset=\"https:\/\/www.cronicasliterarias.es\/wp-content\/uploads\/2023\/12\/edgar-p-jacobs02-300x128.jpg 300w, https:\/\/www.cronicasliterarias.es\/wp-content\/uploads\/2023\/12\/edgar-p-jacobs02.jpg 760w\" sizes=\"auto, (max-width: 300px) 100vw, 300px\" \/>Cuentan que el t\u00e1ndem de autores llevaba trabajando en la biograf\u00eda siete a\u00f1os. \u00a1Desde 2014! Quiz\u00e1s por eso apenas se siente rigidez en los personajes, de hecho, salen todos muy reconocibles. Nos encontraremos con Herg\u00e9, Franquin, Duch\u00e2teau, Martin, Van Melkebeke (un amigo de Jacobs que le ayud\u00f3 en casi todos sus escenarios), o incluso Leblanc, el director de ediciones lombardas. Toda una serie de personajes reales que tuvieron un papel importante en la vida de Jacobs y que son perfectamente identificables y dan buen pie a una buena lectura.<\/p>\n<p align=\"JUSTIFY\">Esta versi\u00f3n en color consta de tonos aterciopelados, reforzados por el uso de verde oscuro, gris, negro o beige. Las escenas nocturnas tienen especial \u00e9xito, sobre todo cuando los autores optan por retratar los miedos y pensamientos de Jacobs. Me mol\u00f3 que el dise\u00f1ador aportara sus propios comentarios en algunas p\u00e1ginas. Sin embargo, a trav\u00e9s de la lectura nos damos cuenta de que Jacobs tuvo una vida dif\u00edcil, en particular, debido a la censura de sus \u00e1lbumes, su divorcio o la muerte de su esposa. Estos datos resultan muy interesantes para comprender antes a la persona que a el personaje <img loading=\"lazy\" decoding=\"async\" class=\"alignleft  wp-image-15199\" src=\"https:\/\/www.cronicasliterarias.es\/wp-content\/uploads\/2023\/12\/edgar-p-jacobs-300x276.jpg\" alt=\"\" width=\"178\" height=\"164\" srcset=\"https:\/\/www.cronicasliterarias.es\/wp-content\/uploads\/2023\/12\/edgar-p-jacobs-300x276.jpg 300w, https:\/\/www.cronicasliterarias.es\/wp-content\/uploads\/2023\/12\/edgar-p-jacobs.jpg 360w\" sizes=\"auto, (max-width: 178px) 100vw, 178px\" \/>en el que se convirti\u00f3 el creador de geniales obras como <em>El rayo U <\/em>y <em>La flecha ardiente (<a href=\"https:\/\/www.cronicasliterarias.es\/?p=13856\">https:\/\/www.cronicasliterarias.es\/?p=13856<\/a>). <\/em>En definitiva, recomendable lectura para cualquier fan de Jacobs, que, nos guste o no, fue uno de los pilares del c\u00f3mic incluso mientras viv\u00eda. Algo raro y digno de estudio a d\u00eda de hoy.<\/p>\n","protected":false},"excerpt":{"rendered":"<p>No hay mucho que a\u00f1adir a lo que dijo MacKott. Una biograf\u00eda de Edgar P. Jacobs al estilo Edgar P. Jacobs ser\u00eda un gran \u00e9xito sin lugar a dudas. Todo esto es muy sencillo. Conozco algo de la vida de este maestro creador y siempre he pensado que menudo se ha pasado por alto su [&hellip;]<\/p>\n","protected":false},"author":4,"featured_media":0,"comment_status":"closed","ping_status":"closed","sticky":false,"template":"","format":"standard","meta":{"footnotes":""},"categories":[53,279,44,30,6],"tags":[358,11,22,10],"class_list":["post-15195","post","type-post","status-publish","format-standard","hentry","category-bd","category-biografia","category-comic-europeo","category-norma-editorial","category-resenas","tag-comic-europeo-2023","tag-j-j-castillo","tag-norma-editorial","tag-resenas"],"_links":{"self":[{"href":"https:\/\/www.cronicasliterarias.es\/index.php?rest_route=\/wp\/v2\/posts\/15195","targetHints":{"allow":["GET"]}}],"collection":[{"href":"https:\/\/www.cronicasliterarias.es\/index.php?rest_route=\/wp\/v2\/posts"}],"about":[{"href":"https:\/\/www.cronicasliterarias.es\/index.php?rest_route=\/wp\/v2\/types\/post"}],"author":[{"embeddable":true,"href":"https:\/\/www.cronicasliterarias.es\/index.php?rest_route=\/wp\/v2\/users\/4"}],"replies":[{"embeddable":true,"href":"https:\/\/www.cronicasliterarias.es\/index.php?rest_route=%2Fwp%2Fv2%2Fcomments&post=15195"}],"version-history":[{"count":5,"href":"https:\/\/www.cronicasliterarias.es\/index.php?rest_route=\/wp\/v2\/posts\/15195\/revisions"}],"predecessor-version":[{"id":15205,"href":"https:\/\/www.cronicasliterarias.es\/index.php?rest_route=\/wp\/v2\/posts\/15195\/revisions\/15205"}],"wp:attachment":[{"href":"https:\/\/www.cronicasliterarias.es\/index.php?rest_route=%2Fwp%2Fv2%2Fmedia&parent=15195"}],"wp:term":[{"taxonomy":"category","embeddable":true,"href":"https:\/\/www.cronicasliterarias.es\/index.php?rest_route=%2Fwp%2Fv2%2Fcategories&post=15195"},{"taxonomy":"post_tag","embeddable":true,"href":"https:\/\/www.cronicasliterarias.es\/index.php?rest_route=%2Fwp%2Fv2%2Ftags&post=15195"}],"curies":[{"name":"wp","href":"https:\/\/api.w.org\/{rel}","templated":true}]}}