{"id":15318,"date":"2025-08-22T00:05:00","date_gmt":"2025-08-22T00:05:00","guid":{"rendered":"https:\/\/www.cronicasliterarias.es\/?p=15318"},"modified":"2025-08-21T07:59:40","modified_gmt":"2025-08-21T07:59:40","slug":"resena-the-nice-house-on-the-lake-de-james-tynion-iv-y-alvario-martinez-bueno-rev","status":"publish","type":"post","link":"https:\/\/www.cronicasliterarias.es\/?p=15318","title":{"rendered":"Rese\u00f1a: The Nice House on the Lake"},"content":{"rendered":"<p align=\"JUSTIFY\"><img loading=\"lazy\" decoding=\"async\" class=\"alignleft  wp-image-19345\" src=\"https:\/\/www.cronicasliterarias.es\/wp-content\/uploads\/2025\/08\/thenicehouseonthelake-196x300.jpg\" alt=\"\" width=\"174\" height=\"266\" srcset=\"https:\/\/www.cronicasliterarias.es\/wp-content\/uploads\/2025\/08\/thenicehouseonthelake-196x300.jpg 196w, https:\/\/www.cronicasliterarias.es\/wp-content\/uploads\/2025\/08\/thenicehouseonthelake-669x1024.jpg 669w, https:\/\/www.cronicasliterarias.es\/wp-content\/uploads\/2025\/08\/thenicehouseonthelake-768x1176.jpg 768w, https:\/\/www.cronicasliterarias.es\/wp-content\/uploads\/2025\/08\/thenicehouseonthelake.jpg 784w\" sizes=\"auto, (max-width: 174px) 100vw, 174px\" \/>Imagina a tu mejor amigo de la infancia. Un poco inc\u00f3modo, un poco raro e intenso; querido por todos, pero s\u00f3lo unos pocos pueden afirmar que realmente lo conocen bien. Un confidente; el padrino de su boda, un o\u00eddo comprensivo y una mano amiga siempre ansiosa que nunca est\u00e1 a m\u00e1s de una llamada de distancia. Ahora, imagina que ese amigo fuera en realidad un macabro y trastornado alien\u00edgena disfrazado de ser humano que lleva dentro un intento de exterminar a toda la humanidad, y te ha elegido como uno de los pocos para sobrevivir. Para los protagonistas de <em>The nice house on the lake<\/em>, la serie de terror del siempre interesante guionista James Tynion IV y el ilustrador \u00c1lvaro Mart\u00ednez Bueno para DC Comics, esta hip\u00f3tesis se convierte en una realidad aterradora. Ganadora de los Premios Eisner a Mejor Serie Nueva en 2022, Mejor Guionista y Mejor Colorista en 2023 y nominada en las categor\u00edas de Mejor Serie Regular y Mejor Dibujante\/Entintador&#8230;, que duda cabe que esta miniserie, y m\u00e1s a\u00fan en este tomo recopilatorio de doce n\u00fameros que trae nuevamente en un integral Panini C\u00f3mics, es como poco recomendable.<\/p>\n<p align=\"JUSTIFY\">Por su originalidad y horror descrito.<\/p>\n<p style=\"text-align: center;\" align=\"JUSTIFY\"><img loading=\"lazy\" decoding=\"async\" class=\"aligncenter  wp-image-15323\" src=\"https:\/\/www.cronicasliterarias.es\/wp-content\/uploads\/2024\/01\/TheNiceHouseontheLake01.jpg\" alt=\"\" width=\"292\" height=\"93\" srcset=\"https:\/\/www.cronicasliterarias.es\/wp-content\/uploads\/2024\/01\/TheNiceHouseontheLake01.jpg 928w, https:\/\/www.cronicasliterarias.es\/wp-content\/uploads\/2024\/01\/TheNiceHouseontheLake01-300x95.jpg 300w, https:\/\/www.cronicasliterarias.es\/wp-content\/uploads\/2024\/01\/TheNiceHouseontheLake01-768x244.jpg 768w\" sizes=\"auto, (max-width: 292px) 100vw, 292px\" \/><\/p>\n<p align=\"JUSTIFY\">Una nueva manera de entender el c\u00f3mic de terror moderno. De dejarse sorprender por una serie en la que las grandes ansiedades del siglo XXI adquieren un nuevo y aterrador rostro\u2026 que bien podr\u00eda ser el de la persona en la que m\u00e1s conf\u00edas. Para resumirlo a trav\u00e9s de una comparaci\u00f3n, tenemos una mezcla de <em>Reencuentro<\/em>, de Lawrence Kasdan, con <em>El cazador de sue\u00f1os<\/em> y algo de la genial <em>It<\/em>, de Stephen King. Incluso algo muy del estilo de la novela<em> La caba\u00f1a del fin del mundo<\/em>, de Paul Tremblay, de la que Shyamalan convirtiera en una peli denominada <em>Llaman a la puerta<\/em>. Mirad, hasta el poderoso ambiente de <em>Se\u00f1ales<\/em> tiene. Un thriller de misterio apocal\u00edptico donde el punto focal de estas influencias dispares es Walter, el antagonista de la serie, uno de los villanos de c\u00f3mics m\u00e1s intrigantes que me he encontrado en mucho tiempo.<\/p>\n<p align=\"JUSTIFY\"><img loading=\"lazy\" decoding=\"async\" class=\"alignright  wp-image-19348\" src=\"https:\/\/www.cronicasliterarias.es\/wp-content\/uploads\/2025\/08\/thenicehouseonthelake01-300x229.jpg\" alt=\"\" width=\"123\" height=\"94\" srcset=\"https:\/\/www.cronicasliterarias.es\/wp-content\/uploads\/2025\/08\/thenicehouseonthelake01-300x229.jpg 300w, https:\/\/www.cronicasliterarias.es\/wp-content\/uploads\/2025\/08\/thenicehouseonthelake01-1024x783.jpg 1024w, https:\/\/www.cronicasliterarias.es\/wp-content\/uploads\/2025\/08\/thenicehouseonthelake01-768x587.jpg 768w, https:\/\/www.cronicasliterarias.es\/wp-content\/uploads\/2025\/08\/thenicehouseonthelake01-1536x1175.jpg 1536w, https:\/\/www.cronicasliterarias.es\/wp-content\/uploads\/2025\/08\/thenicehouseonthelake01.jpg 1569w\" sizes=\"auto, (max-width: 123px) 100vw, 123px\" \/>Walter deja la compra en una mesa y dice: \u201cMe alegro de que hayas venido. Ahora&#8230; \u00bfqui\u00e9n quiere probar estos filetes a la parrilla? Sus gafas reflejan la luz de manera siniestra como un villano de anime o manga, pero todo comienza con la imagen de una mujer envolvi\u00e9ndose la cabeza con una venda, con el fondo ardiendo con un resplandor naranja y rojo y cuenta la historia de c\u00f3mo conoci\u00f3 a Walter, el amigo de un amigo, quien la invit\u00f3 a ella y a un peque\u00f1o grupo de conocidos cercanos a pasar unas vacaciones en una hermosa casa en un lago de Wisconsin. En verano de 2021. Lugar del horror donde, como ya os he dicho antes, todo el mundo se da cuenta de la horrible verdad en la que Walter no es humano y el viaje se convierte en una culminaci\u00f3n del horror con un ser que pretende erradicar la raza humana. Y muertos por doquier.<\/p>\n<p align=\"JUSTIFY\"><em>The nice house on the lake<\/em> responde preguntas a trav\u00e9s de flashbacks de sucesos tr\u00e1gicos en cada n\u00famero. Cada uno narrado por un nuevo hu\u00e9sped de la casa mientras reflexiona sobre su propia relaci\u00f3n con Walter antes del apocalipsis. Historias que pintan un retrato complicado de Walter, un ser de inmenso poder <img loading=\"lazy\" decoding=\"async\" class=\"alignleft  wp-image-15325\" src=\"https:\/\/www.cronicasliterarias.es\/wp-content\/uploads\/2024\/01\/TheNiceHouseontheLake04-300x169.jpg\" alt=\"\" width=\"185\" height=\"104\" srcset=\"https:\/\/www.cronicasliterarias.es\/wp-content\/uploads\/2024\/01\/TheNiceHouseontheLake04-300x169.jpg 300w, https:\/\/www.cronicasliterarias.es\/wp-content\/uploads\/2024\/01\/TheNiceHouseontheLake04-768x434.jpg 768w, https:\/\/www.cronicasliterarias.es\/wp-content\/uploads\/2024\/01\/TheNiceHouseontheLake04.jpg 974w\" sizes=\"auto, (max-width: 185px) 100vw, 185px\" \/>entrando en conflicto con su propio papel de malo-mal\u00f3n. Por lo que contar m\u00e1s es destripar una maravillosa serie de terror que todo lector de c\u00f3mics deber\u00eda disfrutar. Trama poderosa como pocas.<\/p>\n","protected":false},"excerpt":{"rendered":"<p>Imagina a tu mejor amigo de la infancia. Un poco inc\u00f3modo, un poco raro e intenso; querido por todos, pero s\u00f3lo unos pocos pueden afirmar que realmente lo conocen bien. Un confidente; el padrino de su boda, un o\u00eddo comprensivo y una mano amiga siempre ansiosa que nunca est\u00e1 a m\u00e1s de una llamada de [&hellip;]<\/p>\n","protected":false},"author":4,"featured_media":0,"comment_status":"closed","ping_status":"closed","sticky":false,"template":"","format":"standard","meta":{"footnotes":""},"categories":[49,74,28,6,8],"tags":[11,505,10,471],"class_list":["post-15318","post","type-post","status-publish","format-standard","hentry","category-comics","category-integral","category-panini-comics","category-resenas","category-terror","tag-j-j-castillo","tag-panini-comics-vertigo","tag-resenas","tag-terror2025"],"_links":{"self":[{"href":"https:\/\/www.cronicasliterarias.es\/index.php?rest_route=\/wp\/v2\/posts\/15318","targetHints":{"allow":["GET"]}}],"collection":[{"href":"https:\/\/www.cronicasliterarias.es\/index.php?rest_route=\/wp\/v2\/posts"}],"about":[{"href":"https:\/\/www.cronicasliterarias.es\/index.php?rest_route=\/wp\/v2\/types\/post"}],"author":[{"embeddable":true,"href":"https:\/\/www.cronicasliterarias.es\/index.php?rest_route=\/wp\/v2\/users\/4"}],"replies":[{"embeddable":true,"href":"https:\/\/www.cronicasliterarias.es\/index.php?rest_route=%2Fwp%2Fv2%2Fcomments&post=15318"}],"version-history":[{"count":10,"href":"https:\/\/www.cronicasliterarias.es\/index.php?rest_route=\/wp\/v2\/posts\/15318\/revisions"}],"predecessor-version":[{"id":19349,"href":"https:\/\/www.cronicasliterarias.es\/index.php?rest_route=\/wp\/v2\/posts\/15318\/revisions\/19349"}],"wp:attachment":[{"href":"https:\/\/www.cronicasliterarias.es\/index.php?rest_route=%2Fwp%2Fv2%2Fmedia&parent=15318"}],"wp:term":[{"taxonomy":"category","embeddable":true,"href":"https:\/\/www.cronicasliterarias.es\/index.php?rest_route=%2Fwp%2Fv2%2Fcategories&post=15318"},{"taxonomy":"post_tag","embeddable":true,"href":"https:\/\/www.cronicasliterarias.es\/index.php?rest_route=%2Fwp%2Fv2%2Ftags&post=15318"}],"curies":[{"name":"wp","href":"https:\/\/api.w.org\/{rel}","templated":true}]}}