{"id":15377,"date":"2024-01-19T00:05:00","date_gmt":"2024-01-19T00:05:00","guid":{"rendered":"https:\/\/www.cronicasliterarias.es\/?p=15377"},"modified":"2024-01-20T09:12:44","modified_gmt":"2024-01-20T09:12:44","slug":"resena-dias-del-futuro-pasado-de-chris-claremont-y-john-byrne","status":"publish","type":"post","link":"https:\/\/www.cronicasliterarias.es\/?p=15377","title":{"rendered":"Rese\u00f1a: D\u00edas del Futuro Pasado, de Chris Claremont y John Byrne"},"content":{"rendered":"<p align=\"JUSTIFY\"><img loading=\"lazy\" decoding=\"async\" class=\"alignleft  wp-image-15378\" src=\"https:\/\/www.cronicasliterarias.es\/wp-content\/uploads\/2024\/01\/diasdelfuturopasado-684x1024.jpg\" alt=\"\" width=\"211\" height=\"316\" srcset=\"https:\/\/www.cronicasliterarias.es\/wp-content\/uploads\/2024\/01\/diasdelfuturopasado-684x1024.jpg 684w, https:\/\/www.cronicasliterarias.es\/wp-content\/uploads\/2024\/01\/diasdelfuturopasado-200x300.jpg 200w, https:\/\/www.cronicasliterarias.es\/wp-content\/uploads\/2024\/01\/diasdelfuturopasado-768x1151.jpg 768w, https:\/\/www.cronicasliterarias.es\/wp-content\/uploads\/2024\/01\/diasdelfuturopasado.jpg 801w\" sizes=\"auto, (max-width: 211px) 100vw, 211px\" \/><em>D\u00edas del Futuro Pasado<\/em> es de esas grandes historias que nunca se ha podido representar bien en la gran pantalla. Y sabi\u00e9ndolo el personal del s\u00e9ptimo arte, se han limitado a hacer variaciones de la idea principal o contar en pelis lo anterior o lo posterior a la principal trama en la que se basa esta joya del c\u00f3mic de superh\u00e9roes. Arco argumental que solo se recogi\u00f3 en cuatro grapas pero que todo el mundo comprendi\u00f3 como una \u00fanica aventura y entonces ya solo la podemos encontrar como historia \u00fanica pese a ser publicada por primera vez en los <em>X-Men #138-#143<\/em> y el <em>Annual 4<\/em>. Por lo que s\u00faper l\u00f3gico encontrarlo ahora dentro de los Must-Have.<\/p>\n<p align=\"JUSTIFY\">Tras los acontecimientos de la saga <em>F\u00e9nix Oscura<\/em> (otra joya del pijameo), los X-Men dejan descansar a Jean Gray. Y despu\u00e9s de perder a la mujer que ama, C\u00edclope abandona a La Patrulla-X (ic\u00f3nica portada). Los X-Men: Bestia, \u00c1ngel, C\u00edclope, Profesor Xavier, Coloso, Banshee, Tormenta, Rondador Nocturno y Lobezno; junto con John y Elaine Grey, Lilandra y Moira est\u00e1n en el funeral de Jean. Y C\u00edclope hace un viaje al pasado&#8230;, recordando al primer equipo de los X-Men, el d\u00eda en que Jean lleg\u00f3 a la Mansi\u00f3n X y su primera misi\u00f3n contra Magneto. <img loading=\"lazy\" decoding=\"async\" class=\"alignright  wp-image-15379\" src=\"https:\/\/www.cronicasliterarias.es\/wp-content\/uploads\/2024\/01\/diasdelfuturopasado01-300x250.jpg\" alt=\"\" width=\"140\" height=\"117\" srcset=\"https:\/\/www.cronicasliterarias.es\/wp-content\/uploads\/2024\/01\/diasdelfuturopasado01-300x250.jpg 300w, https:\/\/www.cronicasliterarias.es\/wp-content\/uploads\/2024\/01\/diasdelfuturopasado01.jpg 302w\" sizes=\"auto, (max-width: 140px) 100vw, 140px\" \/>Piensa en cu\u00e1nto amaba a esa chica desde el principio, pero no pod\u00eda hablar con ella debido a su poder y responsabilidad de liderar a La Patrulla-X. Su encuentro con Ka-Zar en la Tierra Salvaje, con el extraterrestre llamado Stranger, y con Juggernaut, a quien hab\u00edan vencido con la ayuda de la Antorcha Humana. La llegada de Los Centinelas y el sacrificio final&#8230;<\/p>\n<p align=\"JUSTIFY\">Pero <em>D\u00edas del Futuro Pasado<\/em> es un viaje a un futuro dist\u00f3pico, donde Los Centinelas acechan el planeta cual historia de <em>Terminator.<\/em> Y donde los X-Men son la \u00fanica esperanza de la humanidad&#8230; \u00a1hasta que mueren! Treinta a\u00f1os despu\u00e9s de lo contado anteriormente, USA est\u00e1 totalmente controlada por estos seres. Los pocos mutantes sobrevivientes son: Kitty Pryde, Tormenta, Coloso, Lobezno y Franklin Richards (hijo de Mr. Fant\u00e1stico y la Mujer Invisible), ah, y Magneto. Y juntos planean cambiar la historia haciendo que Rachel Summers intercambie la psique de la Kate Pryde adulta con esa de su yo m\u00e1s joven. <img loading=\"lazy\" decoding=\"async\" class=\"alignleft  wp-image-15380\" src=\"https:\/\/www.cronicasliterarias.es\/wp-content\/uploads\/2024\/01\/diasdelfuturopasado00-109x300.jpg\" alt=\"\" width=\"71\" height=\"195\" srcset=\"https:\/\/www.cronicasliterarias.es\/wp-content\/uploads\/2024\/01\/diasdelfuturopasado00-109x300.jpg 109w, https:\/\/www.cronicasliterarias.es\/wp-content\/uploads\/2024\/01\/diasdelfuturopasado00-371x1024.jpg 371w, https:\/\/www.cronicasliterarias.es\/wp-content\/uploads\/2024\/01\/diasdelfuturopasado00.jpg 415w\" sizes=\"auto, (max-width: 71px) 100vw, 71px\" \/>La idea est\u00e1 clara. Conjuntar un inmenso poder para aniquilar la dictadura a la que est\u00e1n sometidos. En este futuro, los X-Men escaparon del campo de concentraci\u00f3n, sufrieron dos muertes y planean contraatacar. Un c\u00f3mic para revivir el legendario viaje hasta el futuro dist\u00f3pico de 2013, donde Los Centinelas han conquistado la Tierra y todo se torna en desgracia. Una edici\u00f3n especial imprescindible, con una de las m\u00e1s inolvidables aventuras de los mutantes.<\/p>\n<p align=\"JUSTIFY\"><em>D\u00edas del Futuro Pasado<\/em> fue una especie de milagro en la franquicia mutante. El \u00faltimo arco de una serie que tuvo muchos altibajos. Pero esta historia no solo contin\u00faa la trama de un film que sali\u00f3 hace diez a\u00f1os, sino que ofrece lo que podr\u00eda ser la pel\u00edcula de mutantes m\u00e1s satisfactoria en pantalla si alguna vez le dan la oportunidad a alguien con criterio para hacerlo bien. Tan solo si lo hicieran con decencia y sin altos miramientos como hicieron con la maravillosa <em>X-Men: First Class<\/em> (2011) o cualquiera de las pelis de <em>Spiderman<\/em>, pienso que quedar\u00eda algo muy digno de ver ahora que casi todo c\u00f3mic tiene su reflejo en series de TV o cine. De hecho, si hicieran una miniserie de cuatro cap\u00edtulos de esta aventura, sin duda, saldr\u00eda muy beneficiosa la trama. Tenemos aqu\u00ed, de todas formas, uno de los mejores arcos argumentales de los mutantes en la etapa Claremont\/Byrne. Para muchos, los <img loading=\"lazy\" decoding=\"async\" class=\"alignright  wp-image-15381\" src=\"https:\/\/www.cronicasliterarias.es\/wp-content\/uploads\/2024\/01\/diasdelfuturopasado04-240x300.jpg\" alt=\"\" width=\"125\" height=\"156\" srcset=\"https:\/\/www.cronicasliterarias.es\/wp-content\/uploads\/2024\/01\/diasdelfuturopasado04-240x300.jpg 240w, https:\/\/www.cronicasliterarias.es\/wp-content\/uploads\/2024\/01\/diasdelfuturopasado04.jpg 423w\" sizes=\"auto, (max-width: 125px) 100vw, 125px\" \/>mejores autores que han tratado a los mutantes. Un relato que se divide entre presente (1980) y futuro (2013), y debo decir que me parece una maravilla como se hacen los saltos en el tiempo en este guion.<\/p>\n<p align=\"JUSTIFY\">Historia del c\u00f3mic. Digno de estudio.<\/p>\n","protected":false},"excerpt":{"rendered":"<p>D\u00edas del Futuro Pasado es de esas grandes historias que nunca se ha podido representar bien en la gran pantalla. Y sabi\u00e9ndolo el personal del s\u00e9ptimo arte, se han limitado a hacer variaciones de la idea principal o contar en pelis lo anterior o lo posterior a la principal trama en la que se basa [&hellip;]<\/p>\n","protected":false},"author":4,"featured_media":0,"comment_status":"closed","ping_status":"closed","sticky":false,"template":"","format":"standard","meta":{"footnotes":""},"categories":[49,382,28,6],"tags":[58,11,196,218,10],"class_list":["post-15377","post","type-post","status-publish","format-standard","hentry","category-comics","category-marvel","category-panini-comics","category-resenas","tag-indispensables-comics","tag-j-j-castillo","tag-must-have","tag-panini-comics-marvel","tag-resenas"],"_links":{"self":[{"href":"https:\/\/www.cronicasliterarias.es\/index.php?rest_route=\/wp\/v2\/posts\/15377","targetHints":{"allow":["GET"]}}],"collection":[{"href":"https:\/\/www.cronicasliterarias.es\/index.php?rest_route=\/wp\/v2\/posts"}],"about":[{"href":"https:\/\/www.cronicasliterarias.es\/index.php?rest_route=\/wp\/v2\/types\/post"}],"author":[{"embeddable":true,"href":"https:\/\/www.cronicasliterarias.es\/index.php?rest_route=\/wp\/v2\/users\/4"}],"replies":[{"embeddable":true,"href":"https:\/\/www.cronicasliterarias.es\/index.php?rest_route=%2Fwp%2Fv2%2Fcomments&post=15377"}],"version-history":[{"count":1,"href":"https:\/\/www.cronicasliterarias.es\/index.php?rest_route=\/wp\/v2\/posts\/15377\/revisions"}],"predecessor-version":[{"id":15382,"href":"https:\/\/www.cronicasliterarias.es\/index.php?rest_route=\/wp\/v2\/posts\/15377\/revisions\/15382"}],"wp:attachment":[{"href":"https:\/\/www.cronicasliterarias.es\/index.php?rest_route=%2Fwp%2Fv2%2Fmedia&parent=15377"}],"wp:term":[{"taxonomy":"category","embeddable":true,"href":"https:\/\/www.cronicasliterarias.es\/index.php?rest_route=%2Fwp%2Fv2%2Fcategories&post=15377"},{"taxonomy":"post_tag","embeddable":true,"href":"https:\/\/www.cronicasliterarias.es\/index.php?rest_route=%2Fwp%2Fv2%2Ftags&post=15377"}],"curies":[{"name":"wp","href":"https:\/\/api.w.org\/{rel}","templated":true}]}}