{"id":15464,"date":"2024-01-31T00:05:00","date_gmt":"2024-01-31T00:05:00","guid":{"rendered":"https:\/\/www.cronicasliterarias.es\/?p=15464"},"modified":"2024-01-31T10:09:03","modified_gmt":"2024-01-31T10:09:03","slug":"resena-flash-la-guerra-de-un-minuto-de-jeremy-adams-roger-cruz-y-vvaa-rev","status":"publish","type":"post","link":"https:\/\/www.cronicasliterarias.es\/?p=15464","title":{"rendered":"Rese\u00f1a: Flash. La Guerra de un Minuto, de Adams, Cruz, D\u00edaz y VVAA"},"content":{"rendered":"<p align=\"JUSTIFY\"><img loading=\"lazy\" decoding=\"async\" class=\"alignleft  wp-image-15468\" src=\"https:\/\/www.cronicasliterarias.es\/wp-content\/uploads\/2024\/02\/Flash_LaGuerradeunMinuto-668x1024.jpg\" alt=\"\" width=\"201\" height=\"308\" srcset=\"https:\/\/www.cronicasliterarias.es\/wp-content\/uploads\/2024\/02\/Flash_LaGuerradeunMinuto-668x1024.jpg 668w, https:\/\/www.cronicasliterarias.es\/wp-content\/uploads\/2024\/02\/Flash_LaGuerradeunMinuto-196x300.jpg 196w, https:\/\/www.cronicasliterarias.es\/wp-content\/uploads\/2024\/02\/Flash_LaGuerradeunMinuto-768x1177.jpg 768w, https:\/\/www.cronicasliterarias.es\/wp-content\/uploads\/2024\/02\/Flash_LaGuerradeunMinuto.jpg 810w\" sizes=\"auto, (max-width: 201px) 100vw, 201px\" \/><em>La guerra de un minuto<\/em> conocida por todos comenz\u00f3 oficialmente en el <em>The Flash #791<\/em>, cuando la cabecera DC era llevada por Jeremy Adams, a los l\u00e1pices de Roger Cruz y con tintas y colores de Wellington Diaz, Luis Guerrero y Rob Leigh. Aunque en realidad esta ser\u00eda una segunda parte de la primordial obra. Pero este <em>#791<\/em> no fue otra cosa que el inicio de un arco argumental potente del Velocista Escarlata as\u00ed como de sus respectivos rayito-brothers. Una se\u00f1al desgarradora de todo tipo de intenciones. Y un arco que da mucha profundidad y peso a un c\u00f3mic, una serie, una cabecera que llevaba demasiado tiempo siendo bastante ligera en cuanto a tem\u00e1tica. Un tema peligroso ya que provocaba que ciertos personajes perdieran su regustillo lector. No obstante, Adams dejaba y deja claro en esta obra que nadie est\u00e1 a salvo en las primeras etapas de una historia llena de emoci\u00f3n. Un tema importante pero devastador, y dar\u00e1 un pu\u00f1etazo en el est\u00f3mago al lector ac\u00e9rrimo del personaje que doler\u00e1 por un tiempo.<\/p>\n<p align=\"JUSTIFY\">Despu\u00e9s de que una extra\u00f1a nave se estrelle en Central City, los speedsters se tambalean por el ataque mientras los alien\u00edgenas hacen su primer movimiento. Y <img loading=\"lazy\" decoding=\"async\" class=\"alignright  wp-image-15469\" src=\"https:\/\/www.cronicasliterarias.es\/wp-content\/uploads\/2024\/02\/Flash_LaGuerradeunMinuto02-214x300.jpg\" alt=\"\" width=\"115\" height=\"161\" srcset=\"https:\/\/www.cronicasliterarias.es\/wp-content\/uploads\/2024\/02\/Flash_LaGuerradeunMinuto02-214x300.jpg 214w, https:\/\/www.cronicasliterarias.es\/wp-content\/uploads\/2024\/02\/Flash_LaGuerradeunMinuto02-732x1024.jpg 732w, https:\/\/www.cronicasliterarias.es\/wp-content\/uploads\/2024\/02\/Flash_LaGuerradeunMinuto02-768x1075.jpg 768w, https:\/\/www.cronicasliterarias.es\/wp-content\/uploads\/2024\/02\/Flash_LaGuerradeunMinuto02.jpg 778w\" sizes=\"auto, (max-width: 115px) 100vw, 115px\" \/>Wally y Barry intentan darle sentido a una muerte dolorosa&#8230; Esta historia es invertir desde el principio. Al afrontar las consecuencias inmediatas del ataque, los h\u00e9roes se muestran inestables, separados y asustados. La inquietud y la conmoci\u00f3n son palpables y emanan desde la primera p\u00e1gina. Adams vuelve a dividir brillantemente las ubicaciones, pero la estructura es muy diferente. El grupo se enfrenta a problemas distintos, desde estar atrapado fuera de la ciudad hasta que lleguen tragedias mayores. Luego, lentamente, el equipo se encuentra, reuni\u00e9ndose y encontr\u00e1ndose contra las primeras oleadas de villanos. Todav\u00eda hay humor en la serie, pero se ha vuelto extremadamente oscuro y peligroso. Cuando la acci\u00f3n estalla es en\u00e9rgica y hay signos de emoci\u00f3n en este gran arco que va desde el <em>#791<\/em> al <em>#796<\/em> y que ECC Ediciones ha recopilado en uno de sus maravillosos TPBs. En <em>La guerra de un minuto<\/em> es extremadamente impactante como va sucediendo todo, algo que muchos esperar\u00edan que fuera una falsa alarma, pero que result\u00f3 ser extremadamente desgarrador, se trata con el respeto y el tiempo que merece. Adams demuestra desde <img loading=\"lazy\" decoding=\"async\" class=\"alignleft  wp-image-15470\" src=\"https:\/\/www.cronicasliterarias.es\/wp-content\/uploads\/2024\/02\/Flash_LaGuerradeunMinuto01-245x300.jpg\" alt=\"\" width=\"118\" height=\"144\" srcset=\"https:\/\/www.cronicasliterarias.es\/wp-content\/uploads\/2024\/02\/Flash_LaGuerradeunMinuto01-245x300.jpg 245w, https:\/\/www.cronicasliterarias.es\/wp-content\/uploads\/2024\/02\/Flash_LaGuerradeunMinuto01.jpg 391w\" sizes=\"auto, (max-width: 118px) 100vw, 118px\" \/>el principio que en este arco no se andar\u00e1 con chiquitas.<\/p>\n<p align=\"JUSTIFY\">Y los personajes est\u00e1n llenos de personalidad. Esta es una comunidad de personajes impulsada y unida por la familia. Est\u00e1n estrechamente vinculados entre s\u00ed, quiz\u00e1s m\u00e1s que cualquier otro grupo dentro del Universo DC. Por eso duele tanto que suceda algo terrible. Aqu\u00ed los vemos trasladados a aventuras y exploraci\u00f3n, hacia lo oscuras que ciertas situaciones pueden llegar a ser. El guion es fenomenal. Cada personaje tiene una voz clara y sus reacciones son naturales e impactantes dada la intensa situaci\u00f3n. Los villanos apenas han comenzado a actuar, pero son siniestros y est\u00e1n excelentemente descritos. Y el dibujo me encanta. Algo que not\u00e9 llamativo es lo emotivos que son los personajes, magn\u00edficamente creados por Cruz y D\u00edaz. La desesperaci\u00f3n y la naturaleza inquietante de la segunda mitad del arco se capturan maravillosamente. El estilo angular del entintado es distintivo y n\u00edtido, y se intensifica a\u00fan m\u00e1s cuando los velocistas est\u00e1n en movimiento.<\/p>\n<p align=\"JUSTIFY\"><img loading=\"lazy\" decoding=\"async\" class=\"alignright  wp-image-15471\" src=\"https:\/\/www.cronicasliterarias.es\/wp-content\/uploads\/2024\/02\/Flash_LaGuerradeunMinuto03-300x300.jpg\" alt=\"\" width=\"136\" height=\"136\" srcset=\"https:\/\/www.cronicasliterarias.es\/wp-content\/uploads\/2024\/02\/Flash_LaGuerradeunMinuto03-300x300.jpg 300w, https:\/\/www.cronicasliterarias.es\/wp-content\/uploads\/2024\/02\/Flash_LaGuerradeunMinuto03-1024x1024.jpg 1024w, https:\/\/www.cronicasliterarias.es\/wp-content\/uploads\/2024\/02\/Flash_LaGuerradeunMinuto03-150x150.jpg 150w, https:\/\/www.cronicasliterarias.es\/wp-content\/uploads\/2024\/02\/Flash_LaGuerradeunMinuto03-768x768.jpg 768w, https:\/\/www.cronicasliterarias.es\/wp-content\/uploads\/2024\/02\/Flash_LaGuerradeunMinuto03-1200x1200.jpg 1200w, https:\/\/www.cronicasliterarias.es\/wp-content\/uploads\/2024\/02\/Flash_LaGuerradeunMinuto03.jpg 1344w\" sizes=\"auto, (max-width: 136px) 100vw, 136px\" \/>Todos los trajes molan y est\u00e1n marcados los m\u00fasculos como el que m\u00e1s. La musculatura y las diferencias de tama\u00f1o de los h\u00e9roes son excelentes cuando est\u00e1n juntos en vi\u00f1eta&#8230; Y como veis, todo son elogios. Pero es que un c\u00f3mic de <em>The Flash<\/em> bien hecho, es un genial c\u00f3mic de superh\u00e9roes.<\/p>\n","protected":false},"excerpt":{"rendered":"<p>La guerra de un minuto conocida por todos comenz\u00f3 oficialmente en el The Flash #791, cuando la cabecera DC era llevada por Jeremy Adams, a los l\u00e1pices de Roger Cruz y con tintas y colores de Wellington Diaz, Luis Guerrero y Rob Leigh. Aunque en realidad esta ser\u00eda una segunda parte de la primordial obra. [&hellip;]<\/p>\n","protected":false},"author":4,"featured_media":0,"comment_status":"closed","ping_status":"closed","sticky":false,"template":"","format":"standard","meta":{"footnotes":""},"categories":[49,381,29,6],"tags":[73,11,427,10],"class_list":["post-15464","post","type-post","status-publish","format-standard","hentry","category-comics","category-dc","category-ecc-ediciones","category-resenas","tag-ecc-ediciones-dc-comics","tag-j-j-castillo","tag-novelas-graficas-dc","tag-resenas"],"_links":{"self":[{"href":"https:\/\/www.cronicasliterarias.es\/index.php?rest_route=\/wp\/v2\/posts\/15464","targetHints":{"allow":["GET"]}}],"collection":[{"href":"https:\/\/www.cronicasliterarias.es\/index.php?rest_route=\/wp\/v2\/posts"}],"about":[{"href":"https:\/\/www.cronicasliterarias.es\/index.php?rest_route=\/wp\/v2\/types\/post"}],"author":[{"embeddable":true,"href":"https:\/\/www.cronicasliterarias.es\/index.php?rest_route=\/wp\/v2\/users\/4"}],"replies":[{"embeddable":true,"href":"https:\/\/www.cronicasliterarias.es\/index.php?rest_route=%2Fwp%2Fv2%2Fcomments&post=15464"}],"version-history":[{"count":4,"href":"https:\/\/www.cronicasliterarias.es\/index.php?rest_route=\/wp\/v2\/posts\/15464\/revisions"}],"predecessor-version":[{"id":15475,"href":"https:\/\/www.cronicasliterarias.es\/index.php?rest_route=\/wp\/v2\/posts\/15464\/revisions\/15475"}],"wp:attachment":[{"href":"https:\/\/www.cronicasliterarias.es\/index.php?rest_route=%2Fwp%2Fv2%2Fmedia&parent=15464"}],"wp:term":[{"taxonomy":"category","embeddable":true,"href":"https:\/\/www.cronicasliterarias.es\/index.php?rest_route=%2Fwp%2Fv2%2Fcategories&post=15464"},{"taxonomy":"post_tag","embeddable":true,"href":"https:\/\/www.cronicasliterarias.es\/index.php?rest_route=%2Fwp%2Fv2%2Ftags&post=15464"}],"curies":[{"name":"wp","href":"https:\/\/api.w.org\/{rel}","templated":true}]}}