{"id":15535,"date":"2024-02-08T00:05:00","date_gmt":"2024-02-08T00:05:00","guid":{"rendered":"https:\/\/www.cronicasliterarias.es\/?p=15535"},"modified":"2024-02-07T10:45:54","modified_gmt":"2024-02-07T10:45:54","slug":"resena-las-tierras-de-ogon-de-jean-luc-istin-nicolas-jarry-kyko-duarte-y-alex-sierra","status":"publish","type":"post","link":"https:\/\/www.cronicasliterarias.es\/?p=15535","title":{"rendered":"Rese\u00f1a: Las Tierras de Ogon, de Jean-Luc Istin, Jarry, Duarte y Alex Sierra"},"content":{"rendered":"<p align=\"JUSTIFY\"><img loading=\"lazy\" decoding=\"async\" class=\"alignright  wp-image-15537\" src=\"https:\/\/www.cronicasliterarias.es\/wp-content\/uploads\/2024\/02\/lastierrasdeogon-729x1024.jpg\" alt=\"\" width=\"222\" height=\"312\" srcset=\"https:\/\/www.cronicasliterarias.es\/wp-content\/uploads\/2024\/02\/lastierrasdeogon-729x1024.jpg 729w, https:\/\/www.cronicasliterarias.es\/wp-content\/uploads\/2024\/02\/lastierrasdeogon-214x300.jpg 214w, https:\/\/www.cronicasliterarias.es\/wp-content\/uploads\/2024\/02\/lastierrasdeogon-768x1078.jpg 768w, https:\/\/www.cronicasliterarias.es\/wp-content\/uploads\/2024\/02\/lastierrasdeogon.jpg 1022w\" sizes=\"auto, (max-width: 222px) 100vw, 222px\" \/>Despu\u00e9s de <em>Elfos (<a href=\"https:\/\/www.yermoediciones.com\/catalogo\/elfos\/\">https:\/\/www.yermoediciones.com\/catalogo\/elfos\/<\/a>), Enanos (<a href=\"https:\/\/www.yermoediciones.com\/catalogo\/enanos\/\">https:\/\/www.yermoediciones.com\/catalogo\/enanos\/<\/a>), Orcos &amp; Goblins (<a href=\"https:\/\/www.yermoediciones.com\/catalogo\/orcos-y-goblins\/\">https:\/\/www.yermoediciones.com\/catalogo\/orcos-y-goblins\/<\/a>)<\/em> y <em>Magos (<a href=\"https:\/\/www.yermoediciones.com\/catalogo\/magos\/\">https:\/\/www.yermoediciones.com\/catalogo\/magos\/<\/a>)<\/em>, aqu\u00ed est\u00e1n <em>Las Tierras de Ogon<\/em>; la quinta variaci\u00f3n de este universo fant\u00e1stico creado por Jean-Luc Istin y Nicolas Jarry y al dibujo de Kyko Duarte y Alex Sierra. Hab\u00eda que atreverse y Yermo Ediciones no se contuvo. Ya me dir\u00e9is si venden estas series de c\u00f3mics europeo o no porque yo veo a todo el mundo encantado con ellas. Pero, \u00bfera imprescindible esta nueva serie? Honestamente no. \u00bfEs efectiva? Afortunadamente s\u00ed. Encontramos el saber hacer de los autores (Istin y Duarte son insistentes en este universo y se sienten inspirados), y eso siempre esplende. Para aquellos que siguen un poco este mundo, Las Tierras de Ogon son una especie de tierra olvidada, un nuevo continente que act\u00faa como espejo de Arran, los elfos rojos habr\u00edan estado exiliados aqu\u00ed hace muchas eras&#8230;<\/p>\n<p align=\"JUSTIFY\">Intent\u00e1ndonos alejar de la camisa de fuerza de la Fantas\u00eda que representa Tolkien o un poco m\u00e1s en este caso <em>Dungeons &amp; Dragons<\/em>, este nuevo mundo muestra <img loading=\"lazy\" decoding=\"async\" class=\"alignleft  wp-image-15538\" src=\"https:\/\/www.cronicasliterarias.es\/wp-content\/uploads\/2024\/02\/lastierrasdeogon01-300x112.jpg\" alt=\"\" width=\"206\" height=\"77\" srcset=\"https:\/\/www.cronicasliterarias.es\/wp-content\/uploads\/2024\/02\/lastierrasdeogon01-300x112.jpg 300w, https:\/\/www.cronicasliterarias.es\/wp-content\/uploads\/2024\/02\/lastierrasdeogon01.jpg 721w\" sizes=\"auto, (max-width: 206px) 100vw, 206px\" \/>diferentes estilos de vida inspirados en los inuit o en las tribus africanas, y est\u00e1 poblado por nuevas criaturas. Nos topamos, entre otros, con los centauros o los togs (un pueblo de monos que se encuentran en el extremo norte de Arran). M\u00e1s all\u00e1 de esta relativa novedad en t\u00e9rminos de contexto, encontramos el mismo patr\u00f3n en t\u00e9rminos de historia que en muchos \u00e1lbumes de las series antes mencionadas. Pero seguimos con el encanto que los autores saben aportar. Por lo que tenemos en <em>Las Tierras de Ogon<\/em> una nueva serie de \u00e1lbumes disfrutables que reci\u00e9n sale a la venta este mes. Una aventura en un efectivo volumen con nuevos temas potenciales y una parte gr\u00e1fica siempre atractiva. Tenemos lo que ser\u00eda un ciclo paralelo a las Tierras o Guerras de Arran, que puede describirse como el segundo ciclo principal del Mundo de Vientoligero. El escenario funciona en cuanto a ambientaci\u00f3n. Va bien. Pero siendo sincero ya me ten\u00eda ganado anteriormente. As\u00ed que solo me qued\u00f3 disfrutar de m\u00e1s informaci\u00f3n del mundo, <img loading=\"lazy\" decoding=\"async\" class=\"alignright  wp-image-15540\" src=\"https:\/\/www.cronicasliterarias.es\/wp-content\/uploads\/2024\/02\/lastierrasdeogon00-300x204.jpg\" alt=\"\" width=\"197\" height=\"134\" srcset=\"https:\/\/www.cronicasliterarias.es\/wp-content\/uploads\/2024\/02\/lastierrasdeogon00-300x204.jpg 300w, https:\/\/www.cronicasliterarias.es\/wp-content\/uploads\/2024\/02\/lastierrasdeogon00-768x522.jpg 768w, https:\/\/www.cronicasliterarias.es\/wp-content\/uploads\/2024\/02\/lastierrasdeogon00.jpg 794w\" sizes=\"auto, (max-width: 197px) 100vw, 197px\" \/>sobre todo, en el segundo \u00e1lbum <em>Caras Blancas<\/em> (este primer volumen trae los dos primeros), escrito por Nicolas Jarry, mi mentor favorito de la serie <em>Enanos<\/em>, y dibujado por un artista espa\u00f1ol del que s\u00f3lo puedo hablar maravillas y no solo porque sea uno de mis \u00abcolegas\u00bb de FB, al cual descubr\u00ed con su maravillosa <em>Hel&#8217;Blar (<a href=\"https:\/\/www.yermoediciones.com\/producto\/helblar-1-los-cazadores-de-draugar\/\">https:\/\/www.yermoediciones.com\/producto\/helblar-1-los-cazadores-de-draugar\/<\/a>).<\/em><\/p>\n<p align=\"JUSTIFY\">\u00bfY de qu\u00e9 va la cosa? Tenemos como os dec\u00eda fantas\u00eda de inspiraci\u00f3n africana en un principio, como rara vez vemos en los c\u00f3mics, y aunque no encuentro el concepto particularmente est\u00fapido en estos tiempos, al menos tiene el m\u00e9rito de existir y finalmente ser propuesto. A veces hay algo de inventiva, pero visualmente son un poco los mismos conceptos visuales \u00abafricanizados\u00bb (los centauros son mitad hombre, mitad jirafa, etc.). Y una historia bastante cl\u00e1sica pero terriblemente efectiva, donde encontramos elementos del shonen japon\u00e9s, el viaje del h\u00e9roe muchas veces visto y le\u00eddo teorizado por Joseph Campbell, etc. Todo con salsa de la que promueve siempre Jarry, con humor, aventura con momentos de hero\u00edsmo y cargados de drama y tensi\u00f3n. Siempre a buen ritmo con el cl\u00edmax, tenemos una historia completa en conjunto, que se mantiene unida y de la que queremos <img loading=\"lazy\" decoding=\"async\" class=\"alignleft  wp-image-15539\" src=\"https:\/\/www.cronicasliterarias.es\/wp-content\/uploads\/2024\/02\/lastierrasdeogon04-300x181.jpg\" alt=\"\" width=\"230\" height=\"139\" srcset=\"https:\/\/www.cronicasliterarias.es\/wp-content\/uploads\/2024\/02\/lastierrasdeogon04-300x181.jpg 300w, https:\/\/www.cronicasliterarias.es\/wp-content\/uploads\/2024\/02\/lastierrasdeogon04.jpg 581w\" sizes=\"auto, (max-width: 230px) 100vw, 230px\" \/>desesperadamente saber m\u00e1s tras este d\u00edptico. \u00a1Quiero leer la continuaci\u00f3n de las aventuras de Itom\u00eb y Djo-Djo!<\/p>\n<p align=\"JUSTIFY\">Siempre que un buen universo se enriquezca, es motivo de celebraci\u00f3n.<\/p>\n","protected":false},"excerpt":{"rendered":"<p>Despu\u00e9s de Elfos (https:\/\/www.yermoediciones.com\/catalogo\/elfos\/), Enanos (https:\/\/www.yermoediciones.com\/catalogo\/enanos\/), Orcos &amp; Goblins (https:\/\/www.yermoediciones.com\/catalogo\/orcos-y-goblins\/) y Magos (https:\/\/www.yermoediciones.com\/catalogo\/magos\/), aqu\u00ed est\u00e1n Las Tierras de Ogon; la quinta variaci\u00f3n de este universo fant\u00e1stico creado por Jean-Luc Istin y Nicolas Jarry y al dibujo de Kyko Duarte y Alex Sierra. Hab\u00eda que atreverse y Yermo Ediciones no se contuvo. Ya me dir\u00e9is si [&hellip;]<\/p>\n","protected":false},"author":4,"featured_media":0,"comment_status":"closed","ping_status":"closed","sticky":false,"template":"","format":"standard","meta":{"footnotes":""},"categories":[53,44,34,6,104],"tags":[421,11,10,105],"class_list":["post-15535","post","type-post","status-publish","format-standard","hentry","category-bd","category-comic-europeo","category-fantasia","category-resenas","category-yermo-ediciones","tag-comic-europeo-2024","tag-j-j-castillo","tag-resenas","tag-yermo-ediciones"],"_links":{"self":[{"href":"https:\/\/www.cronicasliterarias.es\/index.php?rest_route=\/wp\/v2\/posts\/15535","targetHints":{"allow":["GET"]}}],"collection":[{"href":"https:\/\/www.cronicasliterarias.es\/index.php?rest_route=\/wp\/v2\/posts"}],"about":[{"href":"https:\/\/www.cronicasliterarias.es\/index.php?rest_route=\/wp\/v2\/types\/post"}],"author":[{"embeddable":true,"href":"https:\/\/www.cronicasliterarias.es\/index.php?rest_route=\/wp\/v2\/users\/4"}],"replies":[{"embeddable":true,"href":"https:\/\/www.cronicasliterarias.es\/index.php?rest_route=%2Fwp%2Fv2%2Fcomments&post=15535"}],"version-history":[{"count":6,"href":"https:\/\/www.cronicasliterarias.es\/index.php?rest_route=\/wp\/v2\/posts\/15535\/revisions"}],"predecessor-version":[{"id":15546,"href":"https:\/\/www.cronicasliterarias.es\/index.php?rest_route=\/wp\/v2\/posts\/15535\/revisions\/15546"}],"wp:attachment":[{"href":"https:\/\/www.cronicasliterarias.es\/index.php?rest_route=%2Fwp%2Fv2%2Fmedia&parent=15535"}],"wp:term":[{"taxonomy":"category","embeddable":true,"href":"https:\/\/www.cronicasliterarias.es\/index.php?rest_route=%2Fwp%2Fv2%2Fcategories&post=15535"},{"taxonomy":"post_tag","embeddable":true,"href":"https:\/\/www.cronicasliterarias.es\/index.php?rest_route=%2Fwp%2Fv2%2Ftags&post=15535"}],"curies":[{"name":"wp","href":"https:\/\/api.w.org\/{rel}","templated":true}]}}