{"id":15811,"date":"2024-03-15T00:05:00","date_gmt":"2024-03-15T00:05:00","guid":{"rendered":"https:\/\/www.cronicasliterarias.es\/?p=15811"},"modified":"2024-03-16T10:10:16","modified_gmt":"2024-03-16T10:10:16","slug":"resena-la-bibliomula-de-cordoba-de-lupano-y-chemineau","status":"publish","type":"post","link":"https:\/\/www.cronicasliterarias.es\/?p=15811","title":{"rendered":"Rese\u00f1a: La Bibliomula de C\u00f3rdoba, de Lupano y Chemineau"},"content":{"rendered":"<p align=\"JUSTIFY\"><img loading=\"lazy\" decoding=\"async\" class=\"alignleft  wp-image-15812\" src=\"https:\/\/www.cronicasliterarias.es\/wp-content\/uploads\/2024\/03\/labibliomuladecordoba.jpg\" alt=\"\" width=\"252\" height=\"343\" srcset=\"https:\/\/www.cronicasliterarias.es\/wp-content\/uploads\/2024\/03\/labibliomuladecordoba.jpg 633w, https:\/\/www.cronicasliterarias.es\/wp-content\/uploads\/2024\/03\/labibliomuladecordoba-221x300.jpg 221w\" sizes=\"auto, (max-width: 252px) 100vw, 252px\" \/>Ha sido un verdadero placer leer este c\u00f3mic, <em>La bibliomula de C\u00f3rdoba<\/em>, recientemente publicado por Norma Editorial en una preciosa edici\u00f3n: \u00a1Es espl\u00e9ndido desde m\u00faltiples puntos de vista! Contiene un escenario muy rico, a lo largo del viaje \u00e9pico de un tr\u00edo de personajes que nada predispone a priori a la aventura: Tarid, el bibliotecario eunuco elegante y corpulento, Lubna, la copista esclava que trabaja con Tarid, y Marwan, el antiguo alumno de Tarid que se convirti\u00f3 en un t\u00edo de la calle&#8230; Tenemos a un tr\u00edo e incluso a un cuarteto porque a ellos se les une la memorable mula del t\u00edtulo, que juega un papel esencial (e inesperado) en la historia y que contribuye a la trama con una fuerza c\u00f3mica como pocas veces se ha visto en un animal de compa\u00f1\u00eda.<\/p>\n<p align=\"JUSTIFY\">Un cuarteto que se forma un poco por casualidad, tras un terrible acontecimiento inaugural que los dejar\u00e1 desamparados: el incendio de la biblioteca por parte de un malintencionado visir, menos fan\u00e1tico religioso que pol\u00edtico, deseoso de atraer el <img loading=\"lazy\" decoding=\"async\" class=\"alignright  wp-image-15813\" src=\"https:\/\/www.cronicasliterarias.es\/wp-content\/uploads\/2024\/03\/labibliomuladecordoba04-300x211.jpg\" alt=\"\" width=\"215\" height=\"151\" srcset=\"https:\/\/www.cronicasliterarias.es\/wp-content\/uploads\/2024\/03\/labibliomuladecordoba04-300x211.jpg 300w, https:\/\/www.cronicasliterarias.es\/wp-content\/uploads\/2024\/03\/labibliomuladecordoba04.jpg 542w\" sizes=\"auto, (max-width: 215px) 100vw, 215px\" \/>apoyo de los religiosos. Obviamente, todo elaborado por culpa de su ambici\u00f3n pol\u00edtica&#8230; Leer esta historia es vivir una aventura rica y apasionante.<\/p>\n<p align=\"JUSTIFY\">Se percibe a leguas que los autores han realizado un trabajo de investigaci\u00f3n y documentaci\u00f3n de gran precisi\u00f3n, plasmando en im\u00e1genes bell\u00edsimas ilustraciones de lugares y paisajes que nos transportan literalmente a nuestro pa\u00eds en la \u00e9poca en la que Al-Andalus era el principal reino \u00e1rabe en Europa. La misma \u00e9poca del apogeo pol\u00edtico del emirato de C\u00f3rdoba, principal capital del mundo (se dice que entonces era la ciudad m\u00e1s poblada del continente). El interesant\u00edsimo ep\u00edlogo muestra hasta qu\u00e9 punto el libro es fiel a lo que sabemos de esta \u00e9poca en la que conviv\u00edan (m\u00e1s o menos pac\u00edficamente seg\u00fan el momento) reinos musulmanes y cristianos en nuestro pa\u00eds. Y en mi Al-Andalus: musulmanes, cristianos y jud\u00edos. Y en el hilo de la historia descubrimos an\u00e9cdotas aut\u00e9nticas y sorprendentes, hasta los detalles de las inesperadas aventuras de un rey demasiado gordo para montar a caballo, o de las <img loading=\"lazy\" decoding=\"async\" class=\"alignleft  wp-image-15815\" src=\"https:\/\/www.cronicasliterarias.es\/wp-content\/uploads\/2024\/03\/labibliomuladecordoba01-300x255.jpg\" alt=\"\" width=\"160\" height=\"136\" srcset=\"https:\/\/www.cronicasliterarias.es\/wp-content\/uploads\/2024\/03\/labibliomuladecordoba01-300x255.jpg 300w, https:\/\/www.cronicasliterarias.es\/wp-content\/uploads\/2024\/03\/labibliomuladecordoba01.jpg 362w\" sizes=\"auto, (max-width: 160px) 100vw, 160px\" \/>espadas vikingas falsificadas que circularon en el siglo X y que s\u00f3lo un ojo avispado en temas hist\u00f3ricos podr\u00eda identificar.<\/p>\n<p align=\"JUSTIFY\">Una aventura rica en giros de tuerca, humor y m\u00faltiples emociones tambi\u00e9n. La historia contiene muchos misterios relacionados con los personajes principales cuya historia pasada vamos descubriendo poco a poco, incluso a trav\u00e9s de sue\u00f1os casi fant\u00e1sticos cuyo significado luego descubrimos. En la descripci\u00f3n de esta dura \u00e9poca, que no se presenta de forma idealizada, nuestros antih\u00e9roes se enfrentan a numerosas dificultades, perseguidos por muchos, donde muchos de ellos eran seres m\u00e1s depredadores para los cuales los libros no significaban nada de nada. Como mucho, su valor comercial.<\/p>\n<p align=\"JUSTIFY\">Y un dise\u00f1o y dibujo maravilloso. Todos los protagonistas de este portentoso \u00e1lbum est\u00e1n dibujados con gran talento, ya sean los personajes importantes de la historia, pero tambi\u00e9n todos los numerosos personajes secundarios que existen los cuales <img loading=\"lazy\" decoding=\"async\" class=\"alignright size-medium wp-image-15816\" src=\"https:\/\/www.cronicasliterarias.es\/wp-content\/uploads\/2024\/03\/labibliomuladecordoba02-300x158.jpg\" alt=\"\" width=\"300\" height=\"158\" srcset=\"https:\/\/www.cronicasliterarias.es\/wp-content\/uploads\/2024\/03\/labibliomuladecordoba02-300x158.jpg 300w, https:\/\/www.cronicasliterarias.es\/wp-content\/uploads\/2024\/03\/labibliomuladecordoba02-768x404.jpg 768w, https:\/\/www.cronicasliterarias.es\/wp-content\/uploads\/2024\/03\/labibliomuladecordoba02.jpg 807w\" sizes=\"auto, (max-width: 300px) 100vw, 300px\" \/>brotan con realismo entre arquitecturas ilustradas s\u00faper realistas (si a\u00fan no hab\u00e9is visitado la Mezquita de C\u00f3rdoba, est\u00e1is calentando el sitio). Pero ya lo que me dej\u00f3 con el culo torcido en <em>La bibliomula de C\u00f3rdoba<\/em> es, que m\u00e1s all\u00e1 de la historia \u00e9pica, hay otra historia entretejida, que nos habla del amor por los libros, la riqueza del conocimiento que nos permiten compartir y lo que aportan a la humanidad. \u00a1Es fascinante redescubrir con Tarid antiguas intuiciones hoy a menudo poco conocidas sobre la evoluci\u00f3n de las especies o los inicios de la aviaci\u00f3n! A lo largo de los libros mencionados en la historieta, la trama rinde homenaje a la riqueza de la literatura de los eruditos de Al-Andalus y recuerda su papel esencial como, por ejemplo, contrabandistas que permitieron salvar los textos de muchos grandes autores de antig\u00fcedades que solo buscaban su propio beneficio. Otra historia de la fragilidad y acoso a los libros en nuestra historia pasada.<\/p>\n<p style=\"text-align: center;\" align=\"JUSTIFY\"><img loading=\"lazy\" decoding=\"async\" class=\"aligncenter  wp-image-15814\" src=\"https:\/\/www.cronicasliterarias.es\/wp-content\/uploads\/2024\/03\/labibliomuladecordoba03.jpg\" alt=\"\" width=\"429\" height=\"120\" srcset=\"https:\/\/www.cronicasliterarias.es\/wp-content\/uploads\/2024\/03\/labibliomuladecordoba03.jpg 763w, https:\/\/www.cronicasliterarias.es\/wp-content\/uploads\/2024\/03\/labibliomuladecordoba03-300x84.jpg 300w\" sizes=\"auto, (max-width: 429px) 100vw, 429px\" \/><\/p>\n<p align=\"JUSTIFY\"><em>La bibliomula de C\u00f3rdoba<\/em> es un c\u00f3mic, un \u00e1lbum, un objeto hermoso que gusta tener en casa, entre las manos, en una urna de exposici\u00f3n. Un \u00e9xito total de estos autores. Un c\u00f3mic de museo disponible en librer\u00edas.<\/p>\n","protected":false},"excerpt":{"rendered":"<p>Ha sido un verdadero placer leer este c\u00f3mic, La bibliomula de C\u00f3rdoba, recientemente publicado por Norma Editorial en una preciosa edici\u00f3n: \u00a1Es espl\u00e9ndido desde m\u00faltiples puntos de vista! Contiene un escenario muy rico, a lo largo del viaje \u00e9pico de un tr\u00edo de personajes que nada predispone a priori a la aventura: Tarid, el bibliotecario [&hellip;]<\/p>\n","protected":false},"author":4,"featured_media":0,"comment_status":"closed","ping_status":"closed","sticky":false,"template":"","format":"standard","meta":{"footnotes":""},"categories":[53,44,30,6],"tags":[438,421,58,11,22,10],"class_list":["post-15811","post","type-post","status-publish","format-standard","hentry","category-bd","category-comic-europeo","category-norma-editorial","category-resenas","tag-comic-del-ano-2024","tag-comic-europeo-2024","tag-indispensables-comics","tag-j-j-castillo","tag-norma-editorial","tag-resenas"],"_links":{"self":[{"href":"https:\/\/www.cronicasliterarias.es\/index.php?rest_route=\/wp\/v2\/posts\/15811","targetHints":{"allow":["GET"]}}],"collection":[{"href":"https:\/\/www.cronicasliterarias.es\/index.php?rest_route=\/wp\/v2\/posts"}],"about":[{"href":"https:\/\/www.cronicasliterarias.es\/index.php?rest_route=\/wp\/v2\/types\/post"}],"author":[{"embeddable":true,"href":"https:\/\/www.cronicasliterarias.es\/index.php?rest_route=\/wp\/v2\/users\/4"}],"replies":[{"embeddable":true,"href":"https:\/\/www.cronicasliterarias.es\/index.php?rest_route=%2Fwp%2Fv2%2Fcomments&post=15811"}],"version-history":[{"count":3,"href":"https:\/\/www.cronicasliterarias.es\/index.php?rest_route=\/wp\/v2\/posts\/15811\/revisions"}],"predecessor-version":[{"id":15819,"href":"https:\/\/www.cronicasliterarias.es\/index.php?rest_route=\/wp\/v2\/posts\/15811\/revisions\/15819"}],"wp:attachment":[{"href":"https:\/\/www.cronicasliterarias.es\/index.php?rest_route=%2Fwp%2Fv2%2Fmedia&parent=15811"}],"wp:term":[{"taxonomy":"category","embeddable":true,"href":"https:\/\/www.cronicasliterarias.es\/index.php?rest_route=%2Fwp%2Fv2%2Fcategories&post=15811"},{"taxonomy":"post_tag","embeddable":true,"href":"https:\/\/www.cronicasliterarias.es\/index.php?rest_route=%2Fwp%2Fv2%2Ftags&post=15811"}],"curies":[{"name":"wp","href":"https:\/\/api.w.org\/{rel}","templated":true}]}}