{"id":15841,"date":"2024-03-18T00:05:00","date_gmt":"2024-03-18T00:05:00","guid":{"rendered":"https:\/\/www.cronicasliterarias.es\/?p=15841"},"modified":"2024-03-18T07:54:36","modified_gmt":"2024-03-18T07:54:36","slug":"resena-la-debacle-de-pascal-rabate-rev","status":"publish","type":"post","link":"https:\/\/www.cronicasliterarias.es\/?p=15841","title":{"rendered":"Rese\u00f1a: La Debacle, de Pascal Rabat\u00e9"},"content":{"rendered":"<p align=\"JUSTIFY\"><img loading=\"lazy\" decoding=\"async\" class=\"alignleft  wp-image-15844\" src=\"https:\/\/www.cronicasliterarias.es\/wp-content\/uploads\/2024\/03\/ladebacle-767x1024.jpg\" alt=\"\" width=\"235\" height=\"314\" srcset=\"https:\/\/www.cronicasliterarias.es\/wp-content\/uploads\/2024\/03\/ladebacle-767x1024.jpg 767w, https:\/\/www.cronicasliterarias.es\/wp-content\/uploads\/2024\/03\/ladebacle-225x300.jpg 225w, https:\/\/www.cronicasliterarias.es\/wp-content\/uploads\/2024\/03\/ladebacle-768x1025.jpg 768w, https:\/\/www.cronicasliterarias.es\/wp-content\/uploads\/2024\/03\/ladebacle.jpg 901w\" sizes=\"auto, (max-width: 235px) 100vw, 235px\" \/><em>La debacle<\/em> es de esos c\u00f3mics evocadores que dejan la sensaci\u00f3n de haber le\u00eddo una gran historia que uno no olvidar\u00e1 jam\u00e1s. De hecho, me fustigo porque en su d\u00eda de esta historia solo hab\u00eda le\u00eddo el primer \u00e1lbum y no recuerdo por qu\u00e9, jam\u00e1s le\u00ed su conclusi\u00f3n. As\u00ed que aprovechando que se rescataba en formato \u00edntegro, este cuya mente empieza a cortocircuitear, no iba a perder la oportunidad de leerlo y rese\u00f1arlo para <em>Desde New York CL.<\/em><\/p>\n<p align=\"JUSTIFY\">Un c\u00f3mic donde el genial historietista Pascal Rabat\u00e9 (<em>Un gusano en la fruta, La virgen de pl\u00e1stico<\/em>), decenas de a\u00f1os despu\u00e9s del famoso \u00c9xodo franc\u00e9s, revive aquella falsa guerrilla y chulescas intenciones sin sentido de los galos, en formato c\u00f3mic. Lo que ocurri\u00f3 entonces es bien conocido al otro lado de los Pirineos pero para el que no tenga conocimiento: frente a la Blitzkrieg de la Wehrmacht, las fuerzas francesas muy mal equipadas y preparadas, fueron barridas en menos que canta un gallo. Y miles de franceses tuvieron que huir ante lo que se les ven\u00eda encima. Un intento de frenada que fue un sinsentido y que termin\u00f3 en desbandada. Y aqu\u00ed justamente es donde entra en escena un soldado cualquiera atrapado en el torbellino de aquella <img loading=\"lazy\" decoding=\"async\" class=\"alignright  wp-image-15845\" src=\"https:\/\/www.cronicasliterarias.es\/wp-content\/uploads\/2024\/03\/ladebacle02-300x260.jpg\" alt=\"\" width=\"129\" height=\"112\" srcset=\"https:\/\/www.cronicasliterarias.es\/wp-content\/uploads\/2024\/03\/ladebacle02-300x260.jpg 300w, https:\/\/www.cronicasliterarias.es\/wp-content\/uploads\/2024\/03\/ladebacle02.jpg 573w\" sizes=\"auto, (max-width: 129px) 100vw, 129px\" \/>debacle.<\/p>\n<p align=\"JUSTIFY\">Y caminando entre Robert Lamoureux y Jean Aurel, a Pascal Rabat\u00e9 le queda un retrato medio divertido y medio consternado de una naci\u00f3n en completo desorden. Porque como buen recluta, Videgrain intenta cumplir con su deber lo mejor posible&#8230;, mientras todo a su alrededor parece desmoronarse. A lo largo de sus andanzas se topa con soldados tan perdidos -geogr\u00e1fica y moralmente- como \u00e9l. Fugitivos sobrecargados y bastante desolaci\u00f3n. Pero el esp\u00edritu de la derrota divertidamente ilustrado. Rozando el absurdo en ocasiones al m\u00e1s puro estilo Samuel Beckett; los encuentros y di\u00e1logos que vais a encontrar en <em>La debacle<\/em> son geniales y siempre muy realistas. Se percibe a leguas que Rabat\u00e9 se document\u00f3 bien y afortunadamente no cae en el didactismo. Rabat\u00e9 no rehace la Historia, sino que cuenta y muestra a unos cuantos individuos perdidos en el caos, los cuales se arremangan para hacer lo que creen correcto.<\/p>\n<p style=\"text-align: center;\" align=\"JUSTIFY\"><img loading=\"lazy\" decoding=\"async\" class=\"aligncenter  wp-image-15846\" src=\"https:\/\/www.cronicasliterarias.es\/wp-content\/uploads\/2024\/03\/ladebacle01-1024x436.jpg\" alt=\"\" width=\"381\" height=\"162\" srcset=\"https:\/\/www.cronicasliterarias.es\/wp-content\/uploads\/2024\/03\/ladebacle01-1024x436.jpg 1024w, https:\/\/www.cronicasliterarias.es\/wp-content\/uploads\/2024\/03\/ladebacle01-300x128.jpg 300w, https:\/\/www.cronicasliterarias.es\/wp-content\/uploads\/2024\/03\/ladebacle01-768x327.jpg 768w, https:\/\/www.cronicasliterarias.es\/wp-content\/uploads\/2024\/03\/ladebacle01.jpg 1186w\" sizes=\"auto, (max-width: 381px) 100vw, 381px\" \/><\/p>\n<p align=\"JUSTIFY\">Gr\u00e1ficamente, el dise\u00f1ador opt\u00f3 por un estilo sencillo y muy ligero. Sin excesos ni furia en la puesta en escena ni en el montaje, todos los acontecimientos -incluidos los cad\u00e1veres que cubren ciertas vi\u00f1etas- est\u00e1n representados de una manera \u00fanica y muy humana, a trav\u00e9s de los ojos del h\u00e9roe. Esta visi\u00f3n frontal y distante resulta particularmente eficaz por su franqueza. De hecho, evita dar vueltas, el guionista-ilustrador logra resaltar las emociones de sus personajes, al tiempo que pone al lector frente a las suyas propias. Un buen ejemplo, las frases:<\/p>\n<p style=\"text-align: center;\" align=\"JUSTIFY\"><em>Y nosotros, \u00bfqu\u00e9 hubi\u00e9ramos hecho entonces?<\/em><\/p>\n<p align=\"JUSTIFY\"><em>La debacle<\/em> doler\u00e1 donde m\u00e1s duele al lector orgulloso franc\u00e9s. O no. Se reir\u00e1 porque a estas alturas poco se puede hacer. Para el p\u00fablico m\u00e1s objetivo o <img loading=\"lazy\" decoding=\"async\" class=\"alignleft  wp-image-15847\" src=\"https:\/\/www.cronicasliterarias.es\/wp-content\/uploads\/2024\/03\/ladebacle03-300x251.jpg\" alt=\"\" width=\"172\" height=\"144\" srcset=\"https:\/\/www.cronicasliterarias.es\/wp-content\/uploads\/2024\/03\/ladebacle03-300x251.jpg 300w, https:\/\/www.cronicasliterarias.es\/wp-content\/uploads\/2024\/03\/ladebacle03.jpg 591w\" sizes=\"auto, (max-width: 172px) 100vw, 172px\" \/>general, queda una volumen maravilloso de lectura \u00e1gil, divertido (dentro del trasfondo b\u00e9lico) y divierte cuando es necesario muy en el tono de <em>La vida es bella<\/em>, de Roberto Benigni. <em>La debacle<\/em> es otra de las joyitas de buen c\u00f3mic europeo que Norma Editorial acaba de poner en su cat\u00e1logo.<\/p>\n","protected":false},"excerpt":{"rendered":"<p>La debacle es de esos c\u00f3mics evocadores que dejan la sensaci\u00f3n de haber le\u00eddo una gran historia que uno no olvidar\u00e1 jam\u00e1s. De hecho, me fustigo porque en su d\u00eda de esta historia solo hab\u00eda le\u00eddo el primer \u00e1lbum y no recuerdo por qu\u00e9, jam\u00e1s le\u00ed su conclusi\u00f3n. As\u00ed que aprovechando que se rescataba en [&hellip;]<\/p>\n","protected":false},"author":4,"featured_media":0,"comment_status":"closed","ping_status":"closed","sticky":false,"template":"","format":"standard","meta":{"footnotes":""},"categories":[53,204,44,30,6],"tags":[421,11,22,10],"class_list":["post-15841","post","type-post","status-publish","format-standard","hentry","category-bd","category-belico","category-comic-europeo","category-norma-editorial","category-resenas","tag-comic-europeo-2024","tag-j-j-castillo","tag-norma-editorial","tag-resenas"],"_links":{"self":[{"href":"https:\/\/www.cronicasliterarias.es\/index.php?rest_route=\/wp\/v2\/posts\/15841","targetHints":{"allow":["GET"]}}],"collection":[{"href":"https:\/\/www.cronicasliterarias.es\/index.php?rest_route=\/wp\/v2\/posts"}],"about":[{"href":"https:\/\/www.cronicasliterarias.es\/index.php?rest_route=\/wp\/v2\/types\/post"}],"author":[{"embeddable":true,"href":"https:\/\/www.cronicasliterarias.es\/index.php?rest_route=\/wp\/v2\/users\/4"}],"replies":[{"embeddable":true,"href":"https:\/\/www.cronicasliterarias.es\/index.php?rest_route=%2Fwp%2Fv2%2Fcomments&post=15841"}],"version-history":[{"count":3,"href":"https:\/\/www.cronicasliterarias.es\/index.php?rest_route=\/wp\/v2\/posts\/15841\/revisions"}],"predecessor-version":[{"id":15850,"href":"https:\/\/www.cronicasliterarias.es\/index.php?rest_route=\/wp\/v2\/posts\/15841\/revisions\/15850"}],"wp:attachment":[{"href":"https:\/\/www.cronicasliterarias.es\/index.php?rest_route=%2Fwp%2Fv2%2Fmedia&parent=15841"}],"wp:term":[{"taxonomy":"category","embeddable":true,"href":"https:\/\/www.cronicasliterarias.es\/index.php?rest_route=%2Fwp%2Fv2%2Fcategories&post=15841"},{"taxonomy":"post_tag","embeddable":true,"href":"https:\/\/www.cronicasliterarias.es\/index.php?rest_route=%2Fwp%2Fv2%2Ftags&post=15841"}],"curies":[{"name":"wp","href":"https:\/\/api.w.org\/{rel}","templated":true}]}}