{"id":15851,"date":"2024-03-19T00:05:00","date_gmt":"2024-03-19T00:05:00","guid":{"rendered":"https:\/\/www.cronicasliterarias.es\/?p=15851"},"modified":"2024-03-18T09:56:11","modified_gmt":"2024-03-18T09:56:11","slug":"resena-la-desaparicion-de-josef-mengele-de-guez-matz-y-mailliet","status":"publish","type":"post","link":"https:\/\/www.cronicasliterarias.es\/?p=15851","title":{"rendered":"Rese\u00f1a: La Desaparici\u00f3n de Josef Mengele, de Guez, Matz y Mailliet"},"content":{"rendered":"<p align=\"JUSTIFY\"><img loading=\"lazy\" decoding=\"async\" class=\"alignright  wp-image-15852\" src=\"https:\/\/www.cronicasliterarias.es\/wp-content\/uploads\/2024\/03\/ladesapariciondejosefmengele-730x1024.jpg\" alt=\"\" width=\"218\" height=\"306\" srcset=\"https:\/\/www.cronicasliterarias.es\/wp-content\/uploads\/2024\/03\/ladesapariciondejosefmengele-730x1024.jpg 730w, https:\/\/www.cronicasliterarias.es\/wp-content\/uploads\/2024\/03\/ladesapariciondejosefmengele-214x300.jpg 214w, https:\/\/www.cronicasliterarias.es\/wp-content\/uploads\/2024\/03\/ladesapariciondejosefmengele-768x1078.jpg 768w, https:\/\/www.cronicasliterarias.es\/wp-content\/uploads\/2024\/03\/ladesapariciondejosefmengele.jpg 855w\" sizes=\"auto, (max-width: 218px) 100vw, 218px\" \/>Siguiendo en la l\u00ednea de la rese\u00f1a de ayer, ten\u00eda ganas de algo del mismo tema pero un poco m\u00e1s serio. Otro c\u00f3mic del conflicto b\u00e9lico que m\u00e1s obras ha dado al mundo del arte. Un poco m\u00e1s serio&#8230;, esa era la idea. Y sab\u00eda que Planeta C\u00f3mic reci\u00e9n publicaba este mes <em>La desaparici\u00f3n de Josef Mengele<\/em>, una historia de la que hab\u00eda o\u00eddo hablar pero de la que apenas ten\u00eda conocimiento y resultado. Y para eso uno lee, \u00bfno? Para disfrutar a la vez que aprende, se documenta, con libros y c\u00f3mics hist\u00f3ricos bellamente representados como podemos encontrar siempre dentro del c\u00f3mic europeo.<\/p>\n<p align=\"JUSTIFY\"><em>La desaparici\u00f3n de Josef Mengele,<\/em> narra la vida de este nazi \u00abm\u00e9dico\u00bb que realiz\u00f3 experimentos con deportados en Auschwitz. Mengele fue el arquetipo b\u00e1sico del criminal nazi de los chungos, horrible personalidad y sin pizca de humanidad. Ofici\u00f3 en Auschwitz, llevando a millones de personas a la muerte sin el menor arrepentimiento. Fue el m\u00e9dico que llev\u00f3 a cabo algunos experimentos antropol\u00f3gicos y gen\u00e9ticos bastante morbosos para el Reich. Por eso al final de la Segunda Guerra Mundial era uno de los criminales m\u00e1s buscados. Pero este t\u00edo cont\u00f3 con el apoyo familiar de su padre, propietario de una f\u00e1brica de <img loading=\"lazy\" decoding=\"async\" class=\"alignleft  wp-image-15853\" src=\"https:\/\/www.cronicasliterarias.es\/wp-content\/uploads\/2024\/03\/ladesapariciondejosefmengele01-300x142.jpg\" alt=\"\" width=\"207\" height=\"98\" srcset=\"https:\/\/www.cronicasliterarias.es\/wp-content\/uploads\/2024\/03\/ladesapariciondejosefmengele01-300x142.jpg 300w, https:\/\/www.cronicasliterarias.es\/wp-content\/uploads\/2024\/03\/ladesapariciondejosefmengele01-768x364.jpg 768w, https:\/\/www.cronicasliterarias.es\/wp-content\/uploads\/2024\/03\/ladesapariciondejosefmengele01.jpg 771w\" sizes=\"auto, (max-width: 207px) 100vw, 207px\" \/>equipamiento agr\u00edcola en Baviera, los mismos que contaban con la buena voluntad de los norteamericanos en el contexto de la Guerra Fr\u00eda. Sin embargo, los cr\u00edmenes que contaban en su haber eran demasiado horribles como para dejarlos pasar. Lo que le llev\u00f3 a una huida desesperada a la Argentina de 1949 en un momento en que ese pa\u00eds estaba dirigido por un militar llamado Juan Per\u00f3n.<\/p>\n<p align=\"JUSTIFY\">Es cierto que existe una especie de simpat\u00eda entre las dictaduras del mundo, \u00bfno? El modelo alem\u00e1n fue fuente de inspiraci\u00f3n para Argentina, que so\u00f1aba con ser una verdadera potencia en Sudam\u00e9rica. Como resultado, entre 1946 y 1952, bajo las dos presidencias de Per\u00f3n, varios miles de ex-nazis, incluidos muchos criminales de guerra notorios, llegaron a Argentina a trav\u00e9s de diferentes canales. Uno de los m\u00e1s famosos fue Adolf Eichmann (a quien tambi\u00e9n conoceremos durante la lectura) y tambi\u00e9n conoceremos a Vittorio Mussolini, uno de los hijos del famoso fascista <img loading=\"lazy\" decoding=\"async\" class=\"alignright size-medium wp-image-15855\" src=\"https:\/\/www.cronicasliterarias.es\/wp-content\/uploads\/2024\/03\/ladesapariciondejosefmengele02-300x100.jpg\" alt=\"\" width=\"300\" height=\"100\" srcset=\"https:\/\/www.cronicasliterarias.es\/wp-content\/uploads\/2024\/03\/ladesapariciondejosefmengele02-300x100.jpg 300w, https:\/\/www.cronicasliterarias.es\/wp-content\/uploads\/2024\/03\/ladesapariciondejosefmengele02-1024x342.jpg 1024w, https:\/\/www.cronicasliterarias.es\/wp-content\/uploads\/2024\/03\/ladesapariciondejosefmengele02-768x257.jpg 768w, https:\/\/www.cronicasliterarias.es\/wp-content\/uploads\/2024\/03\/ladesapariciondejosefmengele02.jpg 1122w\" sizes=\"auto, (max-width: 300px) 100vw, 300px\" \/>italiano. Pero por entonces Argentina era un verdadero remanso de paz, una tierra de asilo para los nazis en fuga, los vemos en cenas sociales, los vemos prosperar en los negocios, hay que decir que incluso antes del fin del conflicto mundial, el capital alem\u00e1n transferido a Argentina financi\u00f3 el nacimiento de un centenar de empresas. Y aqu\u00ed tambi\u00e9n se les ve bebiendo c\u00f3cteles sentados en una tumbona al borde de la piscina con suelo cubierto con una esv\u00e1stica. \u00a1La vida es bella!<\/p>\n<p style=\"text-align: center;\" align=\"JUSTIFY\">\n<p align=\"JUSTIFY\">Escenas que pueden provocar malestar al lector. Pero Mengele siempre quiso m\u00e1s. Esto le llevar\u00e1 a la paranoia total y a su perdici\u00f3n. Y con Per\u00f3n derrocado, el doctor Mengele, el \u00e1ngel de la muerte de Auschwitz, tiene que salir por patas de Buenos Aires hacia Paraguay. Tambi\u00e9n sabemos que en 1960, un trueno sembr\u00f3 la serenidad de los nazis en Argentina porque un comando israel\u00ed secuestr\u00f3 a Adolf Eichmann, uno de los principales perpetradores del Holocausto. El lazo se estrecha entonces sobre Mengele, que es perseguido por investigadores alemanes e israel\u00edes hasta que&#8230;<\/p>\n<p align=\"JUSTIFY\"><img loading=\"lazy\" decoding=\"async\" class=\"alignleft  wp-image-15854\" src=\"https:\/\/www.cronicasliterarias.es\/wp-content\/uploads\/2024\/03\/ladesapariciondejosefmengele03-262x300.jpg\" alt=\"\" width=\"183\" height=\"210\" srcset=\"https:\/\/www.cronicasliterarias.es\/wp-content\/uploads\/2024\/03\/ladesapariciondejosefmengele03-262x300.jpg 262w, https:\/\/www.cronicasliterarias.es\/wp-content\/uploads\/2024\/03\/ladesapariciondejosefmengele03.jpg 474w\" sizes=\"auto, (max-width: 183px) 100vw, 183px\" \/>Lo siento, si no yo no sab\u00eda como acababa esta historia, imagino que alguno de vosotros tampoco. As\u00ed que lo ideal es poneros con esta genial novela gr\u00e1fica para resolverlo. Pero antes, unas palabras sobre el dibujo de Jorg Maillet para indicar que su dinamismo transmite perfectamente el ritmo y la energ\u00eda del escenario de Matz.<\/p>\n<p align=\"JUSTIFY\">Fascinante c\u00f3mic que narra perfectamente una versi\u00f3n realista de los hechos.<\/p>\n","protected":false},"excerpt":{"rendered":"<p>Siguiendo en la l\u00ednea de la rese\u00f1a de ayer, ten\u00eda ganas de algo del mismo tema pero un poco m\u00e1s serio. Otro c\u00f3mic del conflicto b\u00e9lico que m\u00e1s obras ha dado al mundo del arte. Un poco m\u00e1s serio&#8230;, esa era la idea. Y sab\u00eda que Planeta C\u00f3mic reci\u00e9n publicaba este mes La desaparici\u00f3n de [&hellip;]<\/p>\n","protected":false},"author":4,"featured_media":0,"comment_status":"closed","ping_status":"closed","sticky":false,"template":"","format":"standard","meta":{"footnotes":""},"categories":[53,44,203,26,6],"tags":[11,432,10],"class_list":["post-15851","post","type-post","status-publish","format-standard","hentry","category-bd","category-comic-europeo","category-novela-grafica","category-planeta-comic","category-resenas","tag-j-j-castillo","tag-novelas-graficas-planeta-comic","tag-resenas"],"_links":{"self":[{"href":"https:\/\/www.cronicasliterarias.es\/index.php?rest_route=\/wp\/v2\/posts\/15851","targetHints":{"allow":["GET"]}}],"collection":[{"href":"https:\/\/www.cronicasliterarias.es\/index.php?rest_route=\/wp\/v2\/posts"}],"about":[{"href":"https:\/\/www.cronicasliterarias.es\/index.php?rest_route=\/wp\/v2\/types\/post"}],"author":[{"embeddable":true,"href":"https:\/\/www.cronicasliterarias.es\/index.php?rest_route=\/wp\/v2\/users\/4"}],"replies":[{"embeddable":true,"href":"https:\/\/www.cronicasliterarias.es\/index.php?rest_route=%2Fwp%2Fv2%2Fcomments&post=15851"}],"version-history":[{"count":3,"href":"https:\/\/www.cronicasliterarias.es\/index.php?rest_route=\/wp\/v2\/posts\/15851\/revisions"}],"predecessor-version":[{"id":15858,"href":"https:\/\/www.cronicasliterarias.es\/index.php?rest_route=\/wp\/v2\/posts\/15851\/revisions\/15858"}],"wp:attachment":[{"href":"https:\/\/www.cronicasliterarias.es\/index.php?rest_route=%2Fwp%2Fv2%2Fmedia&parent=15851"}],"wp:term":[{"taxonomy":"category","embeddable":true,"href":"https:\/\/www.cronicasliterarias.es\/index.php?rest_route=%2Fwp%2Fv2%2Fcategories&post=15851"},{"taxonomy":"post_tag","embeddable":true,"href":"https:\/\/www.cronicasliterarias.es\/index.php?rest_route=%2Fwp%2Fv2%2Ftags&post=15851"}],"curies":[{"name":"wp","href":"https:\/\/api.w.org\/{rel}","templated":true}]}}