{"id":15859,"date":"2024-03-20T00:05:00","date_gmt":"2024-03-20T00:05:00","guid":{"rendered":"https:\/\/www.cronicasliterarias.es\/?p=15859"},"modified":"2024-03-19T09:55:23","modified_gmt":"2024-03-19T09:55:23","slug":"resena-yo-soy-su-silencio-de-jordi-lafebre","status":"publish","type":"post","link":"https:\/\/www.cronicasliterarias.es\/?p=15859","title":{"rendered":"Rese\u00f1a: Soy su Silencio, de Jordi Lafebre"},"content":{"rendered":"<p align=\"JUSTIFY\"><img loading=\"lazy\" decoding=\"async\" class=\"alignleft  wp-image-15861\" src=\"https:\/\/www.cronicasliterarias.es\/wp-content\/uploads\/2024\/03\/yosoysusilencio-769x1024.jpg\" alt=\"\" width=\"216\" height=\"287\" srcset=\"https:\/\/www.cronicasliterarias.es\/wp-content\/uploads\/2024\/03\/yosoysusilencio-769x1024.jpg 769w, https:\/\/www.cronicasliterarias.es\/wp-content\/uploads\/2024\/03\/yosoysusilencio-225x300.jpg 225w, https:\/\/www.cronicasliterarias.es\/wp-content\/uploads\/2024\/03\/yosoysusilencio-768x1023.jpg 768w, https:\/\/www.cronicasliterarias.es\/wp-content\/uploads\/2024\/03\/yosoysusilencio.jpg 1041w\" sizes=\"auto, (max-width: 216px) 100vw, 216px\" \/>Me gust\u00f3 de este \u00e1lbum que Jordi LaFebre tuvo la inteligencia de cambiar completamente de registro tras su exitoso <em>Los buenos veranos (<a href=\"https:\/\/www.cronicasliterarias.es\/?p=13783\">https:\/\/www.cronicasliterarias.es\/?p=13783<\/a>).<\/em> Aqu\u00ed no hay una historia familiar humor\u00edstica sino un thriller, pero el autor mantiene una marca registrada: \u00a1Sus personajes! Siguen siendo igual de entra\u00f1ables y siguen ocultando sus defectos, sus dudas, su fragilidad detr\u00e1s de una fachada informal. Me encanta este tipo de personajes y creo que Jordi Lafebre los domina a la perfecci\u00f3n. Es decir, uno de los m\u00e1s potentes puntos del mundo del c\u00f3mic como son los personajes, los maneja de maravilla. Pero adem\u00e1s, este thriller, que lo es sin serlo, est\u00e1 muy bien hecho. Es ciertamente muy cl\u00e1sico con este personaje central que nos contar\u00e1 su historia (aqu\u00ed a trav\u00e9s de sesiones con un psic\u00f3logo) y esta herencia en torno a la cual se desgarra una familia. Una historia apasionante porque con cada p\u00e1gina, con cada vi\u00f1eta, sientes que quieres saber todo dato, hasta la \u00faltima palabra de lo ocurrido en el caso que se nos presenta.<\/p>\n<p align=\"JUSTIFY\"><img loading=\"lazy\" decoding=\"async\" class=\"alignright  wp-image-15862\" src=\"https:\/\/www.cronicasliterarias.es\/wp-content\/uploads\/2024\/03\/yosoysusilencio02-300x268.jpg\" alt=\"\" width=\"133\" height=\"119\" srcset=\"https:\/\/www.cronicasliterarias.es\/wp-content\/uploads\/2024\/03\/yosoysusilencio02-300x268.jpg 300w, https:\/\/www.cronicasliterarias.es\/wp-content\/uploads\/2024\/03\/yosoysusilencio02.jpg 587w\" sizes=\"auto, (max-width: 133px) 100vw, 133px\" \/>Como sab\u00e9is Jordi Lafebre, autor relevante del cat\u00e1logo del c\u00f3mic europeo y nacional, comenz\u00f3 trabajando, nada m\u00e1s y nada menos, que con Zidrou y luego salt\u00f3 a la autor\u00eda completa con <em>Carta blanca (<a href=\"https:\/\/www.cronicasliterarias.es\/?p=4955\">https:\/\/www.cronicasliterarias.es\/?p=4955<\/a>)<\/em>, comicazo con el que adquiri\u00f3 un enorme \u00e9xito tanto de cr\u00edtica como de p\u00fablico. Se puede decir que <em>Soy su silencio<\/em> es su segundo proyecto en solitario y se ha editado en castellano y catal\u00e1n en nuestro pa\u00eds de la mano de Norma Editorial. Pero digo m\u00e1s. Este pasado Angouleme 2024, esta obra que hoy os rese\u00f1o, gan\u00f3 el prestigioso premio que dan las librer\u00edas francesas.<\/p>\n<p align=\"JUSTIFY\">\u00bfY qu\u00e9 tenemos? Pues un escenario cl\u00e1sico, una historia de herencia en una familia rica con un asesinato que nos sumerge en un thriller lleno de sorpresas y suspense. Aunque la originalidad de este c\u00f3mic es su hero\u00edna. Ejerce la profesi\u00f3n de psiquiatra y sigue o se somete a una sesi\u00f3n con uno de sus colegas para determinar si puede continuar su carrera. Esta sesi\u00f3n nos presenta a una hero\u00edna divertida, alegre, despreocupada pero belicosa y valiente que asume naturalmente el papel de <img loading=\"lazy\" decoding=\"async\" class=\"alignleft  wp-image-15864\" src=\"https:\/\/www.cronicasliterarias.es\/wp-content\/uploads\/2024\/03\/yosoysusilencio04-300x164.jpg\" alt=\"\" width=\"196\" height=\"107\" srcset=\"https:\/\/www.cronicasliterarias.es\/wp-content\/uploads\/2024\/03\/yosoysusilencio04-300x164.jpg 300w, https:\/\/www.cronicasliterarias.es\/wp-content\/uploads\/2024\/03\/yosoysusilencio04-768x419.jpg 768w, https:\/\/www.cronicasliterarias.es\/wp-content\/uploads\/2024\/03\/yosoysusilencio04.jpg 885w\" sizes=\"auto, (max-width: 196px) 100vw, 196px\" \/>detective. Bajo su hechizo, esta investigaci\u00f3n brinda un agradable momento de lectura. Como os dec\u00eda, Lafebre sabe c\u00f3mo dar vida a sus personajes con sus peque\u00f1os defectos a menudo divertidos. Un verdadero thriller, con asesinatos e investigaciones, con Barcelona como terreno de juego. Una joven hablando con su terapeuta, la historia alterna secuencias en la oficina y otras que se desarrollan en el lugar de la acci\u00f3n. Esta narraci\u00f3n inteligente nos permite aprender mucho sobre nuestra hero\u00edna mientras avanzamos en la trama. Y hay mucho que decir sobre su personalidad. Porque es bipolar y escucha voces&#8230;<\/p>\n<p align=\"JUSTIFY\">Para el dibujo, me encant\u00f3 el s\u00edmbolo sobre las cabezas de los personajes para comprender instant\u00e1neamente sus sentimientos. Y es que en S<em>oy su silencio<\/em>, una vez m\u00e1s, Jordi Lafebre demuestra su talento para el noveno arte. Se reconoce su estilo din\u00e1mico y, como siempre, sus personajes expresivos son un acierto. Este <img loading=\"lazy\" decoding=\"async\" class=\"alignright  wp-image-15863\" src=\"https:\/\/www.cronicasliterarias.es\/wp-content\/uploads\/2024\/03\/yosoysusilencio01-300x137.jpg\" alt=\"\" width=\"223\" height=\"102\" srcset=\"https:\/\/www.cronicasliterarias.es\/wp-content\/uploads\/2024\/03\/yosoysusilencio01-300x137.jpg 300w, https:\/\/www.cronicasliterarias.es\/wp-content\/uploads\/2024\/03\/yosoysusilencio01-1024x466.jpg 1024w, https:\/\/www.cronicasliterarias.es\/wp-content\/uploads\/2024\/03\/yosoysusilencio01-768x350.jpg 768w, https:\/\/www.cronicasliterarias.es\/wp-content\/uploads\/2024\/03\/yosoysusilencio01.jpg 1160w\" sizes=\"auto, (max-width: 223px) 100vw, 223px\" \/>se\u00f1or seduce con sus propuestas en un \u00e1mbito en el que realmente no esperas, logrando conservar sus principales cualidades (dibujo cuidado y personajes entra\u00f1ables). Ah, y la conclusi\u00f3n es implacable y muy humana.<\/p>\n<p align=\"JUSTIFY\">Creo que esta obra merece alg\u00fan premio m\u00e1s.<\/p>\n","protected":false},"excerpt":{"rendered":"<p>Me gust\u00f3 de este \u00e1lbum que Jordi LaFebre tuvo la inteligencia de cambiar completamente de registro tras su exitoso Los buenos veranos (https:\/\/www.cronicasliterarias.es\/?p=13783). Aqu\u00ed no hay una historia familiar humor\u00edstica sino un thriller, pero el autor mantiene una marca registrada: \u00a1Sus personajes! Siguen siendo igual de entra\u00f1ables y siguen ocultando sus defectos, sus dudas, su [&hellip;]<\/p>\n","protected":false},"author":4,"featured_media":0,"comment_status":"closed","ping_status":"closed","sticky":false,"template":"","format":"standard","meta":{"footnotes":""},"categories":[53,44,30,6],"tags":[421,11,22,10],"class_list":["post-15859","post","type-post","status-publish","format-standard","hentry","category-bd","category-comic-europeo","category-norma-editorial","category-resenas","tag-comic-europeo-2024","tag-j-j-castillo","tag-norma-editorial","tag-resenas"],"_links":{"self":[{"href":"https:\/\/www.cronicasliterarias.es\/index.php?rest_route=\/wp\/v2\/posts\/15859","targetHints":{"allow":["GET"]}}],"collection":[{"href":"https:\/\/www.cronicasliterarias.es\/index.php?rest_route=\/wp\/v2\/posts"}],"about":[{"href":"https:\/\/www.cronicasliterarias.es\/index.php?rest_route=\/wp\/v2\/types\/post"}],"author":[{"embeddable":true,"href":"https:\/\/www.cronicasliterarias.es\/index.php?rest_route=\/wp\/v2\/users\/4"}],"replies":[{"embeddable":true,"href":"https:\/\/www.cronicasliterarias.es\/index.php?rest_route=%2Fwp%2Fv2%2Fcomments&post=15859"}],"version-history":[{"count":4,"href":"https:\/\/www.cronicasliterarias.es\/index.php?rest_route=\/wp\/v2\/posts\/15859\/revisions"}],"predecessor-version":[{"id":15868,"href":"https:\/\/www.cronicasliterarias.es\/index.php?rest_route=\/wp\/v2\/posts\/15859\/revisions\/15868"}],"wp:attachment":[{"href":"https:\/\/www.cronicasliterarias.es\/index.php?rest_route=%2Fwp%2Fv2%2Fmedia&parent=15859"}],"wp:term":[{"taxonomy":"category","embeddable":true,"href":"https:\/\/www.cronicasliterarias.es\/index.php?rest_route=%2Fwp%2Fv2%2Fcategories&post=15859"},{"taxonomy":"post_tag","embeddable":true,"href":"https:\/\/www.cronicasliterarias.es\/index.php?rest_route=%2Fwp%2Fv2%2Ftags&post=15859"}],"curies":[{"name":"wp","href":"https:\/\/api.w.org\/{rel}","templated":true}]}}