{"id":15993,"date":"2024-04-04T00:05:00","date_gmt":"2024-04-04T00:05:00","guid":{"rendered":"https:\/\/www.cronicasliterarias.es\/?p=15993"},"modified":"2024-04-04T13:07:00","modified_gmt":"2024-04-04T13:07:00","slug":"resena-el-oro-del-tiempo-de-rodolphe-y-oriol-rev","status":"publish","type":"post","link":"https:\/\/www.cronicasliterarias.es\/?p=15993","title":{"rendered":"Rese\u00f1a: El Oro del Tiempo, de Rodolphe y Oriol"},"content":{"rendered":"<p align=\"JUSTIFY\"><img loading=\"lazy\" decoding=\"async\" class=\"alignright  wp-image-15995\" src=\"https:\/\/www.cronicasliterarias.es\/wp-content\/uploads\/2024\/04\/elorodeltiempo.jpg\" alt=\"\" width=\"235\" height=\"351\" srcset=\"https:\/\/www.cronicasliterarias.es\/wp-content\/uploads\/2024\/04\/elorodeltiempo.jpg 570w, https:\/\/www.cronicasliterarias.es\/wp-content\/uploads\/2024\/04\/elorodeltiempo-201x300.jpg 201w\" sizes=\"auto, (max-width: 235px) 100vw, 235px\" \/>Nos trasladamos a la mansi\u00f3n privada de Hugo Reuhman, reconocido historiador y egipt\u00f3logo. Durante esta velada que re\u00fane a gente guapa, pija y bien acaudalada, su amigo Th\u00e9o Lemoine presencia un robo en el que se roban copias de cartas de un tal Drovetti. El ex-soldado de los Bonaparte que se convirti\u00f3 en embajador de Francia en El Cairo y que revendi\u00f3 parte de su colecci\u00f3n (proveniente del saqueo) al Louvre en 1850. Sin embargo, seg\u00fan la lista de objetos, el sarc\u00f3fago que contiene los restos del sumo sacerdote Moloch no aparecen, y tampoco su poseedor. Y se rumorea que quiz\u00e1s se descubri\u00f3 por fin el secreto de la inmortalidad. Pero, \u00bfcu\u00e1l es el v\u00ednculo entre estos dos casos?<\/p>\n<p align=\"JUSTIFY\">El guionista Rodolphe junto a Oriol crean un relato magn\u00edfico que tiene de todo; persecuciones, misterios, pasadizos secretos, personajes fascinantes y criaturas fant\u00e1sticas. <em>El oro del tiempo<\/em> puede ser ahora mismo una de las novedades de c\u00f3mic europeo m\u00e1s satisfactorias que el fan puede adquirir. Menuda sorpresa. Un d\u00fao de amigos que se embarcar\u00e1 en peligrosas investigaciones y r\u00e1pidamente comprender\u00e1 que hay otras personas persiguiendo el tan famoso objeto (artefacto). Y donde Oriol regresa con un maravilloso follet\u00edn a modo de aventura pulpera ambientado en la Par\u00eds de la Belle \u00c9poque.<\/p>\n<p style=\"text-align: center;\" align=\"JUSTIFY\"><img loading=\"lazy\" decoding=\"async\" class=\"aligncenter  wp-image-15997\" src=\"https:\/\/www.cronicasliterarias.es\/wp-content\/uploads\/2024\/04\/elorodeltiempo03-1024x491.jpg\" alt=\"\" width=\"502\" height=\"241\" srcset=\"https:\/\/www.cronicasliterarias.es\/wp-content\/uploads\/2024\/04\/elorodeltiempo03-1024x491.jpg 1024w, https:\/\/www.cronicasliterarias.es\/wp-content\/uploads\/2024\/04\/elorodeltiempo03-300x144.jpg 300w, https:\/\/www.cronicasliterarias.es\/wp-content\/uploads\/2024\/04\/elorodeltiempo03-768x368.jpg 768w, https:\/\/www.cronicasliterarias.es\/wp-content\/uploads\/2024\/04\/elorodeltiempo03-1200x575.jpg 1200w, https:\/\/www.cronicasliterarias.es\/wp-content\/uploads\/2024\/04\/elorodeltiempo03.jpg 1235w\" sizes=\"auto, (max-width: 502px) 100vw, 502px\" \/><\/p>\n<p align=\"JUSTIFY\">Rodolphe sit\u00faa su nueva historia en la capital francesa porque corresponde, seg\u00fan \u00e9l, a \u201cla edad de oro del ocultismo y del esoterismo\u201d. Es tambi\u00e9n un escenario propicio a \u201ccostumbres ancestrales, enigmas y seducciones\u201d (en los campos de la moda, la arquitectura, la decoraci\u00f3n, etc.). Enriquecida con toda una secci\u00f3n de literatura popular gracias a una multitud de referencias literarias y cinematogr\u00e1ficas (Belph\u00e9gor, Rouletabille, Tintin, Ad\u00e8le Blanc Sec, etc.), la trama resulta rica, intrigante y realmente agradable de leer. Desde los barrios de Montmartre hasta el <img loading=\"lazy\" decoding=\"async\" class=\"alignleft  wp-image-15996\" src=\"https:\/\/www.cronicasliterarias.es\/wp-content\/uploads\/2024\/04\/elorodeltiempo02-209x300.jpg\" alt=\"\" width=\"108\" height=\"155\" srcset=\"https:\/\/www.cronicasliterarias.es\/wp-content\/uploads\/2024\/04\/elorodeltiempo02-209x300.jpg 209w, https:\/\/www.cronicasliterarias.es\/wp-content\/uploads\/2024\/04\/elorodeltiempo02.jpg 279w\" sizes=\"auto, (max-width: 108px) 100vw, 108px\" \/>resplandeciente Moulin Rouge -s\u00ed, el famoso cabaret al que acud\u00edan los ricos para divertirse-, desde los c\u00edrculos espiritistas de moda hasta las l\u00fagubres galer\u00edas del museo por la noche, personajes hist\u00f3ricos y de ficci\u00f3n se codean en este thriller que coquetea tanto con lo m\u00edstico.<\/p>\n<p align=\"JUSTIFY\">Oriol (<em>La piel del oso, Naturalezas muertas<\/em>) restaura notablemente el Par\u00eds de los locos a\u00f1os 20. Dibuja pocas l\u00edneas, apoy\u00e1ndose en gran medida en su color particular en tonos n\u00edtidos y poderosos para dar formas y contornos. El reconocimiento de los personajes resulta un poco confuso al principio, hay que admitirlo, porque las expresiones faciales a menudo carecen de rasgos, pero esta persecuci\u00f3n parisina que el dise\u00f1ador supo plasmar en im\u00e1genes y en atm\u00f3sferas a la vez elegantes no carecen de un encanto innegable: la atm\u00f3sfera est\u00e1 cargada de misterio.<\/p>\n<p align=\"JUSTIFY\"><img loading=\"lazy\" decoding=\"async\" class=\"alignright  wp-image-15998\" src=\"https:\/\/www.cronicasliterarias.es\/wp-content\/uploads\/2024\/04\/elorodeltiempo04-153x300.jpg\" alt=\"\" width=\"70\" height=\"137\" srcset=\"https:\/\/www.cronicasliterarias.es\/wp-content\/uploads\/2024\/04\/elorodeltiempo04-153x300.jpg 153w, https:\/\/www.cronicasliterarias.es\/wp-content\/uploads\/2024\/04\/elorodeltiempo04.jpg 320w\" sizes=\"auto, (max-width: 70px) 100vw, 70px\" \/>Ante la deliciosa narraci\u00f3n que propone <em>El oro del tiempo<\/em>, su ritmo vivo y los gr\u00e1ficos explosivos que ofrece, en este generoso volumen que reci\u00e9n publica Norma Editorial, el lector no puede m\u00e1s que impacientarse por leer p\u00e1gina tras p\u00e1gina. Por lo que s\u00f3lo dir\u00e9 algo m\u00e1s. Terminan saliendo aut\u00f3matas y son\u00e1mbulos&#8230;<\/p>\n","protected":false},"excerpt":{"rendered":"<p>Nos trasladamos a la mansi\u00f3n privada de Hugo Reuhman, reconocido historiador y egipt\u00f3logo. Durante esta velada que re\u00fane a gente guapa, pija y bien acaudalada, su amigo Th\u00e9o Lemoine presencia un robo en el que se roban copias de cartas de un tal Drovetti. El ex-soldado de los Bonaparte que se convirti\u00f3 en embajador de [&hellip;]<\/p>\n","protected":false},"author":4,"featured_media":0,"comment_status":"closed","ping_status":"closed","sticky":false,"template":"","format":"standard","meta":{"footnotes":""},"categories":[53,44,30,6],"tags":[421,11,22,10],"class_list":["post-15993","post","type-post","status-publish","format-standard","hentry","category-bd","category-comic-europeo","category-norma-editorial","category-resenas","tag-comic-europeo-2024","tag-j-j-castillo","tag-norma-editorial","tag-resenas"],"_links":{"self":[{"href":"https:\/\/www.cronicasliterarias.es\/index.php?rest_route=\/wp\/v2\/posts\/15993","targetHints":{"allow":["GET"]}}],"collection":[{"href":"https:\/\/www.cronicasliterarias.es\/index.php?rest_route=\/wp\/v2\/posts"}],"about":[{"href":"https:\/\/www.cronicasliterarias.es\/index.php?rest_route=\/wp\/v2\/types\/post"}],"author":[{"embeddable":true,"href":"https:\/\/www.cronicasliterarias.es\/index.php?rest_route=\/wp\/v2\/users\/4"}],"replies":[{"embeddable":true,"href":"https:\/\/www.cronicasliterarias.es\/index.php?rest_route=%2Fwp%2Fv2%2Fcomments&post=15993"}],"version-history":[{"count":4,"href":"https:\/\/www.cronicasliterarias.es\/index.php?rest_route=\/wp\/v2\/posts\/15993\/revisions"}],"predecessor-version":[{"id":16002,"href":"https:\/\/www.cronicasliterarias.es\/index.php?rest_route=\/wp\/v2\/posts\/15993\/revisions\/16002"}],"wp:attachment":[{"href":"https:\/\/www.cronicasliterarias.es\/index.php?rest_route=%2Fwp%2Fv2%2Fmedia&parent=15993"}],"wp:term":[{"taxonomy":"category","embeddable":true,"href":"https:\/\/www.cronicasliterarias.es\/index.php?rest_route=%2Fwp%2Fv2%2Fcategories&post=15993"},{"taxonomy":"post_tag","embeddable":true,"href":"https:\/\/www.cronicasliterarias.es\/index.php?rest_route=%2Fwp%2Fv2%2Ftags&post=15993"}],"curies":[{"name":"wp","href":"https:\/\/api.w.org\/{rel}","templated":true}]}}