{"id":16164,"date":"2024-04-28T00:05:00","date_gmt":"2024-04-28T00:05:00","guid":{"rendered":"https:\/\/www.cronicasliterarias.es\/?p=16164"},"modified":"2024-04-28T08:18:18","modified_gmt":"2024-04-28T08:18:18","slug":"resena-esos-dias-que-desaparecen-de-timothe-le-boucher","status":"publish","type":"post","link":"https:\/\/www.cronicasliterarias.es\/?p=16164","title":{"rendered":"Rese\u00f1a: Esos D\u00edas que Desaparecen, de Timoth\u00e9 Le Boucher"},"content":{"rendered":"<p align=\"JUSTIFY\"><img loading=\"lazy\" decoding=\"async\" class=\"alignright  wp-image-16166\" src=\"https:\/\/www.cronicasliterarias.es\/wp-content\/uploads\/2024\/04\/Esos-dias-que-desaparecen.jpg\" alt=\"\" width=\"210\" height=\"299\" srcset=\"https:\/\/www.cronicasliterarias.es\/wp-content\/uploads\/2024\/04\/Esos-dias-que-desaparecen.jpg 618w, https:\/\/www.cronicasliterarias.es\/wp-content\/uploads\/2024\/04\/Esos-dias-que-desaparecen-210x300.jpg 210w\" sizes=\"auto, (max-width: 210px) 100vw, 210px\" \/>Me gust\u00f3 bastante este c\u00f3mic porque plantea profundas preguntas sobre la naturaleza de la identidad y la realidad. La b\u00fasqueda de Lubin por reconstruir su vida me hizo pensar en c\u00f3mo nos definimos a nosotros mismos a trav\u00e9s de nuestros recuerdos y experiencias. Pero el guion tambi\u00e9n explora la fragilidad de la memoria y c\u00f3mo se puede influir y alterar si nos lo proponemos. Una historia muy original, de las que hace mucho que no le\u00eda.<\/p>\n<p align=\"JUSTIFY\">Timoth\u00e9 Le Boucher, historietista franc\u00e9s, ya con su primer trabajo fue parte de la selecci\u00f3n oficial del festival de Angoul\u00eame en 2011. <em>Esos d\u00edas que desaparecen<\/em> lleg\u00f3 por primera vez a nuestro pa\u00eds en 2019 y ahora Nuevo Nueve Editores vuelve a rescatarla para el disfrute de todo aquel (como yo) que se la perdi\u00f3 en d\u00eda. Otra t\u00edtulo que form\u00f3 parte de la selecci\u00f3n oficial de Angoul\u00eame, adem\u00e1s de recibir el premio a la mejor obra por la asociaci\u00f3n de libreros <img loading=\"lazy\" decoding=\"async\" class=\"alignleft  wp-image-16167\" src=\"https:\/\/www.cronicasliterarias.es\/wp-content\/uploads\/2024\/04\/Esos-dias-que-desaparecen_2-300x164.jpg\" alt=\"\" width=\"155\" height=\"85\" srcset=\"https:\/\/www.cronicasliterarias.es\/wp-content\/uploads\/2024\/04\/Esos-dias-que-desaparecen_2-300x164.jpg 300w, https:\/\/www.cronicasliterarias.es\/wp-content\/uploads\/2024\/04\/Esos-dias-que-desaparecen_2.jpg 651w\" sizes=\"auto, (max-width: 155px) 100vw, 155px\" \/>de la BD. Y es que el autor logr\u00f3 transmitirme las emociones de los personajes, quienes lograron conmoverme. Y con un final tan magn\u00edfico como frustrante al mismo tiempo. Timoth\u00e9 toc\u00f3 mi fibra lehanesca con esta historia que confundir\u00e1 a ciertos lectores, una trama que deja una interpretaci\u00f3n libre en su conclusi\u00f3n. Me encantan los finales abiertos (bien elaborados). Le\u00ed el volumen en una sola noche y pas\u00e9 casi todo el insomnio pensando en las t\u00edpicas preguntas metaf\u00edsicas a las que nos sometemos solo unos pocos, cada poco. La propia existencia. El sentido de la vida de nosotros y nuestros seres queridos y los recuerdos tambi\u00e9n de un familiar que era bipolar&#8230;<\/p>\n<p align=\"JUSTIFY\"><img loading=\"lazy\" decoding=\"async\" class=\"alignright  wp-image-16169\" src=\"https:\/\/www.cronicasliterarias.es\/wp-content\/uploads\/2024\/04\/Esos-dias-que-desaparecen_3-173x300.jpg\" alt=\"\" width=\"99\" height=\"172\" srcset=\"https:\/\/www.cronicasliterarias.es\/wp-content\/uploads\/2024\/04\/Esos-dias-que-desaparecen_3-173x300.jpg 173w, https:\/\/www.cronicasliterarias.es\/wp-content\/uploads\/2024\/04\/Esos-dias-que-desaparecen_3.jpg 366w\" sizes=\"auto, (max-width: 99px) 100vw, 99px\" \/>La historia de Lubin Mar\u00e9chal, este hombre que se despierta cada ma\u00f1ana habiendo olvidado los acontecimientos del d\u00eda anterior, me atrajo inmediatamente. El concepto de perder la pista de la propia vida es aterrador, pero es a trav\u00e9s de esta premisa que el autor logra tejer una trama compleja, que combina suspense, misterio y reflexiones profundas. La narraci\u00f3n de Timoth\u00e9 Le Boucher est\u00e1 notablemente dominada. Las fluidas transiciones entre diferentes momentos temporales le dan a la historia una din\u00e1mica \u00fanica. Me impresion\u00f3 c\u00f3mo el autor logra crear una tensi\u00f3n constante al mismo tiempo que brinda momentos de profunda introspecci\u00f3n. Cada p\u00e1gina que pasaba era una revelaci\u00f3n, un paso m\u00e1s hacia la comprensi\u00f3n del enigm\u00e1tico universo de Lubin. Y eso me encant\u00f3.<\/p>\n<p align=\"JUSTIFY\">Adentrarse en las p\u00e1ginas de <em>Esos d\u00edas que desaparecen<\/em> ha sido una experiencia de lectura sencillamente cautivadora. Un guion que explora la fragilidad de la memoria <img loading=\"lazy\" decoding=\"async\" class=\"alignleft  wp-image-16168\" src=\"https:\/\/www.cronicasliterarias.es\/wp-content\/uploads\/2024\/04\/Esos-dias-que-desaparecen_4-300x283.jpg\" alt=\"\" width=\"147\" height=\"139\" srcset=\"https:\/\/www.cronicasliterarias.es\/wp-content\/uploads\/2024\/04\/Esos-dias-que-desaparecen_4-300x283.jpg 300w, https:\/\/www.cronicasliterarias.es\/wp-content\/uploads\/2024\/04\/Esos-dias-que-desaparecen_4.jpg 444w\" sizes=\"auto, (max-width: 147px) 100vw, 147px\" \/>y las profundidades de la identidad. Donde Timoth\u00e9 (que a\u00fan no ten\u00eda treinta a\u00f1os cuando la escribi\u00f3), nos muestra un dominio impecable y una atenci\u00f3n al detalle maravilloso. S\u00ed, al otro lado de los Pirineos, a\u00fan siguen brotando talentos incre\u00edbles.<\/p>\n","protected":false},"excerpt":{"rendered":"<p>Me gust\u00f3 bastante este c\u00f3mic porque plantea profundas preguntas sobre la naturaleza de la identidad y la realidad. La b\u00fasqueda de Lubin por reconstruir su vida me hizo pensar en c\u00f3mo nos definimos a nosotros mismos a trav\u00e9s de nuestros recuerdos y experiencias. Pero el guion tambi\u00e9n explora la fragilidad de la memoria y c\u00f3mo [&hellip;]<\/p>\n","protected":false},"author":4,"featured_media":0,"comment_status":"closed","ping_status":"closed","sticky":false,"template":"","format":"standard","meta":{"footnotes":""},"categories":[53,44,111,6],"tags":[421,11,112,10],"class_list":["post-16164","post","type-post","status-publish","format-standard","hentry","category-bd","category-comic-europeo","category-nuevo-nueve","category-resenas","tag-comic-europeo-2024","tag-j-j-castillo","tag-nuevo-nueve-editores","tag-resenas"],"_links":{"self":[{"href":"https:\/\/www.cronicasliterarias.es\/index.php?rest_route=\/wp\/v2\/posts\/16164","targetHints":{"allow":["GET"]}}],"collection":[{"href":"https:\/\/www.cronicasliterarias.es\/index.php?rest_route=\/wp\/v2\/posts"}],"about":[{"href":"https:\/\/www.cronicasliterarias.es\/index.php?rest_route=\/wp\/v2\/types\/post"}],"author":[{"embeddable":true,"href":"https:\/\/www.cronicasliterarias.es\/index.php?rest_route=\/wp\/v2\/users\/4"}],"replies":[{"embeddable":true,"href":"https:\/\/www.cronicasliterarias.es\/index.php?rest_route=%2Fwp%2Fv2%2Fcomments&post=16164"}],"version-history":[{"count":3,"href":"https:\/\/www.cronicasliterarias.es\/index.php?rest_route=\/wp\/v2\/posts\/16164\/revisions"}],"predecessor-version":[{"id":16171,"href":"https:\/\/www.cronicasliterarias.es\/index.php?rest_route=\/wp\/v2\/posts\/16164\/revisions\/16171"}],"wp:attachment":[{"href":"https:\/\/www.cronicasliterarias.es\/index.php?rest_route=%2Fwp%2Fv2%2Fmedia&parent=16164"}],"wp:term":[{"taxonomy":"category","embeddable":true,"href":"https:\/\/www.cronicasliterarias.es\/index.php?rest_route=%2Fwp%2Fv2%2Fcategories&post=16164"},{"taxonomy":"post_tag","embeddable":true,"href":"https:\/\/www.cronicasliterarias.es\/index.php?rest_route=%2Fwp%2Fv2%2Ftags&post=16164"}],"curies":[{"name":"wp","href":"https:\/\/api.w.org\/{rel}","templated":true}]}}