{"id":16320,"date":"2024-05-17T00:05:00","date_gmt":"2024-05-17T00:05:00","guid":{"rendered":"https:\/\/www.cronicasliterarias.es\/?p=16320"},"modified":"2024-05-16T09:25:36","modified_gmt":"2024-05-16T09:25:36","slug":"resena-la-espada-salvaje-de-conan-la-espada-de-skelos-de-vvaa","status":"publish","type":"post","link":"https:\/\/www.cronicasliterarias.es\/?p=16320","title":{"rendered":"Rese\u00f1a: La Espada Salvaje de Conan. La Espada de Skelos, de VVAA"},"content":{"rendered":"<p align=\"JUSTIFY\"><img loading=\"lazy\" decoding=\"async\" class=\"alignleft  wp-image-16322\" src=\"https:\/\/www.cronicasliterarias.es\/wp-content\/uploads\/2024\/05\/laespadadeskelos-769x1024.jpg\" alt=\"\" width=\"240\" height=\"319\" srcset=\"https:\/\/www.cronicasliterarias.es\/wp-content\/uploads\/2024\/05\/laespadadeskelos-769x1024.jpg 769w, https:\/\/www.cronicasliterarias.es\/wp-content\/uploads\/2024\/05\/laespadadeskelos-225x300.jpg 225w, https:\/\/www.cronicasliterarias.es\/wp-content\/uploads\/2024\/05\/laespadadeskelos-768x1023.jpg 768w, https:\/\/www.cronicasliterarias.es\/wp-content\/uploads\/2024\/05\/laespadadeskelos.jpg 901w\" sizes=\"auto, (max-width: 240px) 100vw, 240px\" \/>La adaptaci\u00f3n completa de la novela <em>La espada de Skelos<\/em> es quiz\u00e1s una de las mejores lecturas en formato c\u00f3mic de <em>Conan<\/em> que se pueden recomendar. Por eso lo hago, ahora que Panini C\u00f3mics la acaba de publicar en su colecci\u00f3n Biblioteca Conan, en uno de esos maravillosos tomos que traen las mejores historias de <em>La Espada Salvaje de Conan<\/em>.<\/p>\n<p align=\"JUSTIFY\">Le\u00ed por primera vez esta historia cuando era adolescente en formato literario. Era el n\u00famero <em>#3<\/em> de una serie de novelas pastiche de Bantam Conan. Pero hasta muchos a\u00f1os despu\u00e9s no la pude disfrutar en formato c\u00f3mic. <em>La espada de Skelos<\/em> presenta a un Conan de diecisiete a\u00f1os, un tiempo despu\u00e9s de los acontecimientos de<em> La torre del elefante, <\/em>sin embargo, tiene una historia de fondo inmediata algo complicada, evidentemente un producto saliente de dos historias anteriores de una trilog\u00eda de <em>Conan,<\/em> de Andrew J. Offutt (<em>El loto negro y la muerte amarilla, La espada de Skelos <\/em>y<em> El ojo de Erlik<\/em>) escritas en la d\u00e9cada de los 70, y ahora en una edici\u00f3n en <img loading=\"lazy\" decoding=\"async\" class=\"alignright  wp-image-16323\" src=\"https:\/\/www.cronicasliterarias.es\/wp-content\/uploads\/2024\/05\/laespadadeskelos01-249x300.jpg\" alt=\"\" width=\"112\" height=\"135\" srcset=\"https:\/\/www.cronicasliterarias.es\/wp-content\/uploads\/2024\/05\/laespadadeskelos01-249x300.jpg 249w, https:\/\/www.cronicasliterarias.es\/wp-content\/uploads\/2024\/05\/laespadadeskelos01.jpg 428w\" sizes=\"auto, (max-width: 112px) 100vw, 112px\" \/>formato c\u00f3mic, una de las mejores tramas unidas que se pueden encontrar del cimmerio fuera de las de su autor original. Y por primera vez ordenadas cronol\u00f3gicamente para dar una sensaci\u00f3n de continuidad, de estar ante una gran epopeya con principio y fin, porque Biblioteca Conan no es otra cosa que una cuidada selecci\u00f3n de todas las historias que convirtieron a Conan en uno de los grandes personajes del c\u00f3mic de todos los tiempos. Desde sus primeras apariciones cuando a\u00fan no hab\u00eda cumplido los quince a\u00f1os de edad, hasta su desaparici\u00f3n m\u00e1s all\u00e1 del Oc\u00e9ano Occidental cuando contaba con casi siete d\u00e9cadas de vida.<\/p>\n<p align=\"JUSTIFY\">La historia comienza con un asesinato y algunas peleas. Lo que mola. Despu\u00e9s conocemos a la hero\u00edna de la historia, se lucha contra algunos malos-malutos m\u00e1s y nos encontramos vinculados con un grupo de n\u00f3madas del desierto con una ni\u00f1a que muere porque&#8230; uff, aqu\u00ed empieza lo duro. Hay que decir las tradiciones y costumbres n\u00f3madas, sus formas e historia, todo est\u00e1 aqu\u00ed s\u00faper bien mostrado, cosa que le da bastante ambientaci\u00f3n a la historia. Para luego llegar a la ciudad y <img loading=\"lazy\" decoding=\"async\" class=\"alignleft  wp-image-16324\" src=\"https:\/\/www.cronicasliterarias.es\/wp-content\/uploads\/2024\/05\/laespadadeskelos02-215x300.jpg\" alt=\"\" width=\"130\" height=\"181\" srcset=\"https:\/\/www.cronicasliterarias.es\/wp-content\/uploads\/2024\/05\/laespadadeskelos02-215x300.jpg 215w, https:\/\/www.cronicasliterarias.es\/wp-content\/uploads\/2024\/05\/laespadadeskelos02.jpg 233w\" sizes=\"auto, (max-width: 130px) 100vw, 130px\" \/>tener a un Conan que es capturado, torturado y los d\u00edas pasan as\u00ed hasta que se cuenta el porqu\u00e9 de tanta obcecaci\u00f3n.<\/p>\n<p align=\"JUSTIFY\">Isparana la encontramos como una verdadera hero\u00edna de <em>Conan<\/em>. Robert E. Howard a menudo delegaba a las mujeres el papel del dulce abrazo y fusi\u00f3n en cama, el empuj\u00f3n tras el toqueteo de m\u00fasculos bien formados. Pero tambi\u00e9n sacaba adelante algunas como hero\u00ednas, potentes personajes femeninos dignos de spin-offs. Y con Isparana se consigue eso; se muestra una personaje astuta y capaz de cuidar de s\u00ed misma sin adelantar a Conan, y aunque tiene momentos agresivos, son mucho menos exagerados que otros t\u00edtulos de autores homenajeadores.<\/p>\n<p align=\"JUSTIFY\"><em>La espada de Skelos<\/em> es quiz\u00e1s tambi\u00e9n una buena historia para descubrir a Conan por primera vez. Si es que esto es posible a d\u00eda de hoy. Pero lo que est\u00e1 claro es, que <em>La Espada Salvaje de Conan<\/em>, la legendaria revista protagonizada por Conan en la que Roy Thomas y John Buscema dejaron algunas de las mejores historias del cimmerio, son tramas que nos marcaron a muchos a la hora de escribir o dirigir en <img loading=\"lazy\" decoding=\"async\" class=\"alignright  wp-image-16325\" src=\"https:\/\/www.cronicasliterarias.es\/wp-content\/uploads\/2024\/05\/laespadadeskelos03-196x300.jpg\" alt=\"\" width=\"126\" height=\"193\" srcset=\"https:\/\/www.cronicasliterarias.es\/wp-content\/uploads\/2024\/05\/laespadadeskelos03-196x300.jpg 196w, https:\/\/www.cronicasliterarias.es\/wp-content\/uploads\/2024\/05\/laespadadeskelos03.jpg 474w\" sizes=\"auto, (max-width: 126px) 100vw, 126px\" \/>formato rolero. Revistas con vi\u00f1etas casi clasificadas como c\u00f3mics para adultos a los que muchos quer\u00edamos acceder s\u00ed o s\u00ed. Siendo claros, para disfrutar de muchos pechotes, m\u00fasculos y \u00e9picas luchas a ostias y espadazos que siempre eran un disfrute. Aqu\u00ed ten\u00e9is todo eso y m\u00e1s.<\/p>\n<p align=\"JUSTIFY\">Yo no me lo pensar\u00eda.<\/p>\n","protected":false},"excerpt":{"rendered":"<p>La adaptaci\u00f3n completa de la novela La espada de Skelos es quiz\u00e1s una de las mejores lecturas en formato c\u00f3mic de Conan que se pueden recomendar. Por eso lo hago, ahora que Panini C\u00f3mics la acaba de publicar en su colecci\u00f3n Biblioteca Conan, en uno de esos maravillosos tomos que traen las mejores historias de [&hellip;]<\/p>\n","protected":false},"author":4,"featured_media":0,"comment_status":"closed","ping_status":"closed","sticky":false,"template":"","format":"standard","meta":{"footnotes":""},"categories":[49,34,28,6],"tags":[149,11,406,218,10],"class_list":["post-16320","post","type-post","status-publish","format-standard","hentry","category-comics","category-fantasia","category-panini-comics","category-resenas","tag-indispensables-fantasy","tag-j-j-castillo","tag-obras-pulp","tag-panini-comics-marvel","tag-resenas"],"_links":{"self":[{"href":"https:\/\/www.cronicasliterarias.es\/index.php?rest_route=\/wp\/v2\/posts\/16320","targetHints":{"allow":["GET"]}}],"collection":[{"href":"https:\/\/www.cronicasliterarias.es\/index.php?rest_route=\/wp\/v2\/posts"}],"about":[{"href":"https:\/\/www.cronicasliterarias.es\/index.php?rest_route=\/wp\/v2\/types\/post"}],"author":[{"embeddable":true,"href":"https:\/\/www.cronicasliterarias.es\/index.php?rest_route=\/wp\/v2\/users\/4"}],"replies":[{"embeddable":true,"href":"https:\/\/www.cronicasliterarias.es\/index.php?rest_route=%2Fwp%2Fv2%2Fcomments&post=16320"}],"version-history":[{"count":5,"href":"https:\/\/www.cronicasliterarias.es\/index.php?rest_route=\/wp\/v2\/posts\/16320\/revisions"}],"predecessor-version":[{"id":16330,"href":"https:\/\/www.cronicasliterarias.es\/index.php?rest_route=\/wp\/v2\/posts\/16320\/revisions\/16330"}],"wp:attachment":[{"href":"https:\/\/www.cronicasliterarias.es\/index.php?rest_route=%2Fwp%2Fv2%2Fmedia&parent=16320"}],"wp:term":[{"taxonomy":"category","embeddable":true,"href":"https:\/\/www.cronicasliterarias.es\/index.php?rest_route=%2Fwp%2Fv2%2Fcategories&post=16320"},{"taxonomy":"post_tag","embeddable":true,"href":"https:\/\/www.cronicasliterarias.es\/index.php?rest_route=%2Fwp%2Fv2%2Ftags&post=16320"}],"curies":[{"name":"wp","href":"https:\/\/api.w.org\/{rel}","templated":true}]}}