{"id":16350,"date":"2025-11-10T00:05:00","date_gmt":"2025-11-10T00:05:00","guid":{"rendered":"https:\/\/www.cronicasliterarias.es\/?p=16350"},"modified":"2025-11-11T09:35:26","modified_gmt":"2025-11-11T09:35:26","slug":"resena-la-carretera-de-manu-larcenet","status":"publish","type":"post","link":"https:\/\/www.cronicasliterarias.es\/?p=16350","title":{"rendered":"Rese\u00f1a: La Carretera (Edici\u00f3n de Lujo), de Manu Larcenet"},"content":{"rendered":"<p align=\"JUSTIFY\"><img loading=\"lazy\" decoding=\"async\" class=\"alignleft  wp-image-19913\" src=\"https:\/\/www.cronicasliterarias.es\/wp-content\/uploads\/2025\/11\/lacarretera-218x300.jpg\" alt=\"\" width=\"208\" height=\"286\" srcset=\"https:\/\/www.cronicasliterarias.es\/wp-content\/uploads\/2025\/11\/lacarretera-218x300.jpg 218w, https:\/\/www.cronicasliterarias.es\/wp-content\/uploads\/2025\/11\/lacarretera-745x1024.jpg 745w, https:\/\/www.cronicasliterarias.es\/wp-content\/uploads\/2025\/11\/lacarretera-768x1055.jpg 768w, https:\/\/www.cronicasliterarias.es\/wp-content\/uploads\/2025\/11\/lacarretera.jpg 963w\" sizes=\"auto, (max-width: 208px) 100vw, 208px\" \/>Que me diga alguien que no se siente atra\u00eddo por ver en formato c\u00f3mic (y m\u00e1s en c\u00f3mic europeo) una enorme historia como fue la novela de Cormac McCarthy o la pel\u00edcula que protagoniz\u00f3 Vigo Mortensen en su d\u00eda. Y m\u00e1s a\u00fan cuando lo entendidos de los BD ven que el encargado de tal adaptaci\u00f3n ha ido de la mano del siempre genial Manu Larcenet. Porque adem\u00e1s de los ademases este podr\u00eda ser uno de los mejores \u00e1lbumes o c\u00f3mics, de los m\u00e1s esperados en tener en edici\u00f3n de lujo pues al adaptar esta oscura obra del maestro McCarthy, Manu Larcenet ha vuelto a conseguir una haza\u00f1a. Con <em>Blast<\/em> me asombr\u00f3 con su talento narrativo, y aqu\u00ed repite la haza\u00f1a de <em>Los combates cotidianos<\/em> con sus magn\u00edficos gr\u00e1ficos. Un anterior \u00e1lbum (<em>El Informe Brodeck<\/em>) que tambi\u00e9n se bas\u00f3 en el blanco y negro para sacar lo mejor de la trama. Pero en <em>La carretera<\/em>, Larcenet nos ofrece toda una tonalidad de grises, propia de la atm\u00f3sfera de la novela, con sus incesantes lluvias de cenizas y nos ofrece adem\u00e1s numerosas vi\u00f1etas mudas que nos mudan a la soledad absoluta de un mundo donde ya no hay ruido.<\/p>\n<p align=\"JUSTIFY\">Un dibujo tal que merecen nuestra atenci\u00f3n, que aisla, que traslada. Y tambi\u00e9n se consigue toda la atm\u00f3sfera pesada y l\u00fagubre de McCarthy en este c\u00f3mic.<\/p>\n<p style=\"text-align: center;\" align=\"JUSTIFY\"><img loading=\"lazy\" decoding=\"async\" class=\"aligncenter  wp-image-19914\" src=\"https:\/\/www.cronicasliterarias.es\/wp-content\/uploads\/2025\/11\/lacarretera01-1024x325.jpg\" alt=\"\" width=\"334\" height=\"106\" srcset=\"https:\/\/www.cronicasliterarias.es\/wp-content\/uploads\/2025\/11\/lacarretera01-1024x325.jpg 1024w, https:\/\/www.cronicasliterarias.es\/wp-content\/uploads\/2025\/11\/lacarretera01-300x95.jpg 300w, https:\/\/www.cronicasliterarias.es\/wp-content\/uploads\/2025\/11\/lacarretera01-768x244.jpg 768w, https:\/\/www.cronicasliterarias.es\/wp-content\/uploads\/2025\/11\/lacarretera01.jpg 1143w\" sizes=\"auto, (max-width: 334px) 100vw, 334px\" \/><\/p>\n<p align=\"JUSTIFY\">Si no la conoc\u00e9is a\u00fan, esta es una de las mejores historias post-apocal\u00edpticas escritas. Largos a\u00f1os despu\u00e9s de un apocalipsis global, el mundo sigue en ruinas. El aire es g\u00e9lido, llueve ceniza y la tierra est\u00e1 contaminada. En medio de la devastaci\u00f3n, un ni\u00f1o y su padre recorren una autopista interminable cruz\u00e1ndose con los \u00faltimos restos de la civilizaci\u00f3n humana: locos, can\u00edbales, desesperados&#8230; y ah\u00ed se van a topar con todo lo malo, lo peor de este planeta que no es otra cosa que la raza humana. \u00bfQu\u00e9 queda? A un Manu Larcenet sabiendo permanecer fiel a la obra original, que no la distorsiona sino que la sublima a\u00f1adiendo su toque personal: conmovedora, <img loading=\"lazy\" decoding=\"async\" class=\"alignright  wp-image-19915\" src=\"https:\/\/www.cronicasliterarias.es\/wp-content\/uploads\/2025\/11\/lacarretera02-300x224.jpg\" alt=\"\" width=\"125\" height=\"93\" srcset=\"https:\/\/www.cronicasliterarias.es\/wp-content\/uploads\/2025\/11\/lacarretera02-300x224.jpg 300w, https:\/\/www.cronicasliterarias.es\/wp-content\/uploads\/2025\/11\/lacarretera02-1024x765.jpg 1024w, https:\/\/www.cronicasliterarias.es\/wp-content\/uploads\/2025\/11\/lacarretera02-768x574.jpg 768w, https:\/\/www.cronicasliterarias.es\/wp-content\/uploads\/2025\/11\/lacarretera02.jpg 1167w\" sizes=\"auto, (max-width: 125px) 100vw, 125px\" \/>terror\u00edfica, brillante, insuperable, y&#8230; Me voy a quedar ah\u00ed con los superlativos porque podr\u00eda ensartarlos uno a uno como perlas. Larcenet cumpli\u00f3 totalmente su reto, incluso me dio ganas de releer el libro nuevamente, cosa que har\u00e9 en breve seguramente.<\/p>\n<p align=\"JUSTIFY\">Estamos ante una obra maestra absoluta, una historia inspiradora como pocas, que al otro lado de los Pirineos ya la categorizan como uno de los mejores c\u00f3mics que se pueden disfrutar de la BD. \u00bfLa edici\u00f3n? Sin duda, para m\u00ed la mejor, \u00e9sta presente que lo muestra todo a lo grande y que permite disfrutar como nunca del incomparable trabajo de tinta digital de Larcenet y donde incluso se incluye un dossier <img loading=\"lazy\" decoding=\"async\" class=\"alignleft  wp-image-19916\" src=\"https:\/\/www.cronicasliterarias.es\/wp-content\/uploads\/2025\/11\/lacarretera03-300x255.jpg\" alt=\"\" width=\"115\" height=\"98\" srcset=\"https:\/\/www.cronicasliterarias.es\/wp-content\/uploads\/2025\/11\/lacarretera03-300x255.jpg 300w, https:\/\/www.cronicasliterarias.es\/wp-content\/uploads\/2025\/11\/lacarretera03-768x652.jpg 768w, https:\/\/www.cronicasliterarias.es\/wp-content\/uploads\/2025\/11\/lacarretera03.jpg 822w\" sizes=\"auto, (max-width: 115px) 100vw, 115px\" \/>gr\u00e1fico de m\u00e1s de treinta p\u00e1ginas y un ex-libris exclusivo.<\/p>\n<p align=\"JUSTIFY\">Maravillosa en todos lo sentidos.<\/p>\n","protected":false},"excerpt":{"rendered":"<p>Que me diga alguien que no se siente atra\u00eddo por ver en formato c\u00f3mic (y m\u00e1s en c\u00f3mic europeo) una enorme historia como fue la novela de Cormac McCarthy o la pel\u00edcula que protagoniz\u00f3 Vigo Mortensen en su d\u00eda. Y m\u00e1s a\u00fan cuando lo entendidos de los BD ven que el encargado de tal adaptaci\u00f3n [&hellip;]<\/p>\n","protected":false},"author":4,"featured_media":0,"comment_status":"closed","ping_status":"closed","sticky":false,"template":"","format":"standard","meta":{"footnotes":""},"categories":[386,53,44,30,6],"tags":[472,61,11,22,474,10],"class_list":["post-16350","post","type-post","status-publish","format-standard","hentry","category-apocaliptico","category-bd","category-comic-europeo","category-norma-editorial","category-resenas","tag-comic-europeo-2025","tag-indispensables-cf","tag-j-j-castillo","tag-norma-editorial","tag-obras-de-manu-larcenet","tag-resenas"],"_links":{"self":[{"href":"https:\/\/www.cronicasliterarias.es\/index.php?rest_route=\/wp\/v2\/posts\/16350","targetHints":{"allow":["GET"]}}],"collection":[{"href":"https:\/\/www.cronicasliterarias.es\/index.php?rest_route=\/wp\/v2\/posts"}],"about":[{"href":"https:\/\/www.cronicasliterarias.es\/index.php?rest_route=\/wp\/v2\/types\/post"}],"author":[{"embeddable":true,"href":"https:\/\/www.cronicasliterarias.es\/index.php?rest_route=\/wp\/v2\/users\/4"}],"replies":[{"embeddable":true,"href":"https:\/\/www.cronicasliterarias.es\/index.php?rest_route=%2Fwp%2Fv2%2Fcomments&post=16350"}],"version-history":[{"count":10,"href":"https:\/\/www.cronicasliterarias.es\/index.php?rest_route=\/wp\/v2\/posts\/16350\/revisions"}],"predecessor-version":[{"id":19918,"href":"https:\/\/www.cronicasliterarias.es\/index.php?rest_route=\/wp\/v2\/posts\/16350\/revisions\/19918"}],"wp:attachment":[{"href":"https:\/\/www.cronicasliterarias.es\/index.php?rest_route=%2Fwp%2Fv2%2Fmedia&parent=16350"}],"wp:term":[{"taxonomy":"category","embeddable":true,"href":"https:\/\/www.cronicasliterarias.es\/index.php?rest_route=%2Fwp%2Fv2%2Fcategories&post=16350"},{"taxonomy":"post_tag","embeddable":true,"href":"https:\/\/www.cronicasliterarias.es\/index.php?rest_route=%2Fwp%2Fv2%2Ftags&post=16350"}],"curies":[{"name":"wp","href":"https:\/\/api.w.org\/{rel}","templated":true}]}}