{"id":16379,"date":"2024-05-26T00:05:00","date_gmt":"2024-05-26T00:05:00","guid":{"rendered":"https:\/\/www.cronicasliterarias.es\/?p=16379"},"modified":"2024-05-26T07:48:10","modified_gmt":"2024-05-26T07:48:10","slug":"resena-los-vigilantes-de-a-m-shine-rev","status":"publish","type":"post","link":"https:\/\/www.cronicasliterarias.es\/?p=16379","title":{"rendered":"Rese\u00f1a: Los Vigilantes, de A. M. Shine"},"content":{"rendered":"<p align=\"JUSTIFY\"><img loading=\"lazy\" decoding=\"async\" class=\"alignright  wp-image-16381\" src=\"https:\/\/www.cronicasliterarias.es\/wp-content\/uploads\/2024\/05\/losvigilantes-720x1024.jpg\" alt=\"\" width=\"217\" height=\"309\" srcset=\"https:\/\/www.cronicasliterarias.es\/wp-content\/uploads\/2024\/05\/losvigilantes-720x1024.jpg 720w, https:\/\/www.cronicasliterarias.es\/wp-content\/uploads\/2024\/05\/losvigilantes-211x300.jpg 211w, https:\/\/www.cronicasliterarias.es\/wp-content\/uploads\/2024\/05\/losvigilantes-768x1092.jpg 768w, https:\/\/www.cronicasliterarias.es\/wp-content\/uploads\/2024\/05\/losvigilantes-1080x1536.jpg 1080w, https:\/\/www.cronicasliterarias.es\/wp-content\/uploads\/2024\/05\/losvigilantes-1200x1707.jpg 1200w, https:\/\/www.cronicasliterarias.es\/wp-content\/uploads\/2024\/05\/losvigilantes.jpg 1248w\" sizes=\"auto, (max-width: 217px) 100vw, 217px\" \/><em>Los Vigilantes (The Watchers)<\/em>, de A. M. Shine comienza r\u00e1pidamente, con la secci\u00f3n inicial siguiendo a un marido y una mujer que, en busca de aventuras, dan un paseo en coche por las tierras perversamente encantadoras de Connemara, en el oeste de Irlanda. Los acontecimientos de este viaje marcan un viaje intenso a lo que se suma la descripci\u00f3n del escenario&#8230;<\/p>\n<p align=\"JUSTIFY\">Y as\u00ed durante toda la historia. Una novelita de trescientas y pocas p\u00e1ginas que no hace falta decir que me enganch\u00f3. Para luego conocer a nuestra MC, Mina, quien junto con un copiloto inusual, una hermosa cotorra dorada, tambi\u00e9n viaja por esas mismas tierras salvajes. Y es que Mina est\u00e1 intentando ganar dinero r\u00e1pido. Deber\u00eda ser f\u00e1cil entregar el loro de forma segura a su nuevo due\u00f1o. Sin embargo, cuando su coche se aver\u00eda en la carretera abandonada, su tarea de repente se vuelve de todo menos f\u00e1cil. Por lo que Mina sale del coche con el p\u00e1jaro y busca ayuda&#8230;<\/p>\n<p align=\"JUSTIFY\">Los bosques son bastante espeluznantes, pero los gritos de fondo lo hacen todo mucho peor.<\/p>\n<p align=\"JUSTIFY\">Sin se\u00f1al de tel\u00e9fono m\u00f3vil ni idea de d\u00f3nde est\u00e1, Mina tiene que seguir adelante. No se sabe cu\u00e1nto tiempo podr\u00eda tardar otro autom\u00f3vil en pasar por all\u00ed. Hasta que finalmente se encuentra con una mujer que le grita y le hace se\u00f1as para que entre en un b\u00fanker. Asustada por el entorno, el frondoso bosque y la oscuridad, Mina hace lo que le dicen y entra al refugio. A partir de ah\u00ed, queda cautiva de ese espacio aparentemente seguro. Un reh\u00e9n de lo que acecha m\u00e1s all\u00e1 de los arbustos&#8230;<\/p>\n<p align=\"JUSTIFY\">Si esperas respuestas r\u00e1pidas a esta trama, no las tendr\u00e1s. S\u00ed. Es la t\u00edpica historia que pone nervioso\/a por una situaci\u00f3n simple que nos podr\u00eda pasar a cualquiera, y a partir de ah\u00ed todo es terror psicol\u00f3gico ante el miedo de no tener ni pu\u00f1etera idea de lo que est\u00e1 pasando. Por eso parte del \u00e9xito de esta historia es la forma en que Shine genera esa sensaci\u00f3n de incertidumbre e inquietud. La cabeza te da vueltas desde el primer momento en que Mina entra al refugio. Sabes que la ha cagado de alg\u00fan modo. Y sabes que aquel lugar es todo menos refugio. \u00bfO estamos equivocados?<\/p>\n<p align=\"JUSTIFY\">\u00bfY qu\u00e9 diablos estaba pasando? Los otros residentes del refugio, Madeline, Daniel y Ciara, parecen haber estado all\u00ed desde hace un tiempo, pero cu\u00e1nto tiempo no est\u00e1 nada claro. \u00bfY qu\u00e9 los observa? \u00bfDe qu\u00e9 tienen miedo? Con el paso de las p\u00e1ginas nos centramos m\u00e1s en los personajes y en sus interacciones forzadas en el peque\u00f1o refugio. Una parte de m\u00ed sinti\u00f3 que eso pudo haber sido intencionado por parte del autor. Quiz\u00e1s como una forma de adormecer al lector y darle un poco de complacencia, porque justo cuando olvidas el peligro que corren estos personajes, vuelve a asomar su fea cabeza y ese miedo y suspense regresa. Sin embargo, incluso con este cambio de ritmo, todav\u00eda sigues intrigado y comprometido en descubrir cu\u00e1l es la verdad. Y al final la novela toma una direcci\u00f3n que no esperas.<\/p>\n<p align=\"JUSTIFY\">Una conclusi\u00f3n que me pareci\u00f3 inteligente a la vez que inquietante.<\/p>\n<p align=\"JUSTIFY\">Una muy buena historia que veo normal que la familia Shyamalan se haya encargado de llevarla al cine. Se estrena en junio. Pap\u00e1 Michael Night Shyamalan <em>(El sexto sentido, El Protegido, Se\u00f1ales, El bosque&#8230;)<\/em> a la producci\u00f3n y su hija Ishana Shyamalan a la direcci\u00f3n. Ganazas de ver en pantalla esta genial y s\u00f3lida historia de terror popular irland\u00e9s. Y maravillosa siempre Nocturna Ediciones publicando estas joyitas de Terror.<\/p>\n","protected":false},"excerpt":{"rendered":"<p>Los Vigilantes (The Watchers), de A. M. Shine comienza r\u00e1pidamente, con la secci\u00f3n inicial siguiendo a un marido y una mujer que, en busca de aventuras, dan un paseo en coche por las tierras perversamente encantadoras de Connemara, en el oeste de Irlanda. Los acontecimientos de este viaje marcan un viaje intenso a lo que [&hellip;]<\/p>\n","protected":false},"author":4,"featured_media":0,"comment_status":"closed","ping_status":"closed","sticky":false,"template":"","format":"standard","meta":{"footnotes":""},"categories":[155,6,8],"tags":[11,156,10,425],"class_list":["post-16379","post","type-post","status-publish","format-standard","hentry","category-nocturna-ediciones","category-resenas","category-terror","tag-j-j-castillo","tag-nocturna-ediciones","tag-resenas","tag-terror2024"],"_links":{"self":[{"href":"https:\/\/www.cronicasliterarias.es\/index.php?rest_route=\/wp\/v2\/posts\/16379","targetHints":{"allow":["GET"]}}],"collection":[{"href":"https:\/\/www.cronicasliterarias.es\/index.php?rest_route=\/wp\/v2\/posts"}],"about":[{"href":"https:\/\/www.cronicasliterarias.es\/index.php?rest_route=\/wp\/v2\/types\/post"}],"author":[{"embeddable":true,"href":"https:\/\/www.cronicasliterarias.es\/index.php?rest_route=\/wp\/v2\/users\/4"}],"replies":[{"embeddable":true,"href":"https:\/\/www.cronicasliterarias.es\/index.php?rest_route=%2Fwp%2Fv2%2Fcomments&post=16379"}],"version-history":[{"count":3,"href":"https:\/\/www.cronicasliterarias.es\/index.php?rest_route=\/wp\/v2\/posts\/16379\/revisions"}],"predecessor-version":[{"id":16384,"href":"https:\/\/www.cronicasliterarias.es\/index.php?rest_route=\/wp\/v2\/posts\/16379\/revisions\/16384"}],"wp:attachment":[{"href":"https:\/\/www.cronicasliterarias.es\/index.php?rest_route=%2Fwp%2Fv2%2Fmedia&parent=16379"}],"wp:term":[{"taxonomy":"category","embeddable":true,"href":"https:\/\/www.cronicasliterarias.es\/index.php?rest_route=%2Fwp%2Fv2%2Fcategories&post=16379"},{"taxonomy":"post_tag","embeddable":true,"href":"https:\/\/www.cronicasliterarias.es\/index.php?rest_route=%2Fwp%2Fv2%2Ftags&post=16379"}],"curies":[{"name":"wp","href":"https:\/\/api.w.org\/{rel}","templated":true}]}}