{"id":16385,"date":"2024-05-27T00:05:00","date_gmt":"2024-05-27T00:05:00","guid":{"rendered":"https:\/\/www.cronicasliterarias.es\/?p=16385"},"modified":"2024-05-27T19:47:04","modified_gmt":"2024-05-27T19:47:04","slug":"resena-agujeros-espeluznantes-donde-nace-el-terror-de-junji-ito","status":"publish","type":"post","link":"https:\/\/www.cronicasliterarias.es\/?p=16385","title":{"rendered":"Rese\u00f1a: Agujeros Espeluznantes. Donde Nace el Terror, de Junji Ito"},"content":{"rendered":"<p align=\"JUSTIFY\"><img loading=\"lazy\" decoding=\"async\" class=\"alignleft  wp-image-16386\" src=\"https:\/\/www.cronicasliterarias.es\/wp-content\/uploads\/2024\/05\/agujeros_espeluznantes.jpg\" alt=\"\" width=\"212\" height=\"299\" srcset=\"https:\/\/www.cronicasliterarias.es\/wp-content\/uploads\/2024\/05\/agujeros_espeluznantes.jpg 480w, https:\/\/www.cronicasliterarias.es\/wp-content\/uploads\/2024\/05\/agujeros_espeluznantes-212x300.jpg 212w\" sizes=\"auto, (max-width: 212px) 100vw, 212px\" \/>Uno de los libros autobiogr\u00e1ficos que m\u00e1s ganas ten\u00eda de leer era <em>Bukimi no ana<\/em>, el tomo donde el maestro del Terror, Junji Ito, narra su vida y c\u00f3mo en \u00e9l nacen las ideas de horror que propone en formato manga.<\/p>\n<p align=\"JUSTIFY\">Como escritor, al menos a m\u00ed, me encanta ver, leer y saber c\u00f3mo a otros les llegan las ideas. Y eso es concretamente <em>Agujeros Espeluznantes<\/em> que reci\u00e9n edita ECC Ediciones en nuestro pa\u00eds. La vida e influencias, desde los primeros contactos con el miedo a trav\u00e9s de las experiencias y lecturas de su m\u00e1s tierna infancia, pasando por sus a\u00f1os escolares y su introducci\u00f3n en el mundo adulto como t\u00e9cnico dental, hasta que por fin pudo dejarlo todo para dedicarse exclusivamente al manga como profesi\u00f3n.<\/p>\n<p align=\"JUSTIFY\">Cuando conoces la obra de Junji Ito y amas el g\u00e9nero de Terror, quedas impresionado con sus pinceladas. Y te das cuenta como es una persona, en realidad, miedosa que expone sus miedos de forma brillante. Las locuras m\u00e1s inusitadas aparecen como monstruos en sus historias. Y sus mujeres protagonistas siempre son hermosas con caras de v\u00edctimas, que saben que lo peor se le vendr\u00e1 encima en breve. Muy de pelis de Terror de los 80. Pero tambi\u00e9n son maravillosos los fondos de ambientaci\u00f3n e ideales para las tramas. Es alguien muy cuidadoso&#8230; como solo lo puede ser alguien que estudi\u00f3 para dentista. Por eso ha sido muy interesante aprender sobre su pasado y c\u00f3mo se convirti\u00f3 en un artista de manga de terror, as\u00ed como sus pensamientos sobre lo que hace y c\u00f3mo lo hace.<\/p>\n<p align=\"JUSTIFY\">\u00bfCu\u00e1l es la fuente de la exquisita armon\u00eda que crea una sensaci\u00f3n un tanto hastiada al a\u00f1adir una nota menor a un acorde mayor? Se dice que durante su infancia ley\u00f3 muchos mangas de terror de Kazuo Umezu y Hideshi Hino. \u00bfNo es \u00e9sta la educaci\u00f3n perfecta para superdotados? Despu\u00e9s de todo, las experiencias y la acumulaci\u00f3n de la infancia son importantes. \u00bfQu\u00e9 he acumulado? \u00bfQu\u00e9 me encantaba? Me gustar\u00eda mirar un poco atr\u00e1s. No, es s\u00f3lo un juego&#8230; Entonces, \u00bfc\u00f3mo crear un mundo \u00fanico?<\/p>\n<p align=\"JUSTIFY\"><em>Agujeros Espeluznantes<\/em> habla sobre un artista, sobre su educaci\u00f3n, en qu\u00e9 pensaba y qu\u00e9 le influy\u00f3, adem\u00e1s de aportar algunas notas creativas. Al igual que me ocurri\u00f3 con <em>Mientras Escribo<\/em>, el libro donde Stephen King cuenta su infancia, de d\u00f3nde nacieron las ideas para sus libros&#8230; es decir, lo mismo que en este caso; leer <em>Agujeros Espeluznantes<\/em> ha sido toda una aventura. Un tomo realmente interesante para quien ame escribir y saber de otros, de maestros, que pasan o pasaron por lo mismo. Que no eres el \u00fanico loco o loca en el mundo que ve cualquier detalle y le viene a la mente una idea para convertirla en historia. La mitad del tomo es autobiogr\u00e1fica, la otra mitad restante explica c\u00f3mo generar historias, ideas y c\u00f3mo crear personajes.<\/p>\n<p align=\"JUSTIFY\">Creo que lo necesitas.<\/p>\n","protected":false},"excerpt":{"rendered":"<p>Uno de los libros autobiogr\u00e1ficos que m\u00e1s ganas ten\u00eda de leer era Bukimi no ana, el tomo donde el maestro del Terror, Junji Ito, narra su vida y c\u00f3mo en \u00e9l nacen las ideas de horror que propone en formato manga. Como escritor, al menos a m\u00ed, me encanta ver, leer y saber c\u00f3mo a [&hellip;]<\/p>\n","protected":false},"author":4,"featured_media":0,"comment_status":"closed","ping_status":"closed","sticky":false,"template":"","format":"standard","meta":{"footnotes":""},"categories":[279,29,124,6,8],"tags":[252,92,11,10,425],"class_list":["post-16385","post","type-post","status-publish","format-standard","hentry","category-biografia","category-ecc-ediciones","category-manga","category-resenas","category-terror","tag-biblioteca-junji-ito","tag-ecc-ediciones-manga","tag-j-j-castillo","tag-resenas","tag-terror2024"],"_links":{"self":[{"href":"https:\/\/www.cronicasliterarias.es\/index.php?rest_route=\/wp\/v2\/posts\/16385","targetHints":{"allow":["GET"]}}],"collection":[{"href":"https:\/\/www.cronicasliterarias.es\/index.php?rest_route=\/wp\/v2\/posts"}],"about":[{"href":"https:\/\/www.cronicasliterarias.es\/index.php?rest_route=\/wp\/v2\/types\/post"}],"author":[{"embeddable":true,"href":"https:\/\/www.cronicasliterarias.es\/index.php?rest_route=\/wp\/v2\/users\/4"}],"replies":[{"embeddable":true,"href":"https:\/\/www.cronicasliterarias.es\/index.php?rest_route=%2Fwp%2Fv2%2Fcomments&post=16385"}],"version-history":[{"count":3,"href":"https:\/\/www.cronicasliterarias.es\/index.php?rest_route=\/wp\/v2\/posts\/16385\/revisions"}],"predecessor-version":[{"id":16389,"href":"https:\/\/www.cronicasliterarias.es\/index.php?rest_route=\/wp\/v2\/posts\/16385\/revisions\/16389"}],"wp:attachment":[{"href":"https:\/\/www.cronicasliterarias.es\/index.php?rest_route=%2Fwp%2Fv2%2Fmedia&parent=16385"}],"wp:term":[{"taxonomy":"category","embeddable":true,"href":"https:\/\/www.cronicasliterarias.es\/index.php?rest_route=%2Fwp%2Fv2%2Fcategories&post=16385"},{"taxonomy":"post_tag","embeddable":true,"href":"https:\/\/www.cronicasliterarias.es\/index.php?rest_route=%2Fwp%2Fv2%2Ftags&post=16385"}],"curies":[{"name":"wp","href":"https:\/\/api.w.org\/{rel}","templated":true}]}}