{"id":16558,"date":"2024-06-23T00:05:00","date_gmt":"2024-06-23T00:05:00","guid":{"rendered":"https:\/\/www.cronicasliterarias.es\/?p=16558"},"modified":"2024-06-23T08:25:18","modified_gmt":"2024-06-23T08:25:18","slug":"resena-el-dios-salvaje-de-fabien-vehlman-y-roger","status":"publish","type":"post","link":"https:\/\/www.cronicasliterarias.es\/?p=16558","title":{"rendered":"Rese\u00f1a: El Dios Salvaje, de Fabien Vehlman y Roger"},"content":{"rendered":"<p align=\"JUSTIFY\"><img loading=\"lazy\" decoding=\"async\" class=\"alignright  wp-image-16560\" src=\"https:\/\/www.cronicasliterarias.es\/wp-content\/uploads\/2024\/06\/eldiossalvaje-224x300.jpg\" alt=\"\" width=\"244\" height=\"327\" srcset=\"https:\/\/www.cronicasliterarias.es\/wp-content\/uploads\/2024\/06\/eldiossalvaje-224x300.jpg 224w, https:\/\/www.cronicasliterarias.es\/wp-content\/uploads\/2024\/06\/eldiossalvaje.jpg 636w\" sizes=\"auto, (max-width: 244px) 100vw, 244px\" \/><em>Le Dieu Fauve<\/em> fue publicado en marzo de 2024 por Dargaud al otro lado de los Pirineos. Tan s\u00f3lo dos meses despu\u00e9s, Norma Editorial lo puso en nuestras librer\u00edas. Este trabajo supone otro lanzamiento en nuestro pa\u00eds del prol\u00edfico guionista Fabien Vehlman (<em>Seuls, Green Manor, El \u00daltimo Atlas <a href=\"https:\/\/www.cronicasliterarias.es\/?p=9407\">https:\/\/www.cronicasliterarias.es\/?p=9407<\/a><\/em>). Un autor que ha llegado a nuestro pa\u00eds a trav\u00e9s de diversas editoriales pero un autor de c\u00f3mic europeo al que hay que seguir. Para <em>El Dios Salvaje<\/em>, Vehlman se junt\u00f3 con el talentoso dibujante espa\u00f1ol Roger. Juntos, nos ofrecen una historia cautivadora y visualmente impactante, adem\u00e1s de una inmersi\u00f3n en una narrativa muy particular. Porque este c\u00f3mic nos traslada a la era imaginaria del Diluvio: una edad pasada y evocada unicamente en los textos antiguos y religiosos de la humanidad.<\/p>\n<p align=\"JUSTIFY\">Comenzamos siguiendo a Sin Voz, un joven mono hu\u00e9rfano, decidido a demostrar su val\u00eda a su clan cazando al temible \u00abBoca Larga\u00bb, un viejo y feroz caim\u00e1n. Pero mientras Sin Voz logra encontrar su lugar dentro del clan, presencia, completamente impotente, la masacre de su familia por parte de los guerreros de este imperio a punto de caer. Es capturado y entrenado para convertirse en un formidable guerrero <img loading=\"lazy\" decoding=\"async\" class=\"alignleft  wp-image-16561\" src=\"https:\/\/www.cronicasliterarias.es\/wp-content\/uploads\/2024\/06\/eldiossalvaje03-300x164.jpg\" alt=\"\" width=\"212\" height=\"116\" srcset=\"https:\/\/www.cronicasliterarias.es\/wp-content\/uploads\/2024\/06\/eldiossalvaje03-300x164.jpg 300w, https:\/\/www.cronicasliterarias.es\/wp-content\/uploads\/2024\/06\/eldiossalvaje03-768x420.jpg 768w, https:\/\/www.cronicasliterarias.es\/wp-content\/uploads\/2024\/06\/eldiossalvaje03.jpg 905w\" sizes=\"auto, (max-width: 212px) 100vw, 212px\" \/>sagrado, un \u201cdios-cervatillo\u201d, un dios salvaje. Pero Sin Voz parece desarrollar uno de los primeros instintos humanos, uno de los m\u00e1s feroces que sigue teniendo a d\u00eda de hoy como es la venganza&#8230;<\/p>\n<p align=\"JUSTIFY\">Lo fascinante de la narraci\u00f3n de <em>El Dios Salvaje<\/em> es que la historia est\u00e1 dividida en cap\u00edtulos y est\u00e1 dise\u00f1ada como una historia coral. Cada cap\u00edtulo se centra en un personaje diferente. La historia comienza siguiendo al mono sin voz, cuyo cap\u00edtulo termina tr\u00e1gicamente con la masacre de su clan. A partir de ah\u00ed, seguimos a protagonistas humanos, lo que hace que esta narrativa sea apasionante es su construcci\u00f3n no lineal. Los personajes secundarios de un cap\u00edtulo se convierten en los protagonistas de otro, ofreciendo diferentes perspectivas sobre una misma historia. Eso me encant\u00f3 como me encanta cualquier serie de TV que hace concretamente esto. Cada cap\u00edtulo arroja nueva luz y mejora nuestra comprensi\u00f3n de la trama y los personajes, por lo que tenemos un verdadero juego de rompecabezas en el que las piezas encajan gradualmente para formar una imagen compleja y cautivadora&#8230; al final.<\/p>\n<p align=\"JUSTIFY\"><img loading=\"lazy\" decoding=\"async\" class=\"alignright  wp-image-16563\" src=\"https:\/\/www.cronicasliterarias.es\/wp-content\/uploads\/2024\/06\/eldiossalvaje02-300x172.jpg\" alt=\"\" width=\"220\" height=\"126\" srcset=\"https:\/\/www.cronicasliterarias.es\/wp-content\/uploads\/2024\/06\/eldiossalvaje02-300x172.jpg 300w, https:\/\/www.cronicasliterarias.es\/wp-content\/uploads\/2024\/06\/eldiossalvaje02-768x440.jpg 768w, https:\/\/www.cronicasliterarias.es\/wp-content\/uploads\/2024\/06\/eldiossalvaje02.jpg 906w\" sizes=\"auto, (max-width: 220px) 100vw, 220px\" \/>El estilo semirrealista de Roger se inspira en los duros gr\u00e1ficos propios de ciertos c\u00f3mics americanos. Los rasgos son claros, los personajes (especialmente Sin Voz, al inicio de la historia), est\u00e1n representados con sorprendente expresividad, enfatizando as\u00ed la intensidad de las emociones que atraviesan. Unos colores apagados y oscuros, refuerzan la atm\u00f3sfera opresiva y tr\u00e1gica que impregna toda la obra. Esta elecci\u00f3n crom\u00e1tica crea un sorprendente paralelismo con la dureza de las situaciones vividas por los protagonistas, reforzando as\u00ed el impacto emocional en el lector. Traslada de todas-todas a esa \u00e9poca pasada.<\/p>\n<p align=\"JUSTIFY\">Por \u00faltimo, a\u00f1adir que <em>El Dios Salvaje<\/em> delata ciertas obsesiones que encontramos, en menor medida, en otras obras de Fabien Vehlman. La dureza del mundo en el que vivimos y las relaciones y enfrentamientos de sus seres vivos. Pero tambi\u00e9n la insignificancia del poder por el hecho de que un simple evento puede cambiarlo todo en un instante. Un poco <em>Juego de Tronos<\/em> en el sentido de que nadie est\u00e1 realmente a salvo de nada.<\/p>\n<p style=\"text-align: center;\" align=\"JUSTIFY\"><img loading=\"lazy\" decoding=\"async\" class=\"aligncenter  wp-image-16562\" src=\"https:\/\/www.cronicasliterarias.es\/wp-content\/uploads\/2024\/06\/eldiossalvaje05.jpg\" alt=\"\" width=\"475\" height=\"122\" srcset=\"https:\/\/www.cronicasliterarias.es\/wp-content\/uploads\/2024\/06\/eldiossalvaje05.jpg 795w, https:\/\/www.cronicasliterarias.es\/wp-content\/uploads\/2024\/06\/eldiossalvaje05-300x77.jpg 300w, https:\/\/www.cronicasliterarias.es\/wp-content\/uploads\/2024\/06\/eldiossalvaje05-768x197.jpg 768w\" sizes=\"auto, (max-width: 475px) 100vw, 475px\" \/><\/p>\n<p align=\"JUSTIFY\">Pura poes\u00eda.<\/p>\n","protected":false},"excerpt":{"rendered":"<p>Le Dieu Fauve fue publicado en marzo de 2024 por Dargaud al otro lado de los Pirineos. Tan s\u00f3lo dos meses despu\u00e9s, Norma Editorial lo puso en nuestras librer\u00edas. Este trabajo supone otro lanzamiento en nuestro pa\u00eds del prol\u00edfico guionista Fabien Vehlman (Seuls, Green Manor, El \u00daltimo Atlas https:\/\/www.cronicasliterarias.es\/?p=9407). Un autor que ha llegado a [&hellip;]<\/p>\n","protected":false},"author":4,"featured_media":0,"comment_status":"closed","ping_status":"closed","sticky":false,"template":"","format":"standard","meta":{"footnotes":""},"categories":[53,44,30,6],"tags":[421,11,22,10],"class_list":["post-16558","post","type-post","status-publish","format-standard","hentry","category-bd","category-comic-europeo","category-norma-editorial","category-resenas","tag-comic-europeo-2024","tag-j-j-castillo","tag-norma-editorial","tag-resenas"],"_links":{"self":[{"href":"https:\/\/www.cronicasliterarias.es\/index.php?rest_route=\/wp\/v2\/posts\/16558","targetHints":{"allow":["GET"]}}],"collection":[{"href":"https:\/\/www.cronicasliterarias.es\/index.php?rest_route=\/wp\/v2\/posts"}],"about":[{"href":"https:\/\/www.cronicasliterarias.es\/index.php?rest_route=\/wp\/v2\/types\/post"}],"author":[{"embeddable":true,"href":"https:\/\/www.cronicasliterarias.es\/index.php?rest_route=\/wp\/v2\/users\/4"}],"replies":[{"embeddable":true,"href":"https:\/\/www.cronicasliterarias.es\/index.php?rest_route=%2Fwp%2Fv2%2Fcomments&post=16558"}],"version-history":[{"count":5,"href":"https:\/\/www.cronicasliterarias.es\/index.php?rest_route=\/wp\/v2\/posts\/16558\/revisions"}],"predecessor-version":[{"id":16567,"href":"https:\/\/www.cronicasliterarias.es\/index.php?rest_route=\/wp\/v2\/posts\/16558\/revisions\/16567"}],"wp:attachment":[{"href":"https:\/\/www.cronicasliterarias.es\/index.php?rest_route=%2Fwp%2Fv2%2Fmedia&parent=16558"}],"wp:term":[{"taxonomy":"category","embeddable":true,"href":"https:\/\/www.cronicasliterarias.es\/index.php?rest_route=%2Fwp%2Fv2%2Fcategories&post=16558"},{"taxonomy":"post_tag","embeddable":true,"href":"https:\/\/www.cronicasliterarias.es\/index.php?rest_route=%2Fwp%2Fv2%2Ftags&post=16558"}],"curies":[{"name":"wp","href":"https:\/\/api.w.org\/{rel}","templated":true}]}}