{"id":16595,"date":"2024-06-27T00:05:00","date_gmt":"2024-06-27T00:05:00","guid":{"rendered":"https:\/\/www.cronicasliterarias.es\/?p=16595"},"modified":"2024-06-27T08:20:07","modified_gmt":"2024-06-27T08:20:07","slug":"resena-tenemos-demonios-de-scott-snyder-y-greg-capullo","status":"publish","type":"post","link":"https:\/\/www.cronicasliterarias.es\/?p=16595","title":{"rendered":"Rese\u00f1a: Tenemos Demonios, de Scott Snyder y Greg Capullo"},"content":{"rendered":"<p align=\"JUSTIFY\"><img loading=\"lazy\" decoding=\"async\" class=\"alignleft  wp-image-16597\" src=\"https:\/\/www.cronicasliterarias.es\/wp-content\/uploads\/2024\/06\/tenemosdemonios-197x300.jpg\" alt=\"\" width=\"201\" height=\"306\" srcset=\"https:\/\/www.cronicasliterarias.es\/wp-content\/uploads\/2024\/06\/tenemosdemonios-197x300.jpg 197w, https:\/\/www.cronicasliterarias.es\/wp-content\/uploads\/2024\/06\/tenemosdemonios-673x1024.jpg 673w, https:\/\/www.cronicasliterarias.es\/wp-content\/uploads\/2024\/06\/tenemosdemonios-768x1169.jpg 768w, https:\/\/www.cronicasliterarias.es\/wp-content\/uploads\/2024\/06\/tenemosdemonios.jpg 793w\" sizes=\"auto, (max-width: 201px) 100vw, 201px\" \/><em>Tenemos Demonios<\/em> engancha por el alcance, la premisa y el mundo que se crea en esta serie donde vuelven a juntarse los maestros Scott Snyder y Greg Capullo, esta vez para llevarnos a mundo de acci\u00f3n mezclado con horror. Aunque m\u00e1s de lo primero que otra cosa. Porque Lam tiene una historia que contar y no es bonita. De hecho, se trata de la ca\u00edda de la humanidad y de c\u00f3mo ella desempe\u00f1ar\u00e1 un papel fundamental en ella. Una historia que comienza con su relaci\u00f3n con su padre y una tr\u00e1gica decisi\u00f3n que le salva la vida pero le deja un brazo inutilizado. Y entonces revela que a pesar de lo cercana que fue a su padre, el hombre ten\u00eda secretos. Secretos que nunca afront\u00f3 hasta que fue demasiado tarde&#8230;<\/p>\n<p align=\"JUSTIFY\"><em>Tenemos Demonios<\/em> es un c\u00f3mic que como os dec\u00eda, con su misterio, acci\u00f3n, incluso humor, engancha. La historia es entretenida, din\u00e1mica y las ilustraciones de Capullo son espectaculares. El arte de Greg es fant\u00e1stico y realiza p\u00e1ginas bellamente detalladas capturando perfectamente momentos de humor y humanidad, as\u00ed como espect\u00e1culo, horror y acci\u00f3n. Tenemos por tanto un tomito que publica Norma Editorial, un volumen que se lee r\u00e1pido y es ideal para pasar un buen rato de piscina, playa o donde se tercie.<\/p>\n<p style=\"text-align: center;\" align=\"JUSTIFY\"><img loading=\"lazy\" decoding=\"async\" class=\"aligncenter  wp-image-16598\" src=\"https:\/\/www.cronicasliterarias.es\/wp-content\/uploads\/2024\/06\/tenemosdemonios01.jpg\" alt=\"\" width=\"368\" height=\"125\" srcset=\"https:\/\/www.cronicasliterarias.es\/wp-content\/uploads\/2024\/06\/tenemosdemonios01.jpg 621w, https:\/\/www.cronicasliterarias.es\/wp-content\/uploads\/2024\/06\/tenemosdemonios01-300x102.jpg 300w\" sizes=\"auto, (max-width: 368px) 100vw, 368px\" \/><\/p>\n<p align=\"JUSTIFY\">Gus y las otras Glorias intentan ense\u00f1arle a Lam c\u00f3mo hacer que su espada brille, pero a ella le resulta dif\u00edcil. Ella todav\u00eda acepta ir a la misi\u00f3n con ellos, ya que su padre hab\u00eda predicho que un meteoro de Halo estaba a punto de caer. Gus explica su origen al lector a trav\u00e9s de un flashback, y luego se dirige a Noruega para llegar al lugar donde Cash predijo que caer\u00eda el meteorito. Son interceptados por demonios y tienen una feroz batalla&#8230;<\/p>\n<p align=\"JUSTIFY\">Los flashbacks no son algo f\u00e1cil y Snyder hace un trabajo maravilloso una vez m\u00e1s. Esta historia juega mucho con el concepto de fe y esa ser\u00e1 una de las partes m\u00e1s <img loading=\"lazy\" decoding=\"async\" class=\"alignright  wp-image-16599\" src=\"https:\/\/www.cronicasliterarias.es\/wp-content\/uploads\/2024\/06\/tenemosdemonios02-300x236.jpg\" alt=\"\" width=\"157\" height=\"123\" srcset=\"https:\/\/www.cronicasliterarias.es\/wp-content\/uploads\/2024\/06\/tenemosdemonios02-300x236.jpg 300w, https:\/\/www.cronicasliterarias.es\/wp-content\/uploads\/2024\/06\/tenemosdemonios02-1024x807.jpg 1024w, https:\/\/www.cronicasliterarias.es\/wp-content\/uploads\/2024\/06\/tenemosdemonios02-768x605.jpg 768w, https:\/\/www.cronicasliterarias.es\/wp-content\/uploads\/2024\/06\/tenemosdemonios02.jpg 1182w\" sizes=\"auto, (max-width: 157px) 100vw, 157px\" \/>interesantes. S\u00f3lo aquellos con fe en algo pueden hacer que sus armas se iluminen. Tenemos un emocionante viaje perfectamente construido. <em>Tenemos Demonios<\/em> goza de una historia s\u00f3lida, pese a todo, y atrapa de inmediato con una excelente narraci\u00f3n descriptiva, un misterio convincente y personajes interesantes y din\u00e1micos. Lam es una gran narradora y Snyder hace un gran trabajo al convertirla en un personaje atractivo del que querr\u00e1s leer m\u00e1s. Es divertida en su car\u00e1cter impert\u00e9rrito y a la vez bulliciosa. Y s\u00ed, definitivamente hay elementos que recuerdan en el buen sentido a la serie de pel\u00edculas <em>Evil Dead (Posesi\u00f3n Infernal)<\/em> y dir\u00eda que incluso m\u00e1s a la serie de TV que se realiz\u00f3 en 2015, con la que me re\u00ed taco como fue <em>Ash vs Evil Dead<\/em>.<\/p>\n<p align=\"JUSTIFY\"><img loading=\"lazy\" decoding=\"async\" class=\"alignleft  wp-image-16600\" src=\"https:\/\/www.cronicasliterarias.es\/wp-content\/uploads\/2024\/06\/tenemosdemonios03-300x142.jpg\" alt=\"\" width=\"199\" height=\"94\" srcset=\"https:\/\/www.cronicasliterarias.es\/wp-content\/uploads\/2024\/06\/tenemosdemonios03-300x142.jpg 300w, https:\/\/www.cronicasliterarias.es\/wp-content\/uploads\/2024\/06\/tenemosdemonios03-1024x485.jpg 1024w, https:\/\/www.cronicasliterarias.es\/wp-content\/uploads\/2024\/06\/tenemosdemonios03-768x364.jpg 768w, https:\/\/www.cronicasliterarias.es\/wp-content\/uploads\/2024\/06\/tenemosdemonios03.jpg 1159w\" sizes=\"auto, (max-width: 199px) 100vw, 199px\" \/>El dueto creador de <em>Batman: El Tribunal de los B\u00faho<\/em>s, vuelven a colaborar en una historia de fantas\u00eda, humor, terror y violencia que nadie deber\u00eda perderse.<\/p>\n","protected":false},"excerpt":{"rendered":"<p>Tenemos Demonios engancha por el alcance, la premisa y el mundo que se crea en esta serie donde vuelven a juntarse los maestros Scott Snyder y Greg Capullo, esta vez para llevarnos a mundo de acci\u00f3n mezclado con horror. Aunque m\u00e1s de lo primero que otra cosa. Porque Lam tiene una historia que contar y [&hellip;]<\/p>\n","protected":false},"author":4,"featured_media":0,"comment_status":"closed","ping_status":"closed","sticky":false,"template":"","format":"standard","meta":{"footnotes":""},"categories":[49,30,6,8],"tags":[11,165,10],"class_list":["post-16595","post","type-post","status-publish","format-standard","hentry","category-comics","category-norma-editorial","category-resenas","category-terror","tag-j-j-castillo","tag-norma-editorial-usa","tag-resenas"],"_links":{"self":[{"href":"https:\/\/www.cronicasliterarias.es\/index.php?rest_route=\/wp\/v2\/posts\/16595","targetHints":{"allow":["GET"]}}],"collection":[{"href":"https:\/\/www.cronicasliterarias.es\/index.php?rest_route=\/wp\/v2\/posts"}],"about":[{"href":"https:\/\/www.cronicasliterarias.es\/index.php?rest_route=\/wp\/v2\/types\/post"}],"author":[{"embeddable":true,"href":"https:\/\/www.cronicasliterarias.es\/index.php?rest_route=\/wp\/v2\/users\/4"}],"replies":[{"embeddable":true,"href":"https:\/\/www.cronicasliterarias.es\/index.php?rest_route=%2Fwp%2Fv2%2Fcomments&post=16595"}],"version-history":[{"count":3,"href":"https:\/\/www.cronicasliterarias.es\/index.php?rest_route=\/wp\/v2\/posts\/16595\/revisions"}],"predecessor-version":[{"id":16603,"href":"https:\/\/www.cronicasliterarias.es\/index.php?rest_route=\/wp\/v2\/posts\/16595\/revisions\/16603"}],"wp:attachment":[{"href":"https:\/\/www.cronicasliterarias.es\/index.php?rest_route=%2Fwp%2Fv2%2Fmedia&parent=16595"}],"wp:term":[{"taxonomy":"category","embeddable":true,"href":"https:\/\/www.cronicasliterarias.es\/index.php?rest_route=%2Fwp%2Fv2%2Fcategories&post=16595"},{"taxonomy":"post_tag","embeddable":true,"href":"https:\/\/www.cronicasliterarias.es\/index.php?rest_route=%2Fwp%2Fv2%2Ftags&post=16595"}],"curies":[{"name":"wp","href":"https:\/\/api.w.org\/{rel}","templated":true}]}}